{"id":23345,"date":"2024-06-25T09:51:12","date_gmt":"2024-06-25T12:51:12","guid":{"rendered":"https:\/\/imais.online\/portal\/?p=23345"},"modified":"2024-06-25T09:51:13","modified_gmt":"2024-06-25T12:51:13","slug":"anvisa-proibe-venda-e-uso-de-produtos-a-base-de-fenol-em-procedimentos-de-saude","status":"publish","type":"post","link":"https:\/\/imais.online\/portal\/anvisa-proibe-venda-e-uso-de-produtos-a-base-de-fenol-em-procedimentos-de-saude\/","title":{"rendered":"Anvisa pro\u00edbe venda e uso de produtos \u00e0 base de fenol em procedimentos de sa\u00fade"},"content":{"rendered":"<div class=\"imais-before-content-placement\" id=\"imais-1026283804\"><script async src=\"\/\/pagead2.googlesyndication.com\/pagead\/js\/adsbygoogle.js?client=ca-pub-8787528412751566\" crossorigin=\"anonymous\"><\/script><ins class=\"adsbygoogle\" style=\"display:block;\" data-ad-client=\"ca-pub-8787528412751566\" \ndata-ad-slot=\"\" \ndata-ad-format=\"auto\"><\/ins>\n<script> \n(adsbygoogle = window.adsbygoogle || []).push({}); \n<\/script>\n<\/div>\n<h2 class=\"wp-block-heading\">Medida tamb\u00e9m vale para importa\u00e7\u00e3o, fabrica\u00e7\u00e3o, manipula\u00e7\u00e3o, comercializa\u00e7\u00e3o e propaganda do f\u00e1rmaco<\/h2>\n\n\n\n<p>A\u00a0<strong>Anvisa (Ag\u00eancia Nacional de Vigil\u00e2ncia Sanit\u00e1ria)<\/strong>\u00a0publicou nesta ter\u00e7a-feira (25) uma resolu\u00e7\u00e3o que pro\u00edbe a importa\u00e7\u00e3o, fabrica\u00e7\u00e3o, manipula\u00e7\u00e3o, comercializa\u00e7\u00e3o, propaganda e uso de\u00a0<strong>produtos \u00e0 base de fenol<\/strong>\u00a0em procedimentos de sa\u00fade em geral ou est\u00e9ticos. A medida \u00e9 assinada pelo gerente-geral de inspe\u00e7\u00e3o e fiscaliza\u00e7\u00e3o, Marcus Aur\u00e9lio Miranda de Ara\u00fajo.<\/p>\n\n\n\n<p>O ato foi determinado porque n\u00e3o h\u00e1, at\u00e9 o momento, estudos que comprovem a efic\u00e1cia e a seguran\u00e7a do produto. \u201cA medida cautelar adotada pela Anvisa tem o objetivo de zelar pela sa\u00fade e integridade f\u00edsica da popula\u00e7\u00e3o brasileira, uma vez que, at\u00e9 a presente data, n\u00e3o foram apresentados \u00e0 Ag\u00eancia estudos que comprovem a efic\u00e1cia e seguran\u00e7a do produto fenol para uso em tais procedimentos\u201d, diz a ag\u00eancia, em comunicado.<\/p>\n\n\n\n<p>\u201cA determina\u00e7\u00e3o ficar\u00e1 vigente enquanto s\u00e3o conduzidas as investiga\u00e7\u00f5es sobre os potenciais danos associados ao uso desta subst\u00e2ncia qu\u00edmica, que vem sendo utilizada em diversos procedimentos invasivos\u201d, acrescenta o comunicado da ag\u00eancia.<\/p>\n\n\n\n<p>Recentemente,\u00a0um homem de 27 anos morreu depois de se submeter ao procedimento\u00a0est\u00e9tico peeling de fenol em uma cl\u00ednica de S\u00e3o Paulo. O rapaz era morador de Pirassununga (SP) e foi \u00e0 capital paulista para se tratar no estabelecimento pertencente \u00e0 influenciadora Natalia Becker, que tinha 230 mil seguidores nas redes sociais. O perfil foi apagado ap\u00f3s o epis\u00f3dio.<\/p>\n\n\n\n<p>Fonte R7<\/p>\n","protected":false},"excerpt":{"rendered":"<p>Medida tamb\u00e9m vale para importa\u00e7\u00e3o, fabrica\u00e7\u00e3o, manipula\u00e7\u00e3o, comercializa\u00e7\u00e3o e propaganda do f\u00e1rmaco A\u00a0Anvisa (Ag\u00eancia Nacional de Vigil\u00e2ncia Sanit\u00e1ria)\u00a0publicou nesta ter\u00e7a-feira (25) uma resolu\u00e7\u00e3o que pro\u00edbe a importa\u00e7\u00e3o, fabrica\u00e7\u00e3o, manipula\u00e7\u00e3o, comercializa\u00e7\u00e3o, propaganda e uso de\u00a0produtos \u00e0 base de fenol\u00a0em procedimentos de sa\u00fade em geral ou est\u00e9ticos. A medida \u00e9 assinada pelo gerente-geral de inspe\u00e7\u00e3o e fiscaliza\u00e7\u00e3o, [&hellip;]<\/p>\n","protected":false},"author":8,"featured_media":23346,"comment_status":"closed","ping_status":"open","sticky":false,"template":"","format":"standard","meta":{"rop_custom_images_group":[],"rop_custom_messages_group":[],"rop_publish_now":"initial","rop_publish_now_accounts":[],"rop_publish_now_history":[],"rop_publish_now_status":"pending","footnotes":""},"categories":[205],"tags":[],"class_list":["post-23345","post","type-post","status-publish","format-standard","has-post-thumbnail","hentry","category-saude"],"amp_enabled":true,"_links":{"self":[{"href":"https:\/\/imais.online\/portal\/wp-json\/wp\/v2\/posts\/23345","targetHints":{"allow":["GET"]}}],"collection":[{"href":"https:\/\/imais.online\/portal\/wp-json\/wp\/v2\/posts"}],"about":[{"href":"https:\/\/imais.online\/portal\/wp-json\/wp\/v2\/types\/post"}],"author":[{"embeddable":true,"href":"https:\/\/imais.online\/portal\/wp-json\/wp\/v2\/users\/8"}],"replies":[{"embeddable":true,"href":"https:\/\/imais.online\/portal\/wp-json\/wp\/v2\/comments?post=23345"}],"version-history":[{"count":1,"href":"https:\/\/imais.online\/portal\/wp-json\/wp\/v2\/posts\/23345\/revisions"}],"predecessor-version":[{"id":23347,"href":"https:\/\/imais.online\/portal\/wp-json\/wp\/v2\/posts\/23345\/revisions\/23347"}],"wp:featuredmedia":[{"embeddable":true,"href":"https:\/\/imais.online\/portal\/wp-json\/wp\/v2\/media\/23346"}],"wp:attachment":[{"href":"https:\/\/imais.online\/portal\/wp-json\/wp\/v2\/media?parent=23345"}],"wp:term":[{"taxonomy":"category","embeddable":true,"href":"https:\/\/imais.online\/portal\/wp-json\/wp\/v2\/categories?post=23345"},{"taxonomy":"post_tag","embeddable":true,"href":"https:\/\/imais.online\/portal\/wp-json\/wp\/v2\/tags?post=23345"}],"curies":[{"name":"wp","href":"https:\/\/api.w.org\/{rel}","templated":true}]}}