{"id":23400,"date":"2024-06-28T15:23:41","date_gmt":"2024-06-28T18:23:41","guid":{"rendered":"https:\/\/imais.online\/portal\/?p=23400"},"modified":"2024-06-28T15:23:42","modified_gmt":"2024-06-28T18:23:42","slug":"desempenho-de-biden-em-debate-vira-pesadelo-para-os-democratas","status":"publish","type":"post","link":"https:\/\/imais.online\/portal\/desempenho-de-biden-em-debate-vira-pesadelo-para-os-democratas\/","title":{"rendered":"Desempenho de Biden em debate vira pesadelo para os democratas"},"content":{"rendered":"<div class=\"imais-before-content-placement\" id=\"imais-1830574863\"><script async src=\"\/\/pagead2.googlesyndication.com\/pagead\/js\/adsbygoogle.js?client=ca-pub-8787528412751566\" crossorigin=\"anonymous\"><\/script><ins class=\"adsbygoogle\" style=\"display:block;\" data-ad-client=\"ca-pub-8787528412751566\" \ndata-ad-slot=\"\" \ndata-ad-format=\"auto\"><\/ins>\n<script> \n(adsbygoogle = window.adsbygoogle || []).push({}); \n<\/script>\n<\/div>\n<h2 class=\"wp-block-heading\">Presidente demonstrou fraqueza e n\u00e3o conseguiu deter Trump, que despejou mentiras em tom vigoroso.<\/h2>\n\n\n\n<p>A principal preocupa\u00e7\u00e3o da campanha de\u00a0Joe Biden\u00a0para o\u00a0debate desta quinta-feira (27)\u00a0era manter o presidente focado e com energia suficiente para afastar os temores sobre a idade avan\u00e7ada e a acuidade mental.<\/p>\n\n\n\n<p>O confronto terminou como um pesadelo para os democratas e lan\u00e7ou d\u00favidas, dentro do partido, sobre a capacidade de ele levar adiante a campanha para a reelei\u00e7\u00e3o, a quatro meses do pleito.<\/p>\n\n\n\n<p>O presidente estava rouco e hesitante. Enquanto\u00a0Donald Trump\u00a0despejava mentiras, calmamente e de forma assertiva, a tela dividida mostrava Biden com o queixo ca\u00eddo e a apar\u00eancia congelada, que expressava a derrota e a falta de entusiasmo.<\/p>\n\n\n\n<p>O debate n\u00e3o apresentou propostas, mas insultos, ataques pessoais e infantis \u2014 a ponto de o presidente e o ex-presidente discutirem sobre quem foi o pior presidente da hist\u00f3ria dos EUA ou quem \u00e9 melhor no golfe.<\/p>\n\n\n\n<p>Em um dos raros momentos de rea\u00e7\u00e3o, Biden chamou Trump de criminoso condenado, comparou a moral de seu oponente \u00e0 de um gato de rua e&nbsp;<a class=\"\" href=\"https:\/\/g1.globo.com\/mundo\/eleicoes-nos-eua\/2024\/noticia\/2024\/06\/27\/ataques-pessoais-durante-debate-biden-cita-atriz-porno-e-trump-fala-sobre-filho-do-presidente.ghtml\">acusou-o de ter feito sexo com uma atriz porn\u00f4<\/a>&nbsp;enquanto sua mulher estava gr\u00e1vida. Levou um desconcertado ex-presidente a responder, em hor\u00e1rio nobre: \u201cEu n\u00e3o fiz sexo com uma estrela porn\u00f4.\u201d<\/p>\n\n\n\n<blockquote class=\"wp-block-quote is-layout-flow wp-block-quote-is-layout-flow\">\n<p>Ainda assim, Biden revelou-se incapaz de deter Trump e permitiu que ele martelasse fatos sem evid\u00eancias, incutindo no p\u00fablico a falsa ideia de que deixou a Presid\u00eancia em ordem.<\/p>\n<\/blockquote>\n\n\n\n<p>O ex-presidente dominou, de forma distorcida, boa parte do debate, oscilando entre a valentia e a vitimiza\u00e7\u00e3o, mas num tom mais comedido do que o habitual.<\/p>\n\n\n\n<p>Os argumentos apresentados por Biden eram ofuscados pelas mentiras contundentes proferidas de forma vigorosa por seu advers\u00e1rio. O desempenho p\u00edfio do presidente em 90 minutos espocou os holofotes sobre a sua capacidade de liderar o pa\u00eds num segundo mandato \u2014 realidade que seus colaboradores procuraram evitar e desprezar at\u00e9 agora. Assistir ao seu naufr\u00e1gio angustiou admiradores, que n\u00e3o p\u00f5em em d\u00favida as s\u00e9rias inten\u00e7\u00f5es de Biden \u00e0 frente da Casa Branca.<\/p>\n\n\n\n<p>Amigo do presidente h\u00e1 mais de duas d\u00e9cadas, o colunista Thomas Friedman, do \u201cNew York Times\u201d, contou que sentiu tristeza e chorou ao atestar que Joe Biden, \u201cum bom homem e um bom presidente\u201d, n\u00e3o deve seguir adiante com a candidatura \u00e0 reelei\u00e7\u00e3o.<\/p>\n\n\n\n<blockquote class=\"wp-block-quote is-layout-flow wp-block-quote-is-layout-flow\">\n<p>\u201cSe esse for o melhor desempenho que poderiam conseguir dele, \u00e9 hora de Joe manter a dignidade que merece e deixar o palco no fim deste mandato. Se o fizer, os americanos comuns saudar\u00e3o Joe Biden por fazer o que Donald Trump nunca faria \u2013 colocar o pa\u00eds antes de si mesmo.\u201d<\/p>\n<\/blockquote>\n\n\n\n<p>O debate deixou claro que os democratas t\u00eam um grave problema para administrar antes da conven\u00e7\u00e3o de agosto, se quiserem vencer a elei\u00e7\u00e3o em novembro, proteger o pa\u00eds da amea\u00e7a de ruptura democr\u00e1tica e proteger os valores democr\u00e1ticos t\u00e3o defendidos pelo atual presidente.<\/p>\n\n\n\n<p>Fonte G1<\/p>\n","protected":false},"excerpt":{"rendered":"<p>Presidente demonstrou fraqueza e n\u00e3o conseguiu deter Trump, que despejou mentiras em tom vigoroso. A principal preocupa\u00e7\u00e3o da campanha de\u00a0Joe Biden\u00a0para o\u00a0debate desta quinta-feira (27)\u00a0era manter o presidente focado e com energia suficiente para afastar os temores sobre a idade avan\u00e7ada e a acuidade mental. O confronto terminou como um pesadelo para os democratas e [&hellip;]<\/p>\n","protected":false},"author":8,"featured_media":23401,"comment_status":"closed","ping_status":"open","sticky":false,"template":"","format":"standard","meta":{"rop_custom_images_group":[],"rop_custom_messages_group":[],"rop_publish_now":"initial","rop_publish_now_accounts":[],"rop_publish_now_history":[],"rop_publish_now_status":"pending","footnotes":""},"categories":[212],"tags":[73],"class_list":["post-23400","post","type-post","status-publish","format-standard","has-post-thumbnail","hentry","category-internacional","tag-featured"],"amp_enabled":true,"_links":{"self":[{"href":"https:\/\/imais.online\/portal\/wp-json\/wp\/v2\/posts\/23400","targetHints":{"allow":["GET"]}}],"collection":[{"href":"https:\/\/imais.online\/portal\/wp-json\/wp\/v2\/posts"}],"about":[{"href":"https:\/\/imais.online\/portal\/wp-json\/wp\/v2\/types\/post"}],"author":[{"embeddable":true,"href":"https:\/\/imais.online\/portal\/wp-json\/wp\/v2\/users\/8"}],"replies":[{"embeddable":true,"href":"https:\/\/imais.online\/portal\/wp-json\/wp\/v2\/comments?post=23400"}],"version-history":[{"count":1,"href":"https:\/\/imais.online\/portal\/wp-json\/wp\/v2\/posts\/23400\/revisions"}],"predecessor-version":[{"id":23402,"href":"https:\/\/imais.online\/portal\/wp-json\/wp\/v2\/posts\/23400\/revisions\/23402"}],"wp:featuredmedia":[{"embeddable":true,"href":"https:\/\/imais.online\/portal\/wp-json\/wp\/v2\/media\/23401"}],"wp:attachment":[{"href":"https:\/\/imais.online\/portal\/wp-json\/wp\/v2\/media?parent=23400"}],"wp:term":[{"taxonomy":"category","embeddable":true,"href":"https:\/\/imais.online\/portal\/wp-json\/wp\/v2\/categories?post=23400"},{"taxonomy":"post_tag","embeddable":true,"href":"https:\/\/imais.online\/portal\/wp-json\/wp\/v2\/tags?post=23400"}],"curies":[{"name":"wp","href":"https:\/\/api.w.org\/{rel}","templated":true}]}}