{"id":23407,"date":"2024-07-01T09:32:03","date_gmt":"2024-07-01T12:32:03","guid":{"rendered":"https:\/\/imais.online\/portal\/?p=23407"},"modified":"2024-07-01T09:32:04","modified_gmt":"2024-07-01T12:32:04","slug":"principe-william-toma-decisao-sobre-principe-harry","status":"publish","type":"post","link":"https:\/\/imais.online\/portal\/principe-william-toma-decisao-sobre-principe-harry\/","title":{"rendered":"Pr\u00edncipe William toma decis\u00e3o sobre pr\u00edncipe Harry"},"content":{"rendered":"<div class=\"imais-before-content-placement\" id=\"imais-1587714272\"><script async src=\"\/\/pagead2.googlesyndication.com\/pagead\/js\/adsbygoogle.js?client=ca-pub-8787528412751566\" crossorigin=\"anonymous\"><\/script><ins class=\"adsbygoogle\" style=\"display:block;\" data-ad-client=\"ca-pub-8787528412751566\" \ndata-ad-slot=\"\" \ndata-ad-format=\"auto\"><\/ins>\n<script> \n(adsbygoogle = window.adsbygoogle || []).push({}); \n<\/script>\n<\/div>\n<h2 class=\"wp-block-heading\">O pr\u00edncipe William encantou ao revelar a princesa Kate Middleton e os tr\u00eas filhos.<\/h2>\n\n\n\n<p>O<strong><a rel=\"noreferrer noopener\" href=\"https:\/\/bebemamae.com\/tag\/principe-william\" target=\"_blank\">\u00a0pr\u00edncipe William\u00a0<\/a><\/strong>encantou ao revelar a princesa<strong>\u00a0Kate Middleton<\/strong>\u00a0e os tr\u00eas filhos, pr\u00edncipe George, 10 anos, princesa Charlotte, nove anos, e pr\u00edncipe Louis, seis anos, nos bastidores do \u00faltimo evento p\u00fablico que participaram.<\/p>\n\n\n\n<p>A princesa Kate retornou para a vida p\u00fablica no evento Trooping The Colour que celebra o anivers\u00e1rio do Rei. Este evento ocorreu duas semanas atr\u00e1s. O&nbsp;<strong><a href=\"https:\/\/bebemamae.com\/tag\/principe-william\" target=\"_blank\" rel=\"noreferrer noopener\">pr\u00edncipe William&nbsp;<\/a><\/strong>e a princesa Kate encantaram ao mostrarem Kate com os tr\u00eas filhos nos bastidores do evento, enquanto estavam esperando a carruagem. Kate apareceu ajeitando os cabelos de Charlotte enquanto aguardavam a carruagem.<\/p>\n\n\n\n<p>Muitos internautas elogiaram a princesa Kate Middleton e seus filhos neste retorno para as atividades p\u00fablicas. \u201cBem-vinda de volta princesa! Voc\u00ea est\u00e1 t\u00e3o linda\u201d, comentou uma internauta. E outra internauta afirmou: \u201cPrincesa Kate, voc\u00ea \u00e9 uma mulher maravilhosa! Uma mulher que demonstra coragem, gra\u00e7a e humildade em tudo o que faz. N\u00f3s estamos rezando pela sua recupera\u00e7\u00e3o. Fique distante o tempo que precisar, n\u00f3s estaremos esperando por voc\u00ea\u201d.<\/p>\n\n\n\n<p>Kate havia se afastado da vida p\u00fablica ap\u00f3s o seu diagn\u00f3stico de c4ncer. Ela se afastou para realizar quimioterapia. A princesa inclusive explicou que ainda est\u00e1 fazendo o tratamento, mas j\u00e1 se sente melhor. \u201cMeu tratamento ainda est\u00e1 continuando e vai levar mais alguns meses. Nos dias em que eu me sinto bem o suficiente, \u00e9 uma grande alegria poder participar da vida escolar dos meus filhos, passar um tempo de qualidade fazendo as coisas que me d\u00e3o energia e at\u00e9 trabalhar um pouco de casa\u201d, disse a princesa.<\/p>\n\n\n\n<p>Com a situa\u00e7\u00e3o da princesa Kate Middleton j\u00e1 mais controlada, agora veio \u00e0 tona que o<strong><a rel=\"noreferrer noopener\" href=\"https:\/\/bebemamae.com\/tag\/principe-william\" target=\"_blank\">\u00a0pr\u00edncipe William<\/a><\/strong>\u00a0teria tomado uma decis\u00e3o em rela\u00e7\u00e3o a seu irm\u00e3o,\u00a0<strong>pr\u00edncipe Harry<\/strong>, e a duquesa\u00a0<strong>Meghan Markle<\/strong>. De acordo com o j0rnal espanhol Marca, fontes pr\u00f3ximas a fam\u00edlia real afirmam que William baniu o pr\u00edncipe Harry de retornar para a fam\u00edlia real. \u201cWilliam baniu o Harry de voltar para a fam\u00edlia real de qualquer jeito ou formato\u201d, disse a fonte.<\/p>\n\n\n\n<p>A fonte ainda explicou: \u201cWilliam assumiu agora o papel de disciplinador da fam\u00edlia real, papel que antes era ocupado pelo seu av\u00f4, pr\u00edncipe Philip. E o William tem mostrado que \u00e9 capaz de tomar decis\u00f5es bem r\u00edgidas, assim como seu av\u00f4 fazia\u201d.<\/p>\n\n\n\n<figure class=\"wp-block-image\"><img decoding=\"async\" src=\"https:\/\/bebemamae.com\/wp-content\/webp-express\/webp-images\/uploads\/2024\/06\/principe-william-harry-filhos-kate-middleton.jpg.webp\" alt=\"Pr\u00edncipe William exibiu princesa Kate Middleton com os tr\u00eas filhos\" class=\"wp-image-197996\"\/><figcaption class=\"wp-element-caption\">Pr\u00edncipe William mostrando a princesa Kate Middleton com os filhos<\/figcaption><\/figure>\n\n\n\n<p>Fonte Beb\u00ea e Mam\u00e3e <\/p>\n","protected":false},"excerpt":{"rendered":"<p>O pr\u00edncipe William encantou ao revelar a princesa Kate Middleton e os tr\u00eas filhos. O\u00a0pr\u00edncipe William\u00a0encantou ao revelar a princesa\u00a0Kate Middleton\u00a0e os tr\u00eas filhos, pr\u00edncipe George, 10 anos, princesa Charlotte, nove anos, e pr\u00edncipe Louis, seis anos, nos bastidores do \u00faltimo evento p\u00fablico que participaram. A princesa Kate retornou para a vida p\u00fablica no evento [&hellip;]<\/p>\n","protected":false},"author":8,"featured_media":23408,"comment_status":"closed","ping_status":"open","sticky":false,"template":"","format":"standard","meta":{"rop_custom_images_group":[],"rop_custom_messages_group":[],"rop_publish_now":"initial","rop_publish_now_accounts":[],"rop_publish_now_history":[],"rop_publish_now_status":"pending","footnotes":""},"categories":[212],"tags":[],"class_list":["post-23407","post","type-post","status-publish","format-standard","has-post-thumbnail","hentry","category-internacional"],"amp_enabled":true,"_links":{"self":[{"href":"https:\/\/imais.online\/portal\/wp-json\/wp\/v2\/posts\/23407","targetHints":{"allow":["GET"]}}],"collection":[{"href":"https:\/\/imais.online\/portal\/wp-json\/wp\/v2\/posts"}],"about":[{"href":"https:\/\/imais.online\/portal\/wp-json\/wp\/v2\/types\/post"}],"author":[{"embeddable":true,"href":"https:\/\/imais.online\/portal\/wp-json\/wp\/v2\/users\/8"}],"replies":[{"embeddable":true,"href":"https:\/\/imais.online\/portal\/wp-json\/wp\/v2\/comments?post=23407"}],"version-history":[{"count":1,"href":"https:\/\/imais.online\/portal\/wp-json\/wp\/v2\/posts\/23407\/revisions"}],"predecessor-version":[{"id":23409,"href":"https:\/\/imais.online\/portal\/wp-json\/wp\/v2\/posts\/23407\/revisions\/23409"}],"wp:featuredmedia":[{"embeddable":true,"href":"https:\/\/imais.online\/portal\/wp-json\/wp\/v2\/media\/23408"}],"wp:attachment":[{"href":"https:\/\/imais.online\/portal\/wp-json\/wp\/v2\/media?parent=23407"}],"wp:term":[{"taxonomy":"category","embeddable":true,"href":"https:\/\/imais.online\/portal\/wp-json\/wp\/v2\/categories?post=23407"},{"taxonomy":"post_tag","embeddable":true,"href":"https:\/\/imais.online\/portal\/wp-json\/wp\/v2\/tags?post=23407"}],"curies":[{"name":"wp","href":"https:\/\/api.w.org\/{rel}","templated":true}]}}