{"id":23422,"date":"2024-07-01T10:09:35","date_gmt":"2024-07-01T13:09:35","guid":{"rendered":"https:\/\/imais.online\/portal\/?p=23422"},"modified":"2024-07-01T10:09:36","modified_gmt":"2024-07-01T13:09:36","slug":"julho-sera-o-mes-mais-frio-do-ano-veja-a-previsao-completa","status":"publish","type":"post","link":"https:\/\/imais.online\/portal\/julho-sera-o-mes-mais-frio-do-ano-veja-a-previsao-completa\/","title":{"rendered":"Julho ser\u00e1 o m\u00eas mais frio do ano; veja a previs\u00e3o completa"},"content":{"rendered":"<div class=\"imais-before-content-placement\" id=\"imais-1744665681\"><script async src=\"\/\/pagead2.googlesyndication.com\/pagead\/js\/adsbygoogle.js?client=ca-pub-8787528412751566\" crossorigin=\"anonymous\"><\/script><ins class=\"adsbygoogle\" style=\"display:block;\" data-ad-client=\"ca-pub-8787528412751566\" \ndata-ad-slot=\"\" \ndata-ad-format=\"auto\"><\/ins>\n<script> \n(adsbygoogle = window.adsbygoogle || []).push({}); \n<\/script>\n<\/div>\n<h2 class=\"wp-block-heading\">Clima t\u00edpico do inverno ganha for\u00e7a e temperaturas devem cair em todo pa\u00eds<\/h2>\n\n\n\n<figure class=\"wp-block-image\"><img decoding=\"async\" src=\"https:\/\/s2-globorural.glbimg.com\/3MFQw_FmGTNxBL0TF2apprnHjPo=\/0x0:1200x800\/888x0\/smart\/filters:strip_icc()\/i.s3.glbimg.com\/v1\/AUTH_afe5c125c3bb42f0b5ae633b58923923\/internal_photos\/bs\/2024\/X\/L\/i0adUtT0qlA8kPo2FYdA\/previsao-do-tempo-julho.png\" alt=\"Inverno vai ter temperaturas frias no centro-sul\"\/><\/figure>\n\n\n\n<p class=\"has-small-font-size\">Inverno vai ter temperaturas frias no centro-sul \u2014 Foto: Globo Rural<\/p>\n\n\n\n<p>O&nbsp;<a class=\"\" href=\"https:\/\/globorural.globo.com\/tudo-sobre\/meteorologia\/inverno\/\">inverno<\/a>&nbsp;come\u00e7ou at\u00edpico em grande parte do Brasil, com clima inst\u00e1vel, altas temperaturas e chuvas volumosas concentradas nos extremos do pa\u00eds, como no extremo&nbsp;<a class=\"\" href=\"https:\/\/globorural.globo.com\/tudo-sobre\/norte\/\">norte<\/a>&nbsp;da regi\u00e3o Norte, no leste do&nbsp;<a class=\"\" href=\"https:\/\/globorural.globo.com\/tudo-sobre\/nordeste\/\">Nordeste<\/a>&nbsp;e no Rio Grande do&nbsp;<a class=\"\" href=\"https:\/\/globorural.globo.com\/tudo-sobre\/sul\/\">Sul<\/a>,&nbsp;mas julho ser\u00e1 diferente. O m\u00eas ser\u00e1 o mais frio do ano. Confira a previs\u00e3o completa!<\/p>\n\n\n\n<p>Segundo o MetSul, a frente fria deve chegar depois de uma sequ\u00eancia de temperaturas \u201cmuito acima da m\u00e9dia\u201d, como vem acontecendo em junho. Apesar da chuva aumente em alguns pontos do Brasil, o inverno \u00e9 caracterizado por um&nbsp;<strong>clima mais seco<\/strong>, o que ser\u00e1 observado em grande parte das regi\u00f5es&nbsp;<a class=\"\" href=\"https:\/\/globorural.globo.com\/tudo-sobre\/centro-oeste\/\">Centro-Oeste<\/a>&nbsp;e&nbsp;<a class=\"\" href=\"https:\/\/globorural.globo.com\/tudo-sobre\/sudeste\/\">Sudeste<\/a>, al\u00e9m do sul da Regi\u00e3o Norte, o interior da Regi\u00e3o Nordeste e o oeste da Regi\u00e3o Sul.<\/p>\n\n\n\n<p><\/p>\n\n\n<p><iframe loading=\"lazy\" title=\"Julho ser\u00e1 o m\u00eas mais frio do ano. Confira a previs\u00e3o | Globo Rural\" width=\"740\" height=\"416\" src=\"https:\/\/www.youtube.com\/embed\/jCS1TWtBTsQ?feature=oembed\" frameborder=\"0\" allow=\"accelerometer; autoplay; clipboard-write; encrypted-media; gyroscope; picture-in-picture; web-share\" referrerpolicy=\"strict-origin-when-cross-origin\" allowfullscreen><\/iframe><\/p>\n\n\n<p>Fonte G1<\/p>\n","protected":false},"excerpt":{"rendered":"<p>Clima t\u00edpico do inverno ganha for\u00e7a e temperaturas devem cair em todo pa\u00eds Inverno vai ter temperaturas frias no centro-sul \u2014 Foto: Globo Rural O&nbsp;inverno&nbsp;come\u00e7ou at\u00edpico em grande parte do Brasil, com clima inst\u00e1vel, altas temperaturas e chuvas volumosas concentradas nos extremos do pa\u00eds, como no extremo&nbsp;norte&nbsp;da regi\u00e3o Norte, no leste do&nbsp;Nordeste&nbsp;e no Rio Grande [&hellip;]<\/p>\n","protected":false},"author":8,"featured_media":23423,"comment_status":"closed","ping_status":"open","sticky":false,"template":"","format":"standard","meta":{"rop_custom_images_group":[],"rop_custom_messages_group":[],"rop_publish_now":"initial","rop_publish_now_accounts":[],"rop_publish_now_history":[],"rop_publish_now_status":"pending","footnotes":""},"categories":[189],"tags":[],"class_list":["post-23422","post","type-post","status-publish","format-standard","has-post-thumbnail","hentry","category-brasil"],"amp_enabled":true,"_links":{"self":[{"href":"https:\/\/imais.online\/portal\/wp-json\/wp\/v2\/posts\/23422","targetHints":{"allow":["GET"]}}],"collection":[{"href":"https:\/\/imais.online\/portal\/wp-json\/wp\/v2\/posts"}],"about":[{"href":"https:\/\/imais.online\/portal\/wp-json\/wp\/v2\/types\/post"}],"author":[{"embeddable":true,"href":"https:\/\/imais.online\/portal\/wp-json\/wp\/v2\/users\/8"}],"replies":[{"embeddable":true,"href":"https:\/\/imais.online\/portal\/wp-json\/wp\/v2\/comments?post=23422"}],"version-history":[{"count":1,"href":"https:\/\/imais.online\/portal\/wp-json\/wp\/v2\/posts\/23422\/revisions"}],"predecessor-version":[{"id":23424,"href":"https:\/\/imais.online\/portal\/wp-json\/wp\/v2\/posts\/23422\/revisions\/23424"}],"wp:featuredmedia":[{"embeddable":true,"href":"https:\/\/imais.online\/portal\/wp-json\/wp\/v2\/media\/23423"}],"wp:attachment":[{"href":"https:\/\/imais.online\/portal\/wp-json\/wp\/v2\/media?parent=23422"}],"wp:term":[{"taxonomy":"category","embeddable":true,"href":"https:\/\/imais.online\/portal\/wp-json\/wp\/v2\/categories?post=23422"},{"taxonomy":"post_tag","embeddable":true,"href":"https:\/\/imais.online\/portal\/wp-json\/wp\/v2\/tags?post=23422"}],"curies":[{"name":"wp","href":"https:\/\/api.w.org\/{rel}","templated":true}]}}