{"id":23425,"date":"2024-07-01T10:12:03","date_gmt":"2024-07-01T13:12:03","guid":{"rendered":"https:\/\/imais.online\/portal\/?p=23425"},"modified":"2024-07-01T10:12:04","modified_gmt":"2024-07-01T13:12:04","slug":"macron-perde-forca-dentro-e-fora-da-franca-apos-1o-turno-das-eleicoes-legislativas-antecipadas","status":"publish","type":"post","link":"https:\/\/imais.online\/portal\/macron-perde-forca-dentro-e-fora-da-franca-apos-1o-turno-das-eleicoes-legislativas-antecipadas\/","title":{"rendered":"Macron perde for\u00e7a dentro e fora da Fran\u00e7a ap\u00f3s 1\u00ba turno das elei\u00e7\u00f5es legislativas antecipadas"},"content":{"rendered":"<div class=\"imais-before-content-placement\" id=\"imais-3541351412\"><script async src=\"\/\/pagead2.googlesyndication.com\/pagead\/js\/adsbygoogle.js?client=ca-pub-8787528412751566\" crossorigin=\"anonymous\"><\/script><ins class=\"adsbygoogle\" style=\"display:block;\" data-ad-client=\"ca-pub-8787528412751566\" \ndata-ad-slot=\"\" \ndata-ad-format=\"auto\"><\/ins>\n<script> \n(adsbygoogle = window.adsbygoogle || []).push({}); \n<\/script>\n<\/div>\n<h2 class=\"wp-block-heading\">Partido de direita comandado por Marine Le Pen deve garantir um ter\u00e7o dos assentos na Assembleia Nacional<\/h2>\n\n\n\n<p>O presidente&nbsp;<a href=\"https:\/\/noticias.r7.com\/internacional\/boca-de-urna-aponta-vantagem-da-direita-no-primeiro-turno-das-eleicoes-na-franca-30062024\/\" target=\"_blank\" rel=\"noreferrer noopener\">Emmanuel Macron<\/a>&nbsp;j\u00e1 foi visto como um l\u00edder jovem e ousado que se prop\u00f4s a reviver a Fran\u00e7a por meio de pol\u00edticas radicais pr\u00f3-neg\u00f3cios e pr\u00f3-europeias, deixando os eleitores \u201csem mais motivos\u201d para votar nos extremos. Sete anos ap\u00f3s ter sido eleito pela primeira vez, sua convoca\u00e7\u00e3o para uma&nbsp;<a href=\"https:\/\/noticias.r7.com\/internacional\/eleitores-vao-as-urnas-em-massa-diante-do-favoritismo-da-direita-radical-na-franca-30062024\/\" target=\"_blank\" rel=\"noreferrer noopener\">elei\u00e7\u00e3o antecipada<\/a>&nbsp;o enfraquece no pa\u00eds e no exterior, enquanto a direita ganha impulso para chegar ao poder.<\/p>\n\n\n\n<p>Macron, que tem um mandato presidencial at\u00e9 2027, disse que n\u00e3o deixar\u00e1 o cargo antes. No entanto, a perspectiva de uma derrota nas elei\u00e7\u00f5es parlamentares significa que ele poder\u00e1 ter de dividir o poder com um primeiro-ministro de um partido rival. Macron derrotou a l\u00edder do partido Reuni\u00e3o Nacional,\u00a0<a rel=\"noreferrer noopener\" href=\"https:\/\/noticias.r7.com\/internacional\/bloco-de-macron-foi-praticamente-apagado-diz-marine-le-pen-01072024\/\" target=\"_blank\">Marine Le Pen<\/a>, duas vezes em elei\u00e7\u00f5es presidenciais, em 2017 e 2022.<\/p>\n\n\n\n<p>Momentos ap\u00f3s sua primeira vit\u00f3ria, ele ent\u00e3o com 39 anos, Macron declarou sobre os eleitores de Le Pen: \u201cFarei de tudo para que eles n\u00e3o tenham mais nenhum motivo para votar nos extremos\u201d.<\/p>\n\n\n\n<p>A iniciativa pol\u00edtica centrista de Macron, que ele promoveu na \u00e9poca como \u201cnem de direita, nem de esquerda\u201d, esmagou os rivais tradicionais, o Partido Socialista e os conservadores republicanos. Em 2022, quando derrotou Le Pen novamente, mas com uma margem menor, Macron reconheceu que os franceses votaram \u201cn\u00e3o para apoiar minhas ideias, mas para bloquear as da extrema-direita\u201d.<\/p>\n\n\n\n<p>Agora, a exist\u00eancia de sua alian\u00e7a centrista est\u00e1 sob amea\u00e7a. O ex-primeiro-ministro Edouard Philippe disse que Macron \u201cmatou a maioria presidencial\u201d. Na sexta-feira (28), ap\u00f3s uma c\u00fapula da Uni\u00e3o Europeia em Bruxelas, Macron justificou sua decis\u00e3o de dissolver a Assembleia Nacional. \u201cEra indispens\u00e1vel pedir um esclarecimento [aos eleitores]\u201d, disse.<\/p>\n\n\n\n<p>Macron argumentou, neste m\u00eas, que suas conquistas econ\u00f4micas falam por si. O desemprego caiu de mais de 10%, para 7,5%, e a Fran\u00e7a foi classificada como o pa\u00eds europeu mais atraente para investimentos estrangeiros nos \u00faltimos anos. No entanto, seu tempo no cargo foi marcado por grandes turbul\u00eancias, desde os protestos dos chamados Coletes Amarelos contra a percep\u00e7\u00e3o de injusti\u00e7a social at\u00e9 a pandemia de Covid-19, a guerra na Ucr\u00e2nia e os dist\u00farbios de 2023 desencadeados pela morte de um adolescente pela pol\u00edcia.<\/p>\n\n\n\n<p>Seja qual for o resultado, a decis\u00e3o de Macron de convocar elei\u00e7\u00f5es antecipadas j\u00e1 deixa a Fran\u00e7a enfraquecida no cen\u00e1rio europeu, segundo Lisa Thomas-Darbois, vice-diretora de estudos sobre a Fran\u00e7a no Institut Montaigne. \u201dIsso provocou receio por parte de nossos parceiros europeus e internacionais\u201d, disse ela.<\/p>\n\n\n\n<p>\u201cPodemos ver que, apenas em termos de nossas taxas de juros nos mercados financeiros, nossa credibilidade caiu\u201d afirmou Lisa. \u201cO que \u00e9 certo \u00e9 que a posi\u00e7\u00e3o da Reuni\u00e3o Nacional n\u00e3o ser\u00e1 tranquilizadora para a imagem da Fran\u00e7a nos pr\u00f3ximos anos.\u201d<\/p>\n\n\n\n<h3 class=\"wp-block-heading\">Primeiro turno<\/h3>\n\n\n\n<p>O partido de Marine Le Pen, obteve neste domingo (30), uma ampla vit\u00f3ria no primeiro turno de vota\u00e7\u00e3o para a Assembleia Nacional da Fran\u00e7a, de acordo com proje\u00e7\u00f5es baseadas na apura\u00e7\u00e3o inicial dos resultados. O cen\u00e1rio abre caminho para a legenda de direita participar do governo pela primeira vez desde a ocupa\u00e7\u00e3o nazista durante a Segunda Guerra. O segundo turno ser\u00e1 no pr\u00f3ximo domingo (7).<\/p>\n\n\n\n<p>Proje\u00e7\u00f5es de institutos e emissoras p\u00fablicas da Fran\u00e7a mostraram o RN garantindo confortavelmente o primeiro lugar com 33,2% dos votos. Uma alian\u00e7a de partidos de esquerda, a Nova Frente Popular, ficou em segundo, com proje\u00e7\u00e3o de 28,1%. A alian\u00e7a centrista de Macron, em terceiro, com 21%.<\/p>\n\n\n\n<p>O sistema franc\u00eas \u00e9 complexo e n\u00e3o \u00e9 proporcional ao apoio nacional a um partido. Se ao final da elei\u00e7\u00e3o o Reuni\u00e3o Nacional obtiver o n\u00famero necess\u00e1rio de cadeiras para a maioria absoluta, espera-se que Macron nomeie seu candidato, Jordan Bardella, de 28 anos, como primeiro-ministro em um sistema de compartilhamento de poder conhecido como coabita\u00e7\u00e3o. O partido tamb\u00e9m poder\u00e1 fazer escolhas para o gabinete.<\/p>\n\n\n\n<p>Os primeiros resultados n\u00e3o fornecem uma exatid\u00e3o do n\u00famero de assentos parlamentares que cada partido garantir\u00e1. Mas mostrou que o RN dever\u00e1 se tornar a maior for\u00e7a pol\u00edtica na C\u00e2mara baixa ainda que n\u00e3o conquiste a maioria absoluta.<\/p>\n\n\n\n<p>A participa\u00e7\u00e3o dos eleitores, de 65%, foi muito alta, refletindo a import\u00e2ncia dada ao pleito antecipado por Macron, em compara\u00e7\u00e3o aos 47,51% da \u00faltima elei\u00e7\u00e3o parlamentar, em 2022.<\/p>\n\n\n\n<p>Para Macron, agora em seu s\u00e9timo ano como presidente, o resultado foi um forte rev\u00e9s. Ao dissolver a Assembleia Nacional e convocar elei\u00e7\u00f5es antecipadas, ele apostou que a derrota contundente de seu partido para o RN na recente elei\u00e7\u00e3o do Parlamento Europeu n\u00e3o se repetiria.<\/p>\n\n\n\n<p>Fonte R7<\/p>\n","protected":false},"excerpt":{"rendered":"<p>Partido de direita comandado por Marine Le Pen deve garantir um ter\u00e7o dos assentos na Assembleia Nacional O presidente&nbsp;Emmanuel Macron&nbsp;j\u00e1 foi visto como um l\u00edder jovem e ousado que se prop\u00f4s a reviver a Fran\u00e7a por meio de pol\u00edticas radicais pr\u00f3-neg\u00f3cios e pr\u00f3-europeias, deixando os eleitores \u201csem mais motivos\u201d para votar nos extremos. Sete anos [&hellip;]<\/p>\n","protected":false},"author":8,"featured_media":23426,"comment_status":"closed","ping_status":"open","sticky":false,"template":"","format":"standard","meta":{"rop_custom_images_group":[],"rop_custom_messages_group":[],"rop_publish_now":"initial","rop_publish_now_accounts":[],"rop_publish_now_history":[],"rop_publish_now_status":"pending","footnotes":""},"categories":[212],"tags":[73],"class_list":["post-23425","post","type-post","status-publish","format-standard","has-post-thumbnail","hentry","category-internacional","tag-featured"],"amp_enabled":true,"_links":{"self":[{"href":"https:\/\/imais.online\/portal\/wp-json\/wp\/v2\/posts\/23425","targetHints":{"allow":["GET"]}}],"collection":[{"href":"https:\/\/imais.online\/portal\/wp-json\/wp\/v2\/posts"}],"about":[{"href":"https:\/\/imais.online\/portal\/wp-json\/wp\/v2\/types\/post"}],"author":[{"embeddable":true,"href":"https:\/\/imais.online\/portal\/wp-json\/wp\/v2\/users\/8"}],"replies":[{"embeddable":true,"href":"https:\/\/imais.online\/portal\/wp-json\/wp\/v2\/comments?post=23425"}],"version-history":[{"count":1,"href":"https:\/\/imais.online\/portal\/wp-json\/wp\/v2\/posts\/23425\/revisions"}],"predecessor-version":[{"id":23427,"href":"https:\/\/imais.online\/portal\/wp-json\/wp\/v2\/posts\/23425\/revisions\/23427"}],"wp:featuredmedia":[{"embeddable":true,"href":"https:\/\/imais.online\/portal\/wp-json\/wp\/v2\/media\/23426"}],"wp:attachment":[{"href":"https:\/\/imais.online\/portal\/wp-json\/wp\/v2\/media?parent=23425"}],"wp:term":[{"taxonomy":"category","embeddable":true,"href":"https:\/\/imais.online\/portal\/wp-json\/wp\/v2\/categories?post=23425"},{"taxonomy":"post_tag","embeddable":true,"href":"https:\/\/imais.online\/portal\/wp-json\/wp\/v2\/tags?post=23425"}],"curies":[{"name":"wp","href":"https:\/\/api.w.org\/{rel}","templated":true}]}}