{"id":23428,"date":"2024-07-02T09:33:59","date_gmt":"2024-07-02T12:33:59","guid":{"rendered":"https:\/\/imais.online\/portal\/?p=23428"},"modified":"2024-07-02T09:34:00","modified_gmt":"2024-07-02T12:34:00","slug":"governo-manda-meta-suspender-no-brasil-uso-de-dados-de-usuarios-para-treinar-inteligencia-artificial","status":"publish","type":"post","link":"https:\/\/imais.online\/portal\/governo-manda-meta-suspender-no-brasil-uso-de-dados-de-usuarios-para-treinar-inteligencia-artificial\/","title":{"rendered":"Governo manda Meta suspender, no Brasil, uso de dados de usu\u00e1rios para treinar intelig\u00eancia artificial"},"content":{"rendered":"<div class=\"imais-before-content-placement\" id=\"imais-1213487788\"><script async src=\"\/\/pagead2.googlesyndication.com\/pagead\/js\/adsbygoogle.js?client=ca-pub-8787528412751566\" crossorigin=\"anonymous\"><\/script><ins class=\"adsbygoogle\" style=\"display:block;\" data-ad-client=\"ca-pub-8787528412751566\" \ndata-ad-slot=\"\" \ndata-ad-format=\"auto\"><\/ins>\n<script> \n(adsbygoogle = window.adsbygoogle || []).push({}); \n<\/script>\n<\/div>\n<h2 class=\"wp-block-heading\">Despacho da Autoridade Nacional de Prote\u00e7\u00e3o de Dados foi publicado nesta ter\u00e7a; uso dos dados para treinar IA consta em nova pol\u00edtica de privacidade. Multa prevista \u00e9 de R$ 50 mil; g1 tenta contato com empresa.<\/h2>\n\n\n\n<p>A Autoridade Nacional de Prote\u00e7\u00e3o de Dados (ANPD) determinou que a Meta \u2013&nbsp;<em>big tech<\/em>&nbsp;respons\u00e1vel pelo&nbsp;<a class=\"\" href=\"https:\/\/g1.globo.com\/tudo-sobre\/facebook\/\">Facebook<\/a>, pelo Instagram e pelo WhatsApp \u2013 suspenda a validade no Brasil da nova pol\u00edtica de privacidade da empresa sobre o uso dos dados pessoais dos brasileiros.<\/p>\n\n\n\n<p>A decis\u00e3o atinge especificamente a inten\u00e7\u00e3o da Meta de usar esses dados para &#8220;treinar&#8221; sistemas de intelig\u00eancia artificial generativa \u2013 ou seja, para compor o banco de dados usado pelas IAs para gerar respostas automatizadas.<\/p>\n\n\n\n<p>O\u00a0<a class=\"\" href=\"https:\/\/g1.globo.com\/\">g1\u00a0<\/a>tenta contato com a Meta, que j\u00e1 defendeu a validade de sua pol\u00edtica de dados em ocasi\u00f5es anteriores (<strong>veja abaixo<\/strong>).<\/p>\n\n\n\n<p>O despacho foi publicado no &#8220;Di\u00e1rio Oficial da Uni\u00e3o&#8221; desta ter\u00e7a-feira (2) e prev\u00ea&nbsp;<strong>multa de R$ 50 mil por dia de descumprimento<\/strong>&nbsp;&#8220;em virtude do risco iminente de dano grave e irrepar\u00e1vel ou de dif\u00edcil repara\u00e7\u00e3o aos direitos fundamentais dos titulares afetados&#8221;.<\/p>\n\n\n\n<p>A decis\u00e3o foi tomada pelo Conselho Diretor da ANPD, e o documento \u00e9 assinado pelo diretor-presidente da autoridade, Waldemar Gon\u00e7alves. Segundo o despacho,&nbsp;<strong>a ordem \u00e9 para cumprimento imediato<\/strong>.<\/p>\n\n\n\n<p>No prazo de cinco dias, a partir de quando for intimada, a Meta deve apresentar ao governo:<\/p>\n\n\n\n<ul class=\"wp-block-list\">\n<li>documenta\u00e7\u00e3o que ateste a mudan\u00e7a da Pol\u00edtica de Privacidade dos servi\u00e7os da empresa, para excluir esse trecho sobre o uso dos dados pessoais para treinar IAs generativas;<\/li>\n\n\n\n<li>declara\u00e7\u00e3o assinada por representante legal atestando que o uso dos dados foi suspenso.<\/li>\n<\/ul>\n\n\n\n<h2 class=\"wp-block-heading\">Dados pessoais para &#8216;treinar&#8217; IA<\/h2>\n\n\n\n<p>O caso ganhou aten\u00e7\u00e3o em 4 de junho, depois que a Meta informou na Uni\u00e3o Europeia e no Reino Unido que a sua pol\u00edtica de privacidade passaria a prever a possibilidade de usar dados de usu\u00e1rios para treinar sua IA.<\/p>\n\n\n\n<p>Com a repercuss\u00e3o negativa, a empresa voltou atr\u00e1s e adiou a mudan\u00e7a da pol\u00edtica na Europa \u2013 mas n\u00e3o fez o mesmo para o Brasil.<\/p>\n\n\n\n<p>Quando o Instituto de Defesa de Consumidores (Idec) acionou o governo contra a nova pol\u00edtica de privacidade desses servi\u00e7os, a Meta afirmou que o uso das informa\u00e7\u00f5es para treinar uma intelig\u00eancia artificial \u00e9 de seu leg\u00edtimo interesse, bem como de seus usu\u00e1rios e outras pessoas.<\/p>\n\n\n\n<blockquote class=\"wp-block-quote is-layout-flow wp-block-quote-is-layout-flow\">\n<p>&#8220;Estamos comprometidos em desenvolver a intelig\u00eancia artificial na Meta \u2013 nossa cole\u00e7\u00e3o de recursos e experi\u00eancias generativas de intelig\u00eancia artificial junto com os modelos que os alimentam \u2013 de forma segura, respons\u00e1vel e atendendo as regula\u00e7\u00f5es de privacidade no Brasil&#8221;, disse a companhia ao&nbsp;<a class=\"\" href=\"https:\/\/g1.globo.com\/\">g1&nbsp;<\/a>em 23 de junho.<\/p>\n<\/blockquote>\n\n\n\n<p>Treinamentos de modelos de intelig\u00eancia artificial envolvem o uso de grandes quantidades de dados e s\u00e3o necess\u00e1rios para que, em uma etapa seguinte, eles sejam capazes de analisar informa\u00e7\u00f5es e at\u00e9 gerar conte\u00fado por conta pr\u00f3pria.<\/p>\n\n\n\n<p>Fonte G1<\/p>\n","protected":false},"excerpt":{"rendered":"<p>Despacho da Autoridade Nacional de Prote\u00e7\u00e3o de Dados foi publicado nesta ter\u00e7a; uso dos dados para treinar IA consta em nova pol\u00edtica de privacidade. Multa prevista \u00e9 de R$ 50 mil; g1 tenta contato com empresa. A Autoridade Nacional de Prote\u00e7\u00e3o de Dados (ANPD) determinou que a Meta \u2013&nbsp;big tech&nbsp;respons\u00e1vel pelo&nbsp;Facebook, pelo Instagram e pelo [&hellip;]<\/p>\n","protected":false},"author":8,"featured_media":23429,"comment_status":"closed","ping_status":"open","sticky":false,"template":"","format":"standard","meta":{"rop_custom_images_group":[],"rop_custom_messages_group":[],"rop_publish_now":"initial","rop_publish_now_accounts":[],"rop_publish_now_history":[],"rop_publish_now_status":"pending","footnotes":""},"categories":[189],"tags":[],"class_list":["post-23428","post","type-post","status-publish","format-standard","has-post-thumbnail","hentry","category-brasil"],"amp_enabled":true,"_links":{"self":[{"href":"https:\/\/imais.online\/portal\/wp-json\/wp\/v2\/posts\/23428","targetHints":{"allow":["GET"]}}],"collection":[{"href":"https:\/\/imais.online\/portal\/wp-json\/wp\/v2\/posts"}],"about":[{"href":"https:\/\/imais.online\/portal\/wp-json\/wp\/v2\/types\/post"}],"author":[{"embeddable":true,"href":"https:\/\/imais.online\/portal\/wp-json\/wp\/v2\/users\/8"}],"replies":[{"embeddable":true,"href":"https:\/\/imais.online\/portal\/wp-json\/wp\/v2\/comments?post=23428"}],"version-history":[{"count":1,"href":"https:\/\/imais.online\/portal\/wp-json\/wp\/v2\/posts\/23428\/revisions"}],"predecessor-version":[{"id":23430,"href":"https:\/\/imais.online\/portal\/wp-json\/wp\/v2\/posts\/23428\/revisions\/23430"}],"wp:featuredmedia":[{"embeddable":true,"href":"https:\/\/imais.online\/portal\/wp-json\/wp\/v2\/media\/23429"}],"wp:attachment":[{"href":"https:\/\/imais.online\/portal\/wp-json\/wp\/v2\/media?parent=23428"}],"wp:term":[{"taxonomy":"category","embeddable":true,"href":"https:\/\/imais.online\/portal\/wp-json\/wp\/v2\/categories?post=23428"},{"taxonomy":"post_tag","embeddable":true,"href":"https:\/\/imais.online\/portal\/wp-json\/wp\/v2\/tags?post=23428"}],"curies":[{"name":"wp","href":"https:\/\/api.w.org\/{rel}","templated":true}]}}