{"id":23437,"date":"2024-07-02T09:48:20","date_gmt":"2024-07-02T12:48:20","guid":{"rendered":"https:\/\/imais.online\/portal\/?p=23437"},"modified":"2024-07-02T09:48:22","modified_gmt":"2024-07-02T12:48:22","slug":"superfuracao-beryl-ganha-forca-e-passa-para-a-categoria-5","status":"publish","type":"post","link":"https:\/\/imais.online\/portal\/superfuracao-beryl-ganha-forca-e-passa-para-a-categoria-5\/","title":{"rendered":"Superfurac\u00e3o Beryl ganha for\u00e7a e passa para a categoria 5"},"content":{"rendered":"<div class=\"imais-before-content-placement\" id=\"imais-2586044286\"><script async src=\"\/\/pagead2.googlesyndication.com\/pagead\/js\/adsbygoogle.js?client=ca-pub-8787528412751566\" crossorigin=\"anonymous\"><\/script><ins class=\"adsbygoogle\" style=\"display:block;\" data-ad-client=\"ca-pub-8787528412751566\" \ndata-ad-slot=\"\" \ndata-ad-format=\"auto\"><\/ins>\n<script> \n(adsbygoogle = window.adsbygoogle || []).push({}); \n<\/script>\n<\/div>\n<p><a href=\"https:\/\/ultimosegundo.ig.com.br\/mundo\/2024-07-01\/caribe-superfuracao-beryl.html\">O furac\u00e3o \u201cBeryl\u201d, que avan\u00e7a pelo Caribe<\/a>&nbsp;, foi reclassificado para a categoria 5, a maior na escala de medidas Saffir-Simpson. O fen\u00f4meno, que \u00e9 tido como \u201cextremamente perigoso\u201d, pode atingir ventos de at\u00e9 260 km\/h. O vendaval deve perder for\u00e7as aos poucos e perdurar at\u00e9 a sexta-feira (5).<\/p>\n\n\n\n<p>A expectativa \u00e9 que o furac\u00e3o passe pela Jamaica na quarta-feira (3). As previs\u00f5es do NHC (O Centro Nacional de Furac\u00f5es dos Estados Unidos) indicam para chuvas fortes com risco de inunda\u00e7\u00f5es em algumas \u00e1reas do pa\u00eds. O fen\u00f4meno est\u00e1 a 1.500 km do territ\u00f3rio jamaicano nesta ter\u00e7a-feira (2).<\/p>\n\n\n\n<p>O furac\u00e3o deve se movimentar em dire\u00e7\u00e3o ao M\u00e9xico at\u00e9 o final da semana, mas perdendo for\u00e7a. Ainda assim, alertas foram emitidos para as Ilhas Cayman, Belize e para cidades no sudoeste do Golfo do M\u00e9xico.<\/p>\n\n\n\n<h3 class=\"wp-block-heading\">Fen\u00f4meno at\u00edpico<\/h3>\n\n\n\n<p>De acordo com o NHC, \u00e9 extremamente incomum ter uma tempestade t\u00e3o intensa no in\u00edcio da temporada de furac\u00f5es do Atl\u00e2ntico, que vai de junho a novembro.<\/p>\n\n\n\n<p>Especialistas explicam que o Beryl rapidamente se intensificou devido \u00e0s \u00e1guas excepcionalmente quentes do oceano. As temperaturas na \u00e1rea onde a tempestade se formou est\u00e3o at\u00e9 3\u00b0C acima da m\u00e9dia.<\/p>\n\n\n\n<p>J\u00e1 no final de maio, a Administra\u00e7\u00e3o Nacional Oce\u00e2nica e Atmosf\u00e9rica dos Estados Unidos (NOAA) havia previsto uma temporada de furac\u00f5es \u201cexcepcional\u201d este ano, com potencial para at\u00e9 sete tempestades de categoria 3 ou superior.<\/p>\n\n\n\n<p>Fonte Momento MT<\/p>\n","protected":false},"excerpt":{"rendered":"<p>O furac\u00e3o \u201cBeryl\u201d, que avan\u00e7a pelo Caribe&nbsp;, foi reclassificado para a categoria 5, a maior na escala de medidas Saffir-Simpson. O fen\u00f4meno, que \u00e9 tido como \u201cextremamente perigoso\u201d, pode atingir ventos de at\u00e9 260 km\/h. O vendaval deve perder for\u00e7as aos poucos e perdurar at\u00e9 a sexta-feira (5). A expectativa \u00e9 que o furac\u00e3o passe [&hellip;]<\/p>\n","protected":false},"author":8,"featured_media":23438,"comment_status":"closed","ping_status":"open","sticky":false,"template":"","format":"standard","meta":{"rop_custom_images_group":[],"rop_custom_messages_group":[],"rop_publish_now":"initial","rop_publish_now_accounts":[],"rop_publish_now_history":[],"rop_publish_now_status":"pending","footnotes":""},"categories":[212],"tags":[73],"class_list":["post-23437","post","type-post","status-publish","format-standard","has-post-thumbnail","hentry","category-internacional","tag-featured"],"amp_enabled":true,"_links":{"self":[{"href":"https:\/\/imais.online\/portal\/wp-json\/wp\/v2\/posts\/23437","targetHints":{"allow":["GET"]}}],"collection":[{"href":"https:\/\/imais.online\/portal\/wp-json\/wp\/v2\/posts"}],"about":[{"href":"https:\/\/imais.online\/portal\/wp-json\/wp\/v2\/types\/post"}],"author":[{"embeddable":true,"href":"https:\/\/imais.online\/portal\/wp-json\/wp\/v2\/users\/8"}],"replies":[{"embeddable":true,"href":"https:\/\/imais.online\/portal\/wp-json\/wp\/v2\/comments?post=23437"}],"version-history":[{"count":1,"href":"https:\/\/imais.online\/portal\/wp-json\/wp\/v2\/posts\/23437\/revisions"}],"predecessor-version":[{"id":23439,"href":"https:\/\/imais.online\/portal\/wp-json\/wp\/v2\/posts\/23437\/revisions\/23439"}],"wp:featuredmedia":[{"embeddable":true,"href":"https:\/\/imais.online\/portal\/wp-json\/wp\/v2\/media\/23438"}],"wp:attachment":[{"href":"https:\/\/imais.online\/portal\/wp-json\/wp\/v2\/media?parent=23437"}],"wp:term":[{"taxonomy":"category","embeddable":true,"href":"https:\/\/imais.online\/portal\/wp-json\/wp\/v2\/categories?post=23437"},{"taxonomy":"post_tag","embeddable":true,"href":"https:\/\/imais.online\/portal\/wp-json\/wp\/v2\/tags?post=23437"}],"curies":[{"name":"wp","href":"https:\/\/api.w.org\/{rel}","templated":true}]}}