{"id":23440,"date":"2024-07-03T10:01:13","date_gmt":"2024-07-03T13:01:13","guid":{"rendered":"https:\/\/imais.online\/portal\/?p=23440"},"modified":"2024-07-03T10:01:14","modified_gmt":"2024-07-03T13:01:14","slug":"miss-piggy-e-kermit-os-dois-avioes-da-decada-de-1970-que-voam-no-olho-dos-furacoes-mais-devastadores-do-mundo","status":"publish","type":"post","link":"https:\/\/imais.online\/portal\/miss-piggy-e-kermit-os-dois-avioes-da-decada-de-1970-que-voam-no-olho-dos-furacoes-mais-devastadores-do-mundo\/","title":{"rendered":"Miss Piggy e Kermit: os dois avi\u00f5es da d\u00e9cada de 1970 que voam no olho dos furac\u00f5es mais devastadores do mundo"},"content":{"rendered":"<div class=\"imais-before-content-placement\" id=\"imais-2463516619\"><script async src=\"\/\/pagead2.googlesyndication.com\/pagead\/js\/adsbygoogle.js?client=ca-pub-8787528412751566\" crossorigin=\"anonymous\"><\/script><ins class=\"adsbygoogle\" style=\"display:block;\" data-ad-client=\"ca-pub-8787528412751566\" \ndata-ad-slot=\"\" \ndata-ad-format=\"auto\"><\/ins>\n<script> \n(adsbygoogle = window.adsbygoogle || []).push({}); \n<\/script>\n<\/div>\n<h2 class=\"wp-block-heading\">&#8220;\u00c9 como andar de montanha-russa num lava-r\u00e1pido&#8221;, diz o chefe da equipe dos &#8220;Ca\u00e7adores de Furac\u00e3o&#8221;. Ideia \u00e9 coletar dados a baixa altitude para entender estragos dos furac\u00f5es. Furac\u00e3o Beryl \u00e9 o primeiro com esta intensidade a atingir o Caribe em um m\u00eas de junho. Previs\u00e3o \u00e9 a de que atinja Jamaica nesta quarta-feira e avance em dire\u00e7\u00e3o ao M\u00e9xico.<\/h2>\n\n\n\n<p>Apelidados de &#8220;Miss Piggy&#8221; e &#8220;Kermit&#8221;, dois avi\u00f5es fabricados na d\u00e9cada de 1970 t\u00eam a miss\u00e3o de entrar onde ningu\u00e9m quer estar \u2014no olho dos\u00a0furac\u00f5es mais devastadores do mundo. O objetivo \u00e9 coletar dados atmosf\u00e9ricos e ajudar a prever a intensidade deles.<\/p>\n\n\n\n<p>Entre esses furac\u00f5es est\u00e1 o Beryl, que chega \u00e0 Jamaica nesta quarta-feira (3). O furac\u00e3o \u00e9 de categoria 5 \u2014<strong>o que significa um potencial de causar danos &#8220;catastr\u00f3ficos&#8221;\u00a0<\/strong>e ventos iguais ou superiores a 252 km\/h, segundo a escala Saffir-Simpson.\u00a0<\/p>\n\n\n\n<p>Kermit e Miss Piggy sobrevoaram o olho do furac\u00e3o Beryl nesta ter\u00e7a, que tocou o solo no Caribe na segunda-feira (1\u00ba) e deixou mortos.\u00a0Os apelidos s\u00e3o inspirados em personagens do desenho Muppet Babies \u2014Kermit ficou tamb\u00e9m conhecido no Brasil como Caco.<\/p>\n\n\n\n<p><strong>As aeronaves s\u00e3o dois quadrimotores Lockheed WP-3D Orion, a servi\u00e7o do governo americano desde 1976. No Brasil, os Electra, vers\u00e3o comercial dessa aeronave, ficaram conhecidos por voar na ponte a\u00e9rea entre S\u00e3o Paulo e Rio at\u00e9 1992.&nbsp;<\/strong>Eles voam a at\u00e9 8.200 metros de altitude, a at\u00e9 463 quil\u00f4metros por hora, e podem voar 11 horas e meia sem precisar abastecer.<\/p>\n\n\n\n<p>Ambos integram os &#8220;Ca\u00e7adores de furac\u00f5es&#8221;, grupo de cientistas da Ag\u00eancia Nacional Oce\u00e2nica e Atmosf\u00e9rica dos EUA (NOAA, na sigla em ingl\u00eas).&nbsp;<a class=\"\" href=\"https:\/\/g1.globo.com\/mundo\/noticia\/2024\/07\/02\/extremamente-perigoso-furacao-beryl-ganha-forca-e-passa-para-categoria-5.ghtml\"><\/a>Eles s\u00e3o usados \u00e9 usado frequentemente pela NOAA para colher dados de tempestades tropicais, ciclones e furac\u00f5es e fornec\u00ea-los a ag\u00eancias de previs\u00e3o do tempo.&nbsp;<strong>Por isso, foi batizado pela pr\u00f3pria ag\u00eancia de &#8220;ca\u00e7ador de furac\u00f5es&#8221;.<\/strong><\/p>\n\n\n\n<p>As medi\u00e7\u00f5es, segundo a NOAA, ajudam a compreender a estrutura de uma tempestade e os ventos que a orientam. As aeronaves t\u00eam sondas e radares que medem press\u00e3o, temperatura, umidade e vento.&nbsp;<strong>Os dados s\u00e3o usados \u200b\u200bem modelos de computador que ajudam os meteorologistas a prever a intensidade do furac\u00e3o e onde e quando atingir\u00e1 a terra.<\/strong><\/p>\n\n\n\n<blockquote class=\"wp-block-quote is-layout-flow wp-block-quote-is-layout-flow\">\n<p>&#8220;\u00c9 como andar de montanha-russa em um lava-r\u00e1pido, porque voc\u00ea n\u00e3o consegue ver nada pelas janelas na parede do olho [do furac\u00e3o]. \u00c9 como uma lavagem de carro. Na verdade, mesmo no meio do dia escurece dentro do avi\u00e3o&#8221;, disse Richard Henning, diretor de voo da NOAA, no mesmo v\u00eddeo.<\/p>\n<\/blockquote>\n\n\n\n<p>As miss\u00f5es, segundo ele, levam entre oito e nove horas. As aeronaves preenchem uma lacuna tecnol\u00f3gica: por voar a baixa altitude, fornecem informa\u00e7\u00f5es de furac\u00f5es que n\u00e3o est\u00e3o dispon\u00edveis em radares terrestres ou informa\u00e7\u00f5es de sat\u00e9lite, de acordo com a NOAA.<\/p>\n\n\n\n<p>Miss Piggy e Kermit j\u00e1 atuaram em miss\u00f5es no Atl\u00e2ntico, Caribe, Golfo do M\u00e9xico, \u00c1rtico, Alasca e Pac\u00edfico.<\/p>\n\n\n\n<figure class=\"wp-block-image\"><img decoding=\"async\" src=\"https:\/\/s2-g1.glbimg.com\/vvOyJ3GxxFCfZDMC3o6zCowbiak=\/0x0:1024x496\/984x0\/smart\/filters:strip_icc()\/i.s3.glbimg.com\/v1\/AUTH_59edd422c0c84a879bd37670ae4f538a\/internal_photos\/bs\/2024\/r\/Q\/bkXBv4SWCAeaoCyT9nSw\/noaa-lockheed-wp-3d-orion-hurricane-hunter-n42rf-at-senex-air-quality-climate-research-study-9119691512-.jpg\" alt=\"Kermit, um dos avi\u00f5es dos &quot;Ca\u00e7adores de Furac\u00f5es&quot; \u2014 Foto: Wikimedia Commons\"\/><\/figure>\n\n\n\n<p class=\"has-small-font-size\">Kermit, um dos avi\u00f5es dos &#8220;Ca\u00e7adores de Furac\u00f5es&#8221; \u2014 Foto: Wikimedia Commons<\/p>\n\n\n\n<p><strong>Beryl<\/strong><\/p>\n\n\n\n<p>O furac\u00e3o&nbsp;<strong>&#8220;Beryl<\/strong>&#8220;,&nbsp;<a class=\"\" href=\"https:\/\/g1.globo.com\/mundo\/noticia\/2024\/07\/01\/furacao-beryl-inedito-no-caribe.ghtml\">que avan\u00e7a pelo Caribe<\/a>, ganhou for\u00e7a e foi reclassificado como de categoria 5 \u2014 a&nbsp;<strong>maior na escala<\/strong>. Esta \u00e9 a&nbsp;<strong>primeira vez que um fen\u00f4meno do tipo chega ao Caribe em um m\u00eas de junho j\u00e1 com essa for\u00e7a<\/strong>, o que fez autoridades preverem uma temporada de furac\u00f5es severos na regi\u00e3o.<\/p>\n\n\n\n<p>O furac\u00e3o j\u00e1 deixou&nbsp;<strong>seis mortos ap\u00f3s tocar o solo<\/strong>, um deles em&nbsp;<a class=\"\" href=\"https:\/\/g1.globo.com\/tudo-sobre\/sao-vicente-e-granadinas\/\">S\u00e3o Vicente e Granadinas<\/a>, dois na Venezuela e os outros tr\u00eas em&nbsp;<a class=\"\" href=\"https:\/\/g1.globo.com\/tudo-sobre\/granada\/\">Granada<\/a>, ambos pa\u00edses no sudeste do Caribe, segundo autoridades locais.<\/p>\n\n\n\n<p>Classificado pelo Centro Nacional de Furac\u00f5es dos EUA (NHC, na sigla em ingl\u00eas) como &#8220;extremamente perigoso&#8221;, o Beryl\u00a0<strong>ganhou mais for\u00e7a do que o inicialmente previsto e com mais velocidade<\/strong>, e pode atingir ventos de at\u00e9 270 km\/h.<\/p>\n\n\n\n<p>O Beryl<strong>&nbsp;tocou solo na segunda-feira (1\u00ba) na ilha de Carriacou<\/strong>, em Granada. Logo depois, passou por S\u00e3o Vicente e Granadinas e Barbados. Agora, segundo um boletim do NHC desta ter\u00e7a-feira (2),&nbsp;<strong>se aproxima da Jamaica, onde deve passar na quarta-feira (3)<\/strong>.<\/p>\n\n\n\n<p>Durante a semana, o furac\u00e3o continuar\u00e1 avan\u00e7ando pelo Caribe\u00a0<strong>em dire\u00e7\u00e3o \u00e0 costa do M\u00e9xico<\/strong>. No entanto, as autoridades<strong>\u00a0projetam que o fen\u00f4meno perca for\u00e7a ao longo dos dias<\/strong>. Ainda assim,\u00a0<strong>alertas foram emitidos para o Haiti, as Ilhas Cayman, Belize<\/strong>\u00a0e para cidades que est\u00e3o no sudoeste do Golfo do M\u00e9xico.<\/p>\n\n\n\n<figure class=\"wp-block-image\"><img decoding=\"async\" src=\"https:\/\/s2-g1.glbimg.com\/YIp5KjegrHwjnCzRFIa-vlVfWuk=\/0x0:4032x3024\/984x0\/smart\/filters:strip_icc()\/i.s3.glbimg.com\/v1\/AUTH_59edd422c0c84a879bd37670ae4f538a\/internal_photos\/bs\/2024\/Y\/F\/0mVA4UR1qfnY9erB0jqQ\/foto-olho-furacao-aviao.jpg\" alt=\"Avi\u00e3o da Ag\u00eancia de Administra\u00e7\u00e3o Atmosf\u00e9rica e Oce\u00e2nica (NOAA) dos EUA faz voo dentro de olho do furac\u00e3o Beryl, em 2 de julho de 2024. \u2014 Foto: NOAA\"\/><\/figure>\n\n\n\n<p class=\"has-small-font-size\">Avi\u00e3o da Ag\u00eancia de Administra\u00e7\u00e3o Atmosf\u00e9rica e Oce\u00e2nica (NOAA) dos EUA faz voo dentro de olho do furac\u00e3o Beryl, em 2 de julho de 2024. \u2014 Foto: NOAA<\/p>\n\n\n\n<figure class=\"wp-block-image\"><img decoding=\"async\" src=\"https:\/\/s2-g1.glbimg.com\/FmDNfz2BTJuhZqykP9qx16deCzA=\/0x0:1024x683\/984x0\/smart\/filters:strip_icc()\/i.s3.glbimg.com\/v1\/AUTH_59edd422c0c84a879bd37670ae4f538a\/internal_photos\/bs\/2024\/6\/J\/gwcRdkR9myB4cHvg8O5Q\/ap24184224910170.jpg\" alt=\"Barcos empilhados ap\u00f3s passagem do furac\u00e3o Beryl por Bridgetown, em Barbados, em 1\u00ba de julho de 2024. \u2014 Foto: Ricardo Mazal\u00e1n\/ AP\"\/><\/figure>\n\n\n\n<p class=\"has-small-font-size\">Barcos empilhados ap\u00f3s passagem do furac\u00e3o Beryl por Bridgetown, em Barbados, em 1\u00ba de julho de 2024. \u2014 Foto: Ricardo Mazal\u00e1n\/ AP<\/p>\n\n\n\n<figure class=\"wp-block-image\"><img decoding=\"async\" src=\"https:\/\/s2-g1.glbimg.com\/TbPLwlD8OW_O8vdIrnlt1cQWnSI=\/0x0:1024x683\/984x0\/smart\/filters:strip_icc()\/i.s3.glbimg.com\/v1\/AUTH_59edd422c0c84a879bd37670ae4f538a\/internal_photos\/bs\/2024\/a\/E\/10c5udRpiBBjbfG2rh6w\/ap24184388179810.jpg\" alt=\"Homens puxam barco atingido por passagem de furac\u00e3o Beryl em Bridgetown, em Barbados, em 1\u00ba de julho de 2024. \u2014 Foto: Ricardo Mazal\u00e1n\/ AP\"\/><\/figure>\n\n\n\n<p class=\"has-small-font-size\">Homens puxam barco atingido por passagem de furac\u00e3o Beryl em Bridgetown, em Barbados, em 1\u00ba de julho de 2024. \u2014 Foto: Ricardo Mazal\u00e1n\/ AP<\/p>\n\n\n\n<p>O Beryl \u00e9 o primeiro da temperada de furac\u00f5es na regi\u00e3o &#8212; que geralmente vai de julho a setembro &#8212; e o&nbsp;<strong>maior j\u00e1 registrado em um m\u00eas de junho na hist\u00f3ria do Caribe<\/strong>.<\/p>\n\n\n\n<p>O furac\u00e3o come\u00e7ou a se formar na \u00faltima semana como uma instabilidade e foi ganhando for\u00e7a. Veja a cronologia:<\/p>\n\n\n\n<ul class=\"wp-block-list\">\n<li>\ud83c\udf2a\ufe0f<strong>&nbsp;25 de junho:<\/strong>&nbsp;come\u00e7a uma instabilidade na atmosfera, favorecendo a forma\u00e7\u00e3o de uma tempestade.<\/li>\n\n\n\n<li>\ud83c\udf2a\ufe0f&nbsp;<strong>28 de junho:<\/strong>&nbsp;o que era uma instabilidade, ganha for\u00e7a seguindo em dire\u00e7\u00e3o ao Caribe e se transforma em uma tempestade tropical. At\u00e9 aqui, a previs\u00e3o era de ventos de 56 km\/h.<\/li>\n\n\n\n<li>\ud83c\udf2a\ufe0f&nbsp;<strong>30 de junho:<\/strong>&nbsp;passou a ser classificado como furac\u00e3o e entrou na categoria 3 (de uma classifica\u00e7\u00e3o que vai at\u00e9 5).<\/li>\n\n\n\n<li>\ud83c\udf2a\ufe0f&nbsp;<strong>Ainda no dia 30 de junho:<\/strong>&nbsp;passou a categoria 4, com alerta de extremo perigo, com ventos de at\u00e9 240 km\/h.<\/li>\n\n\n\n<li>\ud83c\udf2a\ufe0f&nbsp;<strong>1\u00ba de julho:<\/strong>&nbsp;reclassificado para a categoria 5.<\/li>\n<\/ul>\n\n\n\n<p>Segundo o NHC, uma tempestade t\u00e3o poderosa no in\u00edcio da temporada de furac\u00f5es, que vai de junho ao final de novembro no Atl\u00e2ntico, \u00e9 extremamente rara.<\/p>\n\n\n\n<p>Especialistas afirmam que o Beryl ganhou essa propor\u00e7\u00e3o em t\u00e3o pouco tempo por causa das \u00e1guas ferventes do oceano. As temperaturas na regi\u00e3o onde a tempestade se formou est\u00e3o at\u00e9 3\u00b0C acima da m\u00e9dia.<\/p>\n\n\n\n<p>No fim de maio, a Administra\u00e7\u00e3o Nacional Oce\u00e2nica e Atmosf\u00e9rica dos Estados Unidos (NOAA) j\u00e1 havia adiantado que a temporada de furac\u00f5es deste ano seria &#8220;extraordin\u00e1ria&#8221;, com at\u00e9 sete tempestades de categoria 3 ou superior.<\/p>\n\n\n\n<figure class=\"wp-block-image\"><img decoding=\"async\" src=\"https:\/\/s2-g1.glbimg.com\/8guinsdUbBAk2ktoeVvS8rUoWMU=\/0x0:897x738\/984x0\/smart\/filters:strip_icc()\/i.s3.glbimg.com\/v1\/AUTH_59edd422c0c84a879bd37670ae4f538a\/internal_photos\/bs\/2024\/J\/o\/GmAgtwSzWdeWLOaYLQag\/025202.png\" alt=\"Proje\u00e7\u00e3o indica caminho do furac\u00e3o Beryl pelo Caribe \u2014 Foto: NHC\/Reprodu\u00e7\u00e3o\"\/><\/figure>\n\n\n\n<p class=\"has-small-font-size\">Proje\u00e7\u00e3o indica caminho do furac\u00e3o Beryl pelo Caribe \u2014 Foto: NHC\/Reprodu\u00e7\u00e3o<\/p>\n\n\n\n<p><\/p>\n\n\n\n<p><\/p>\n\n\n\n<p><\/p>\n\n\n\n<p><\/p>\n\n\n\n<p><video preload=\"none\" poster=\"https:\/\/s01.video.glbimg.com\/x360\/12721320.jpg\"><\/video><\/p>\n\n\n\n<p>Fonte G1<\/p>\n","protected":false},"excerpt":{"rendered":"<p>&#8220;\u00c9 como andar de montanha-russa num lava-r\u00e1pido&#8221;, diz o chefe da equipe dos &#8220;Ca\u00e7adores de Furac\u00e3o&#8221;. Ideia \u00e9 coletar dados a baixa altitude para entender estragos dos furac\u00f5es. Furac\u00e3o Beryl \u00e9 o primeiro com esta intensidade a atingir o Caribe em um m\u00eas de junho. Previs\u00e3o \u00e9 a de que atinja Jamaica nesta quarta-feira e [&hellip;]<\/p>\n","protected":false},"author":8,"featured_media":23441,"comment_status":"closed","ping_status":"open","sticky":false,"template":"","format":"standard","meta":{"rop_custom_images_group":[],"rop_custom_messages_group":[],"rop_publish_now":"initial","rop_publish_now_accounts":[],"rop_publish_now_history":[],"rop_publish_now_status":"pending","footnotes":""},"categories":[212],"tags":[],"class_list":["post-23440","post","type-post","status-publish","format-standard","has-post-thumbnail","hentry","category-internacional"],"amp_enabled":true,"_links":{"self":[{"href":"https:\/\/imais.online\/portal\/wp-json\/wp\/v2\/posts\/23440","targetHints":{"allow":["GET"]}}],"collection":[{"href":"https:\/\/imais.online\/portal\/wp-json\/wp\/v2\/posts"}],"about":[{"href":"https:\/\/imais.online\/portal\/wp-json\/wp\/v2\/types\/post"}],"author":[{"embeddable":true,"href":"https:\/\/imais.online\/portal\/wp-json\/wp\/v2\/users\/8"}],"replies":[{"embeddable":true,"href":"https:\/\/imais.online\/portal\/wp-json\/wp\/v2\/comments?post=23440"}],"version-history":[{"count":1,"href":"https:\/\/imais.online\/portal\/wp-json\/wp\/v2\/posts\/23440\/revisions"}],"predecessor-version":[{"id":23442,"href":"https:\/\/imais.online\/portal\/wp-json\/wp\/v2\/posts\/23440\/revisions\/23442"}],"wp:featuredmedia":[{"embeddable":true,"href":"https:\/\/imais.online\/portal\/wp-json\/wp\/v2\/media\/23441"}],"wp:attachment":[{"href":"https:\/\/imais.online\/portal\/wp-json\/wp\/v2\/media?parent=23440"}],"wp:term":[{"taxonomy":"category","embeddable":true,"href":"https:\/\/imais.online\/portal\/wp-json\/wp\/v2\/categories?post=23440"},{"taxonomy":"post_tag","embeddable":true,"href":"https:\/\/imais.online\/portal\/wp-json\/wp\/v2\/tags?post=23440"}],"curies":[{"name":"wp","href":"https:\/\/api.w.org\/{rel}","templated":true}]}}