{"id":23456,"date":"2024-07-04T09:51:02","date_gmt":"2024-07-04T12:51:02","guid":{"rendered":"https:\/\/imais.online\/portal\/?p=23456"},"modified":"2024-07-04T09:51:03","modified_gmt":"2024-07-04T12:51:03","slug":"california-quase-30-mil-pessoas-deixam-suas-casas-em-meio-a-incendio-florestal","status":"publish","type":"post","link":"https:\/\/imais.online\/portal\/california-quase-30-mil-pessoas-deixam-suas-casas-em-meio-a-incendio-florestal\/","title":{"rendered":"Calif\u00f3rnia: quase 30 mil pessoas deixam suas casas em meio a inc\u00eandio florestal"},"content":{"rendered":"<div class=\"imais-before-content-placement\" id=\"imais-3303938424\"><script async src=\"\/\/pagead2.googlesyndication.com\/pagead\/js\/adsbygoogle.js?client=ca-pub-8787528412751566\" crossorigin=\"anonymous\"><\/script><ins class=\"adsbygoogle\" style=\"display:block;\" data-ad-client=\"ca-pub-8787528412751566\" \ndata-ad-slot=\"\" \ndata-ad-format=\"auto\"><\/ins>\n<script> \n(adsbygoogle = window.adsbygoogle || []).push({}); \n<\/script>\n<\/div>\n<h2 class=\"wp-block-heading\">Mais de 1.400 bombeiros de todo o estado foram mobilizados para combater as chamas na regi\u00e3o<\/h2>\n\n\n\n<p>Cerca de vinte e oito mil moradores foram for\u00e7ados a sa\u00edrem de suas casas no norte da Calif\u00f3rnia, nos Estados Unidos, na \u00faltima ter\u00e7a-feira (2), depois que um inc\u00eandio florestal rapidamente se espalhou. Aproximadamente 1.200 hectares foram devastados pelas chamas que atingiram a regi\u00e3o, pr\u00f3xima \u00e0 cidade de Oroville, enquanto o estado enfrenta uma onda de calor brutal e potencialmente hist\u00f3rica. As informa\u00e7\u00f5es s\u00e3o do&nbsp;<em>The Guardian<\/em>.<\/p>\n\n\n\n<p>Segundo o jornal brit\u00e2nico, mais de 1.400 bombeiros de todo o estado foram mobilizados para combater o inc\u00eandio, que estava em 0% de conten\u00e7\u00e3o na manh\u00e3 desta quarta-feira. Quatro bombeiros sofreram ferimentos leves, disseram as autoridades, que tamb\u00e9m confirmaram que pelo menos quatro estruturas foram destru\u00eddas. A causa do inc\u00eandio est\u00e1 sob investiga\u00e7\u00e3o.<\/p>\n\n\n\n<p>O governador da Calif\u00f3rnia, Gavin Newsom, declarou estado de emerg\u00eancia nesta quarta-feira, para garantir que recursos estejam prontamente dispon\u00edveis para dar suporte \u00e0 resposta e \u00e0 recupera\u00e7\u00e3o ao inc\u00eandio.<\/p>\n\n\n\n<p>No dia anterior, Newsom anunciou que a Calif\u00f3rnia garantiu um subs\u00eddio de assist\u00eancia para gerenciamento de inc\u00eandios da Ag\u00eancia Federal de Gerenciamento de Emerg\u00eancias (Fema), para cobrir alguns dos custos associados ao combate a inc\u00eandios. No in\u00edcio da semana, o governador tamb\u00e9m havia ativado o centro de opera\u00e7\u00f5es do estado para coordenar a resposta a inc\u00eandios florestais e ao calor excessivo em toda a Calif\u00f3rnia.<\/p>\n\n\n\n<h3 class=\"wp-block-heading\">Estado de alerta<\/h3>\n\n\n\n<p>De acordo com o\u00a0<em>The Guardian<\/em>, o inc\u00eandio ocorreu quando a California j\u00e1 estava em alerta m\u00e1ximo para inc\u00eandios florestais, com altas temperaturas e ventos fortes exacerbando riscos das celebra\u00e7\u00f5es de 4 de julho, dia da independ\u00eancia dos EUA, quando o clima quente e seco se junta aos fogos de artif\u00edcio. Equipes de bombeiros combatem mais de uma d\u00fazia de inc\u00eandios que come\u00e7aram desde segunda-feira no estado, que se prepara para condi\u00e7\u00f5es cada vez mais intensas.<\/p>\n\n\n\n<p>O jornal destaca que, a partir desta quarta-feira, 3, partes da Calif\u00f3rnia estar\u00e3o sujeitas a n\u00edveis \u201cextremos\u201d de risco de calor &#8211; o n\u00edvel mais alto no \u00edndice do Servi\u00e7o Meteorol\u00f3gico Nacional dos EUA. As condi\u00e7\u00f5es extremas podem durar at\u00e9 domingo ou mais e, em algumas \u00e1reas, temperaturas extremas, com risco de morte, podem permanecer por mais de uma semana.<\/p>\n\n\n\n<p>O cientista clim\u00e1tico Dr. Daniel Swain destacou que ser\u00e1 uma onda de calor severa, prolongada e potencialmente recorde, que pode ter grandes impactos no estado, diz o\u00a0<em>The Guardian<\/em>. Pouco al\u00edvio pode ser esperado, mesmo depois que o sol se p\u00f5e. \u201cSimplesmente n\u00e3o vai esfriar &#8211; nem mesmo \u00e0 noite\u201d, disse Swain.<\/p>\n\n\n\n<p>Fonte R7<\/p>\n","protected":false},"excerpt":{"rendered":"<p>Mais de 1.400 bombeiros de todo o estado foram mobilizados para combater as chamas na regi\u00e3o Cerca de vinte e oito mil moradores foram for\u00e7ados a sa\u00edrem de suas casas no norte da Calif\u00f3rnia, nos Estados Unidos, na \u00faltima ter\u00e7a-feira (2), depois que um inc\u00eandio florestal rapidamente se espalhou. Aproximadamente 1.200 hectares foram devastados pelas [&hellip;]<\/p>\n","protected":false},"author":8,"featured_media":23457,"comment_status":"closed","ping_status":"open","sticky":false,"template":"","format":"standard","meta":{"rop_custom_images_group":[],"rop_custom_messages_group":[],"rop_publish_now":"initial","rop_publish_now_accounts":[],"rop_publish_now_history":[],"rop_publish_now_status":"pending","footnotes":""},"categories":[212],"tags":[73],"class_list":["post-23456","post","type-post","status-publish","format-standard","has-post-thumbnail","hentry","category-internacional","tag-featured"],"amp_enabled":true,"_links":{"self":[{"href":"https:\/\/imais.online\/portal\/wp-json\/wp\/v2\/posts\/23456","targetHints":{"allow":["GET"]}}],"collection":[{"href":"https:\/\/imais.online\/portal\/wp-json\/wp\/v2\/posts"}],"about":[{"href":"https:\/\/imais.online\/portal\/wp-json\/wp\/v2\/types\/post"}],"author":[{"embeddable":true,"href":"https:\/\/imais.online\/portal\/wp-json\/wp\/v2\/users\/8"}],"replies":[{"embeddable":true,"href":"https:\/\/imais.online\/portal\/wp-json\/wp\/v2\/comments?post=23456"}],"version-history":[{"count":1,"href":"https:\/\/imais.online\/portal\/wp-json\/wp\/v2\/posts\/23456\/revisions"}],"predecessor-version":[{"id":23458,"href":"https:\/\/imais.online\/portal\/wp-json\/wp\/v2\/posts\/23456\/revisions\/23458"}],"wp:featuredmedia":[{"embeddable":true,"href":"https:\/\/imais.online\/portal\/wp-json\/wp\/v2\/media\/23457"}],"wp:attachment":[{"href":"https:\/\/imais.online\/portal\/wp-json\/wp\/v2\/media?parent=23456"}],"wp:term":[{"taxonomy":"category","embeddable":true,"href":"https:\/\/imais.online\/portal\/wp-json\/wp\/v2\/categories?post=23456"},{"taxonomy":"post_tag","embeddable":true,"href":"https:\/\/imais.online\/portal\/wp-json\/wp\/v2\/tags?post=23456"}],"curies":[{"name":"wp","href":"https:\/\/api.w.org\/{rel}","templated":true}]}}