{"id":23474,"date":"2024-07-08T10:58:35","date_gmt":"2024-07-08T13:58:35","guid":{"rendered":"https:\/\/imais.online\/portal\/?p=23474"},"modified":"2024-07-08T10:58:36","modified_gmt":"2024-07-08T13:58:36","slug":"em-um-dos-piores-ataques-russia-atinge-hospital-pediatrico-em-kiev-e-mata-28","status":"publish","type":"post","link":"https:\/\/imais.online\/portal\/em-um-dos-piores-ataques-russia-atinge-hospital-pediatrico-em-kiev-e-mata-28\/","title":{"rendered":"Em um dos piores ataques, R\u00fassia atinge hospital pedi\u00e1trico em Kiev e mata 28"},"content":{"rendered":"<div class=\"imais-before-content-placement\" id=\"imais-3099954285\"><script async src=\"\/\/pagead2.googlesyndication.com\/pagead\/js\/adsbygoogle.js?client=ca-pub-8787528412751566\" crossorigin=\"anonymous\"><\/script><ins class=\"adsbygoogle\" style=\"display:block;\" data-ad-client=\"ca-pub-8787528412751566\" \ndata-ad-slot=\"\" \ndata-ad-format=\"auto\"><\/ins>\n<script> \n(adsbygoogle = window.adsbygoogle || []).push({}); \n<\/script>\n<\/div>\n<h2 class=\"wp-block-heading\">Ataque \u00e9 um dos piores desde o in\u00edcio da guerra, segundo prefeito da capital ucraniana. Zelensky disse que h\u00e1 v\u00e1rias pessoas presas nos escombros do hospital.<\/h2>\n\n\n\n<p>Em um dos piores bombardeios desde o in\u00edcio da guerra, a R\u00fassia voltou a atacar Kiev nesta segunda-feira (8) com um lan\u00e7amento em s\u00e9rie de m\u00edsseis que deixaram cerca de&nbsp;<strong>28 pessoas mortas e atingiu um hospital pedi\u00e1trico<\/strong>, segundo autoridades locais.<\/p>\n\n\n\n<p>O hospital pedi\u00e1trico Ohmatdyt, o maior de Kiev, foi parcialmente destru\u00eddo. Imagens do local mostraram que uma das fachadas veio totalmente abaixo, e autoridades disseram que h\u00e1 crian\u00e7as entre os mortos.<\/p>\n\n\n\n<p>O presidente ucraniano, Volodymyr Zelensky, afirmou que v\u00e1rias pessoas estavam presas sob os escombros do hospital.<\/p>\n\n\n\n<blockquote class=\"wp-block-quote is-layout-flow wp-block-quote-is-layout-flow\">\n<p>&#8220;H\u00e1 pessoas sob os escombros e ainda n\u00e3o sabemos o n\u00famero exato de v\u00edtimas. No momento, todos est\u00e3o ajudando a retirar os escombros, tanto m\u00e9dicos como pessoas comuns&#8221;, disse o presidente.<\/p>\n<\/blockquote>\n\n\n\n<p>O prefeito da capital ucraniana disse que este \u00e9 um dos piores ataques \u00e0 cidade desde o in\u00edcio da guerra na Ucr\u00e2nia, h\u00e1 mais de dois anos. A R\u00fassia disparou&nbsp;<strong>mais de 40 m\u00edsseis contra Kiev<\/strong>, ainda segundo o prefeito.<\/p>\n\n\n\n<p>Outras cidades do centro e do leste do pa\u00eds tamb\u00e9m foram alvejadas, como Dnipro, Sloviansk, Kramatorsk e a cidade-natal de Zelensky (<em>leia mais abaixo<\/em>). Os bombardeios tamb\u00e9m destru\u00edram tr\u00eas subesta\u00e7\u00f5es de energia el\u00e9trica da cidade, informou a operadora local, a DTEK.<\/p>\n\n\n\n<p>A\u00a0<strong>R\u00fassia negou ter atingido alvos civis<\/strong>. Nesta manh\u00e3, o Minist\u00e9rio da Defesa russo disse ter atacado apenas bases a\u00e9reas militares em territ\u00f3rio ucraniano.<\/p>\n\n\n\n<p>Dez das 20 mortes aconteceram na cidade-natal de Zelensky, Kryvyi Rih, no centro do pa\u00eds. Segundo o prefeito local, outras 30 pessoas tamb\u00e9m ficaram feridas.<\/p>\n\n\n\n<p>Em Dnipro, um arranha-c\u00e9u e uma empresa foram danificados, afirmou o governador de Dnipropetrovsk, Sergei Lysak. O ataque tamb\u00e9m atingiu um posto de gasolina, onde deixou feridos.<\/p>\n\n\n\n<p>No leste da Ucr\u00e2nia, na regi\u00e3o de Donetsk, onde as\u00a0<strong>for\u00e7as russas avan\u00e7aram nas \u00faltimas semanas<\/strong>, pelo menos tr\u00eas pessoas morreram em Pokrovsk, uma cidade que antes da guerra tinha quase 60 mil habitantes.<\/p>\n\n\n\n<p>O Kremlin n\u00e3o reagiu aos bombardeios, mas normalmente insiste que n\u00e3o ataca instala\u00e7\u00f5es civis.<\/p>\n\n\n\n<blockquote class=\"wp-block-quote is-layout-flow wp-block-quote-is-layout-flow\">\n<p>&#8220;Este bombardeio afetou civis, atingiu infraestruturas, e o mundo inteiro deveria ver hoje as consequ\u00eancias do terror, que s\u00f3 podem ser respondidas com for\u00e7a&#8221;, disse o chefe do gabinete presidencial da Ucr\u00e2nia, Andrei Yermak.<\/p>\n<\/blockquote>\n\n\n\n<p>Zelensky, que nesta semana ir\u00e1 a Washington, nos EUA, para participar de uma c\u00fapula da Otan, pediu aos aliados que enviem mais sistemas de defesa antia\u00e9rea \u00e0 Ucr\u00e2nia, pa\u00eds devastado por mais de dois anos de guerra.<\/p>\n\n\n\n<p>&#8220;A R\u00fassia n\u00e3o pode afirmar que ignora por onde voam os seus m\u00edsseis e deve prestar contas por todos os seus crimes&#8221;, denunciou o presidente ucraniano em outra mensagem nas redes sociais.<\/p>\n\n\n\n<p>Fonte G1<\/p>\n","protected":false},"excerpt":{"rendered":"<p>Ataque \u00e9 um dos piores desde o in\u00edcio da guerra, segundo prefeito da capital ucraniana. Zelensky disse que h\u00e1 v\u00e1rias pessoas presas nos escombros do hospital. Em um dos piores bombardeios desde o in\u00edcio da guerra, a R\u00fassia voltou a atacar Kiev nesta segunda-feira (8) com um lan\u00e7amento em s\u00e9rie de m\u00edsseis que deixaram cerca [&hellip;]<\/p>\n","protected":false},"author":8,"featured_media":23476,"comment_status":"closed","ping_status":"open","sticky":false,"template":"","format":"standard","meta":{"rop_custom_images_group":[],"rop_custom_messages_group":[],"rop_publish_now":"initial","rop_publish_now_accounts":[],"rop_publish_now_history":[],"rop_publish_now_status":"pending","footnotes":""},"categories":[265,212],"tags":[73],"class_list":["post-23474","post","type-post","status-publish","format-standard","has-post-thumbnail","hentry","category-guerra","category-internacional","tag-featured"],"amp_enabled":true,"_links":{"self":[{"href":"https:\/\/imais.online\/portal\/wp-json\/wp\/v2\/posts\/23474","targetHints":{"allow":["GET"]}}],"collection":[{"href":"https:\/\/imais.online\/portal\/wp-json\/wp\/v2\/posts"}],"about":[{"href":"https:\/\/imais.online\/portal\/wp-json\/wp\/v2\/types\/post"}],"author":[{"embeddable":true,"href":"https:\/\/imais.online\/portal\/wp-json\/wp\/v2\/users\/8"}],"replies":[{"embeddable":true,"href":"https:\/\/imais.online\/portal\/wp-json\/wp\/v2\/comments?post=23474"}],"version-history":[{"count":1,"href":"https:\/\/imais.online\/portal\/wp-json\/wp\/v2\/posts\/23474\/revisions"}],"predecessor-version":[{"id":23477,"href":"https:\/\/imais.online\/portal\/wp-json\/wp\/v2\/posts\/23474\/revisions\/23477"}],"wp:featuredmedia":[{"embeddable":true,"href":"https:\/\/imais.online\/portal\/wp-json\/wp\/v2\/media\/23476"}],"wp:attachment":[{"href":"https:\/\/imais.online\/portal\/wp-json\/wp\/v2\/media?parent=23474"}],"wp:term":[{"taxonomy":"category","embeddable":true,"href":"https:\/\/imais.online\/portal\/wp-json\/wp\/v2\/categories?post=23474"},{"taxonomy":"post_tag","embeddable":true,"href":"https:\/\/imais.online\/portal\/wp-json\/wp\/v2\/tags?post=23474"}],"curies":[{"name":"wp","href":"https:\/\/api.w.org\/{rel}","templated":true}]}}