{"id":23481,"date":"2024-07-08T11:02:19","date_gmt":"2024-07-08T14:02:19","guid":{"rendered":"https:\/\/imais.online\/portal\/?p=23481"},"modified":"2024-07-08T11:02:20","modified_gmt":"2024-07-08T14:02:20","slug":"na-franca-macron-rejeita-pedido-de-renuncia-do-primeiro-ministro-apos-vitoria-da-esquerda","status":"publish","type":"post","link":"https:\/\/imais.online\/portal\/na-franca-macron-rejeita-pedido-de-renuncia-do-primeiro-ministro-apos-vitoria-da-esquerda\/","title":{"rendered":"Na Fran\u00e7a, Macron rejeita pedido de ren\u00fancia do primeiro-ministro, ap\u00f3s vit\u00f3ria da esquerda"},"content":{"rendered":"<div class=\"imais-before-content-placement\" id=\"imais-3384149402\"><script async src=\"\/\/pagead2.googlesyndication.com\/pagead\/js\/adsbygoogle.js?client=ca-pub-8787528412751566\" crossorigin=\"anonymous\"><\/script><ins class=\"adsbygoogle\" style=\"display:block;\" data-ad-client=\"ca-pub-8787528412751566\" \ndata-ad-slot=\"\" \ndata-ad-format=\"auto\"><\/ins>\n<script> \n(adsbygoogle = window.adsbygoogle || []).push({}); \n<\/script>\n<\/div>\n<h2 class=\"wp-block-heading\">Eleitores foram \u00e0s urnas neste domingo para escolher seus representantes e houve uma virada sobre os favoritos da direita<\/h2>\n\n\n\n<p>O presidente da Fran\u00e7a, Emmanuel Macron, rejeitou um pedido de ren\u00fancia do primeiro-ministro Gabriel Attal nesta segunda-feira (8) e pediu que ele permane\u00e7a temporariamente no cargo,&nbsp;<a href=\"https:\/\/noticias.r7.com\/internacional\/esquerda-vence-eleicoes-e-freia-ascensao-da-direita-com-ajuda-do-centro-na-franca-08072024\/\" target=\"_blank\" rel=\"noreferrer noopener\">ap\u00f3s o surpreendente resultado das elei\u00e7\u00f5es legislativas<\/a>&nbsp;deixar o governo em um limbo pol\u00edtico.<\/p>\n\n\n\n<p>Os eleitores dividiram o Parlamento franc\u00eas entre a esquerda, o centro e a extrema-direita, n\u00e3o deixando qualquer uma das fac\u00e7\u00f5es sequer pr\u00f3xima de garantir a maioria absoluta para a forma\u00e7\u00e3o de um governo. Os resultados das elei\u00e7\u00f5es de domingo (7) elevaram os riscos de paralisia na segunda maior economia da Uni\u00e3o Europeia.<\/p>\n\n\n\n<p>O principal \u00edndice acion\u00e1rio franc\u00eas abriu em queda nesta segunda, mas logo se recuperou, possivelmente porque os mercados temiam uma vit\u00f3ria absoluta da extrema direita ou da coliga\u00e7\u00e3o esquerdista.<\/p>\n\n\n\n<p>Attal disse que permaneceria no cargo se necess\u00e1rio, mas apresentou sua ren\u00fancia formal na manh\u00e3 desta segunda. Macron, que o nomeou h\u00e1 apenas sete meses, pediu de imediato ao premi\u00ea que siga no cargo \u201cpara garantir a estabilidade do pa\u00eds\u201d.<\/p>\n\n\n\n<p>Fonte R7<\/p>\n","protected":false},"excerpt":{"rendered":"<p>Eleitores foram \u00e0s urnas neste domingo para escolher seus representantes e houve uma virada sobre os favoritos da direita O presidente da Fran\u00e7a, Emmanuel Macron, rejeitou um pedido de ren\u00fancia do primeiro-ministro Gabriel Attal nesta segunda-feira (8) e pediu que ele permane\u00e7a temporariamente no cargo,&nbsp;ap\u00f3s o surpreendente resultado das elei\u00e7\u00f5es legislativas&nbsp;deixar o governo em um [&hellip;]<\/p>\n","protected":false},"author":8,"featured_media":23482,"comment_status":"closed","ping_status":"open","sticky":false,"template":"","format":"standard","meta":{"rop_custom_images_group":[],"rop_custom_messages_group":[],"rop_publish_now":"initial","rop_publish_now_accounts":[],"rop_publish_now_history":[],"rop_publish_now_status":"pending","footnotes":""},"categories":[212],"tags":[],"class_list":["post-23481","post","type-post","status-publish","format-standard","has-post-thumbnail","hentry","category-internacional"],"amp_enabled":true,"_links":{"self":[{"href":"https:\/\/imais.online\/portal\/wp-json\/wp\/v2\/posts\/23481","targetHints":{"allow":["GET"]}}],"collection":[{"href":"https:\/\/imais.online\/portal\/wp-json\/wp\/v2\/posts"}],"about":[{"href":"https:\/\/imais.online\/portal\/wp-json\/wp\/v2\/types\/post"}],"author":[{"embeddable":true,"href":"https:\/\/imais.online\/portal\/wp-json\/wp\/v2\/users\/8"}],"replies":[{"embeddable":true,"href":"https:\/\/imais.online\/portal\/wp-json\/wp\/v2\/comments?post=23481"}],"version-history":[{"count":1,"href":"https:\/\/imais.online\/portal\/wp-json\/wp\/v2\/posts\/23481\/revisions"}],"predecessor-version":[{"id":23483,"href":"https:\/\/imais.online\/portal\/wp-json\/wp\/v2\/posts\/23481\/revisions\/23483"}],"wp:featuredmedia":[{"embeddable":true,"href":"https:\/\/imais.online\/portal\/wp-json\/wp\/v2\/media\/23482"}],"wp:attachment":[{"href":"https:\/\/imais.online\/portal\/wp-json\/wp\/v2\/media?parent=23481"}],"wp:term":[{"taxonomy":"category","embeddable":true,"href":"https:\/\/imais.online\/portal\/wp-json\/wp\/v2\/categories?post=23481"},{"taxonomy":"post_tag","embeddable":true,"href":"https:\/\/imais.online\/portal\/wp-json\/wp\/v2\/tags?post=23481"}],"curies":[{"name":"wp","href":"https:\/\/api.w.org\/{rel}","templated":true}]}}