{"id":23487,"date":"2024-07-08T11:10:25","date_gmt":"2024-07-08T14:10:25","guid":{"rendered":"https:\/\/imais.online\/portal\/?p=23487"},"modified":"2024-07-08T11:10:26","modified_gmt":"2024-07-08T14:10:26","slug":"maconha-para-uso-pessoal-estudo-mostra-que-regra-aprovada-pelo-stf-poderia-reduzir-ate-24-do-sistema-prisional","status":"publish","type":"post","link":"https:\/\/imais.online\/portal\/maconha-para-uso-pessoal-estudo-mostra-que-regra-aprovada-pelo-stf-poderia-reduzir-ate-24-do-sistema-prisional\/","title":{"rendered":"Maconha para uso pessoal: estudo mostra que regra aprovada pelo STF poderia reduzir at\u00e9 2,4% do sistema prisional"},"content":{"rendered":"<div class=\"imais-before-content-placement\" id=\"imais-877600638\"><script async src=\"\/\/pagead2.googlesyndication.com\/pagead\/js\/adsbygoogle.js?client=ca-pub-8787528412751566\" crossorigin=\"anonymous\"><\/script><ins class=\"adsbygoogle\" style=\"display:block;\" data-ad-client=\"ca-pub-8787528412751566\" \ndata-ad-slot=\"\" \ndata-ad-format=\"auto\"><\/ins>\n<script> \n(adsbygoogle = window.adsbygoogle || []).push({}); \n<\/script>\n<\/div>\n<h2 class=\"wp-block-heading\">Documento aponta tamb\u00e9m que descriminaliza\u00e7\u00e3o da subst\u00e2ncia representaria uma economia anual de at\u00e9 R$ 591 milh\u00f5es<\/h2>\n\n\n\n<p>Um estudo elaborado pelo Ipea (Instituto de Pesquisa Econ\u00f4mica Aplicada) aponta que caso a decis\u00e3o de\u00a0descriminaliza\u00e7\u00e3o da maconha para uso pessoal, dada pelo STF (Supremo Tribunal Federal)<strong>,<\/strong>\u00a0fosse retroativa, a medida poderia afetar entre 1% e 2,4% da popula\u00e7\u00e3o prisional brasileira, o que representaria uma economia anual de at\u00e9 R$ 591 milh\u00f5es para o sistema.<\/p>\n\n\n\n<p>Recentemente, o STF (Supremo Tribunal Federal) decidiu descriminalizar o porte de maconha para uso pessoal,\u00a0com a autoriza\u00e7\u00e3o de 40 gramas ou seis plantas f\u00eameas.\u00a0Na hip\u00f3tese de pris\u00e3o por quantidades inferiores \u00e0 fixada, dever\u00e1 o juiz avaliar as raz\u00f5es invocadas para o afastamento da presun\u00e7\u00e3o de porte para uso pr\u00f3prio. O caso tem repercuss\u00e3o geral, ou seja, a decis\u00e3o da mais alta Corte dever\u00e1 ser usada pelos demais tribunais de todo o pa\u00eds em caso ligados ao tema.<\/p>\n\n\n\n<p>O estudo do Ipea aponta que a coca\u00edna \u00e9 a droga mais frequentemente referenciada em processos criminais por tr\u00e1fico de drogas, com 70,2% dos casos, com quantidade mediana de 24 gramas. A segunda droga mais comum \u00e9 a maconha, com 67,1% dos processos, com uma mediana de 85 gramas.<\/p>\n\n\n\n<p>Os pesquisadores argumentam que, no cen\u00e1rio nacional, observa-se a predomin\u00e2ncia de pequenas quantidades de entorpecentes nas a\u00e7\u00f5es judiciais, casos em que seria poss\u00edvel presumir posse de drogas para uso pessoal, caso fossem adotados crit\u00e9rios objetivos de quantidade.<\/p>\n\n\n\n<p>De acordo com o estudo, 58,7% das a\u00e7\u00f5es envolvendo maconha s\u00e3o por menos de 150 gramas da subst\u00e2ncia; 27,3% entre 151 gramas e 2 kg; 11,1% acima de 2 kg e 3,2% sem informa\u00e7\u00f5es acerca da quantidade. A pesquisa do Ipea destaca, ainda, a exist\u00eancia de varia\u00e7\u00f5es regionais significativas. \u201cA mediana de maconha apreendida variou de 20 a 1.140 gramas, e a de coca\u00edna entre cinco a 96 gramas, a depender da Unidade da Federa\u00e7\u00e3o\u201d, diz.<\/p>\n\n\n\n<p>\u201cA depender dos par\u00e2metros considerados, entre 23% e 35% dos r\u00e9us processados por tr\u00e1fico portavam quantidades de cannabis e\/ou coca\u00edna compat\u00edveis com padr\u00f5es de uso pessoal e, com crit\u00e9rios objetivos, poderiam ser considerados usu\u00e1rios. No sistema prisional, se houvesse crit\u00e9rios objetivos para cannabis e coca\u00edna, entre 5,2% e 8,2% dos presos poderiam ser considerados usu\u00e1rios, o que resultaria em uma economia anual de R$ 1,3 bilh\u00e3o a R$ 2 bilh\u00f5es\u201d, afirmou a t\u00e9cnica de desenvolvimento e administra\u00e7\u00e3o do Ipea Milena Karla Soares.<\/p>\n\n\n\n<p>Fonte R7<\/p>\n","protected":false},"excerpt":{"rendered":"<p>Documento aponta tamb\u00e9m que descriminaliza\u00e7\u00e3o da subst\u00e2ncia representaria uma economia anual de at\u00e9 R$ 591 milh\u00f5es Um estudo elaborado pelo Ipea (Instituto de Pesquisa Econ\u00f4mica Aplicada) aponta que caso a decis\u00e3o de\u00a0descriminaliza\u00e7\u00e3o da maconha para uso pessoal, dada pelo STF (Supremo Tribunal Federal),\u00a0fosse retroativa, a medida poderia afetar entre 1% e 2,4% da popula\u00e7\u00e3o prisional [&hellip;]<\/p>\n","protected":false},"author":8,"featured_media":23488,"comment_status":"closed","ping_status":"open","sticky":false,"template":"","format":"standard","meta":{"rop_custom_images_group":[],"rop_custom_messages_group":[],"rop_publish_now":"initial","rop_publish_now_accounts":[],"rop_publish_now_history":[],"rop_publish_now_status":"pending","footnotes":""},"categories":[189],"tags":[],"class_list":["post-23487","post","type-post","status-publish","format-standard","has-post-thumbnail","hentry","category-brasil"],"amp_enabled":true,"_links":{"self":[{"href":"https:\/\/imais.online\/portal\/wp-json\/wp\/v2\/posts\/23487","targetHints":{"allow":["GET"]}}],"collection":[{"href":"https:\/\/imais.online\/portal\/wp-json\/wp\/v2\/posts"}],"about":[{"href":"https:\/\/imais.online\/portal\/wp-json\/wp\/v2\/types\/post"}],"author":[{"embeddable":true,"href":"https:\/\/imais.online\/portal\/wp-json\/wp\/v2\/users\/8"}],"replies":[{"embeddable":true,"href":"https:\/\/imais.online\/portal\/wp-json\/wp\/v2\/comments?post=23487"}],"version-history":[{"count":1,"href":"https:\/\/imais.online\/portal\/wp-json\/wp\/v2\/posts\/23487\/revisions"}],"predecessor-version":[{"id":23489,"href":"https:\/\/imais.online\/portal\/wp-json\/wp\/v2\/posts\/23487\/revisions\/23489"}],"wp:featuredmedia":[{"embeddable":true,"href":"https:\/\/imais.online\/portal\/wp-json\/wp\/v2\/media\/23488"}],"wp:attachment":[{"href":"https:\/\/imais.online\/portal\/wp-json\/wp\/v2\/media?parent=23487"}],"wp:term":[{"taxonomy":"category","embeddable":true,"href":"https:\/\/imais.online\/portal\/wp-json\/wp\/v2\/categories?post=23487"},{"taxonomy":"post_tag","embeddable":true,"href":"https:\/\/imais.online\/portal\/wp-json\/wp\/v2\/tags?post=23487"}],"curies":[{"name":"wp","href":"https:\/\/api.w.org\/{rel}","templated":true}]}}