{"id":23502,"date":"2024-07-09T12:03:59","date_gmt":"2024-07-09T15:03:59","guid":{"rendered":"https:\/\/imais.online\/portal\/?p=23502"},"modified":"2024-07-09T12:04:00","modified_gmt":"2024-07-09T15:04:00","slug":"queda-de-temperatura-e-chuva-podem-levar-a-recorde-de-frio-neste-feriado","status":"publish","type":"post","link":"https:\/\/imais.online\/portal\/queda-de-temperatura-e-chuva-podem-levar-a-recorde-de-frio-neste-feriado\/","title":{"rendered":"Queda de temperatura e chuva podem levar a recorde de frio neste feriado"},"content":{"rendered":"<div class=\"imais-before-content-placement\" id=\"imais-1569069287\"><script async src=\"\/\/pagead2.googlesyndication.com\/pagead\/js\/adsbygoogle.js?client=ca-pub-8787528412751566\" crossorigin=\"anonymous\"><\/script><ins class=\"adsbygoogle\" style=\"display:block;\" data-ad-client=\"ca-pub-8787528412751566\" \ndata-ad-slot=\"\" \ndata-ad-format=\"auto\"><\/ins>\n<script> \n(adsbygoogle = window.adsbygoogle || []).push({}); \n<\/script>\n<\/div>\n<h2 class=\"wp-block-heading\">Dia ser\u00e1 de muitas nuvens e pancadas de chuvas isoladas. A temperatura m\u00e1xima n\u00e3o deve passar dos 19\u00b0C e a m\u00ednima, de 11\u00b0C<\/h2>\n\n\n\n<p>A chegada de uma<a href=\"https:\/\/noticias.r7.com\/sao-paulo\/tempo-vira-em-sp-a-partir-desta-segunda-feira-veja-a-previsao-do-tempo-para-a-semana-07072024\/\" target=\"_blank\" rel=\"noreferrer noopener\"><u><strong>&nbsp;nova frente fria<\/strong><\/u><\/a>&nbsp;trouxe mais umidade ao estado de S\u00e3o Paulo, que tem previs\u00e3o de chuva e de frio mais intenso nesta ter\u00e7a-feira (9), feriado estadual da Revolu\u00e7\u00e3o Constitucionalista. Segundo o Inmet (Instituto Nacional de Meteorologia), o dia ser\u00e1 de muitas nuvens e pancadas de chuvas isoladas. A temperatura m\u00e1xima n\u00e3o deve passar dos 19\u00b0C e a m\u00ednima, de 11\u00b0C.<\/p>\n\n\n\n<p>O instituto tamb\u00e9m emitiu alerta chuvas intensas para o Sul do estado e no Paran\u00e1, entre 20 e 30 mm\/h ou at\u00e9 50 mm\/dia, al\u00e9m de ventos de 40 a 60 km\/h.<\/p>\n\n\n\n<p>Ao longo da semana, segundo a Climatempo, alguns eventos de chuva, intercalados com alguns dias mais tranquilos, devem ser registrados. Na quinta-feira (11), boa parte do estado volta a ter mais sol e tempo firme, com eleva\u00e7\u00e3o r\u00e1pida nas temperaturas, devido \u00e0 condi\u00e7\u00e3o de pr\u00e9-frontal.<\/p>\n\n\n\n<p>Na sexta (12), a chegada de uma nova frente fria volta espalhar mais instabilidades no estado de S\u00e3o Paulo, litoral, sul e oeste paulista, v\u00e3o terminar a semana com tempo mais fechado e chuvoso.<\/p>\n\n\n\n<p><strong>Veja previs\u00f5es para S\u00e3o Paulo, segundo dados do Inmet<\/strong><\/p>\n\n\n\n<ul class=\"wp-block-list\">\n<li>Ter\u00e7a-feira (9): m\u00ednima de 11\u00baC, m\u00e1xima de 19\u00baC<\/li>\n\n\n\n<li>Quarta-feira (10): m\u00ednima de 11\u00baC, m\u00e1xima de 23\u00baC<\/li>\n\n\n\n<li>Quinta-feira (11): m\u00ednima de 13\u00baC, m\u00e1xima de 26\u00baC<\/li>\n\n\n\n<li>Sexta-feira (12): m\u00ednima de 12\u00baC, m\u00e1xima de 21\u00baC<\/li>\n\n\n\n<li>S\u00e1bado (13): m\u00ednima de 12\u00baC, m\u00e1xima de 16\u00baC<\/li>\n\n\n\n<li>Domingo (14): m\u00ednima de 13\u00baC, m\u00e1xima de 16\u00baC<\/li>\n<\/ul>\n\n\n\n<p><strong>Sul do pa\u00eds<\/strong><\/p>\n\n\n\n<p>No Sul do pa\u00eds, o frio tamb\u00e9m se intensifica. Porto Alegre (RS) tem m\u00ednima prevista de 7\u00b0C e m\u00e1xima, de 13\u00b0C, com chuva, nesta ter\u00e7a-feira (9). O clima se mant\u00e9m frio ao longo da semana. Os term\u00f4metros em Florian\u00f3polis (SC) devem variar entre 12\u00b0C e 17\u00b0C, e, em Curitiba (PR), entre 8\u00b0C e 13\u00b0C.<\/p>\n\n\n\n<p>Fonte R7<\/p>\n","protected":false},"excerpt":{"rendered":"<p>Dia ser\u00e1 de muitas nuvens e pancadas de chuvas isoladas. A temperatura m\u00e1xima n\u00e3o deve passar dos 19\u00b0C e a m\u00ednima, de 11\u00b0C A chegada de uma&nbsp;nova frente fria&nbsp;trouxe mais umidade ao estado de S\u00e3o Paulo, que tem previs\u00e3o de chuva e de frio mais intenso nesta ter\u00e7a-feira (9), feriado estadual da Revolu\u00e7\u00e3o Constitucionalista. Segundo [&hellip;]<\/p>\n","protected":false},"author":8,"featured_media":23503,"comment_status":"closed","ping_status":"open","sticky":false,"template":"","format":"standard","meta":{"rop_custom_images_group":[],"rop_custom_messages_group":[],"rop_publish_now":"initial","rop_publish_now_accounts":[],"rop_publish_now_history":[],"rop_publish_now_status":"pending","footnotes":""},"categories":[195],"tags":[],"class_list":["post-23502","post","type-post","status-publish","format-standard","has-post-thumbnail","hentry","category-sao-paulo"],"amp_enabled":true,"_links":{"self":[{"href":"https:\/\/imais.online\/portal\/wp-json\/wp\/v2\/posts\/23502","targetHints":{"allow":["GET"]}}],"collection":[{"href":"https:\/\/imais.online\/portal\/wp-json\/wp\/v2\/posts"}],"about":[{"href":"https:\/\/imais.online\/portal\/wp-json\/wp\/v2\/types\/post"}],"author":[{"embeddable":true,"href":"https:\/\/imais.online\/portal\/wp-json\/wp\/v2\/users\/8"}],"replies":[{"embeddable":true,"href":"https:\/\/imais.online\/portal\/wp-json\/wp\/v2\/comments?post=23502"}],"version-history":[{"count":1,"href":"https:\/\/imais.online\/portal\/wp-json\/wp\/v2\/posts\/23502\/revisions"}],"predecessor-version":[{"id":23504,"href":"https:\/\/imais.online\/portal\/wp-json\/wp\/v2\/posts\/23502\/revisions\/23504"}],"wp:featuredmedia":[{"embeddable":true,"href":"https:\/\/imais.online\/portal\/wp-json\/wp\/v2\/media\/23503"}],"wp:attachment":[{"href":"https:\/\/imais.online\/portal\/wp-json\/wp\/v2\/media?parent=23502"}],"wp:term":[{"taxonomy":"category","embeddable":true,"href":"https:\/\/imais.online\/portal\/wp-json\/wp\/v2\/categories?post=23502"},{"taxonomy":"post_tag","embeddable":true,"href":"https:\/\/imais.online\/portal\/wp-json\/wp\/v2\/tags?post=23502"}],"curies":[{"name":"wp","href":"https:\/\/api.w.org\/{rel}","templated":true}]}}