{"id":23508,"date":"2024-07-09T12:19:13","date_gmt":"2024-07-09T15:19:13","guid":{"rendered":"https:\/\/imais.online\/portal\/?p=23508"},"modified":"2024-07-09T12:19:14","modified_gmt":"2024-07-09T15:19:14","slug":"annabelle-original-usada-nos-filmes-invocacao-do-mal-foi-queimada-no-incendio-em-exposicao-da-casa-warner-no-rio","status":"publish","type":"post","link":"https:\/\/imais.online\/portal\/annabelle-original-usada-nos-filmes-invocacao-do-mal-foi-queimada-no-incendio-em-exposicao-da-casa-warner-no-rio\/","title":{"rendered":"Annabelle original, usada nos filmes &#8216;Invoca\u00e7\u00e3o do Mal&#8217;, foi queimada no inc\u00eandio em exposi\u00e7\u00e3o da Casa Warner no Rio"},"content":{"rendered":"<div class=\"imais-before-content-placement\" id=\"imais-1947449362\"><script async src=\"\/\/pagead2.googlesyndication.com\/pagead\/js\/adsbygoogle.js?client=ca-pub-8787528412751566\" crossorigin=\"anonymous\"><\/script><ins class=\"adsbygoogle\" style=\"display:block;\" data-ad-client=\"ca-pub-8787528412751566\" \ndata-ad-slot=\"\" \ndata-ad-format=\"auto\"><\/ins>\n<script> \n(adsbygoogle = window.adsbygoogle || []).push({}); \n<\/script>\n<\/div>\n<h2 class=\"wp-block-heading\">Exposi\u00e7\u00e3o interativa dedicada a personagens dos est\u00fadios Warner Bros pegou fogo na madrugada desta ter\u00e7a-feira no Shopping Nova Am\u00e9rica; anteriormente, boneca teria &#8220;fugido&#8221; de museu nos EUA<\/h2>\n\n\n\n<p>A boneca&nbsp;<strong>Annabelle<\/strong>, usada nas grava\u00e7\u00f5es dos filmes de terror da franquia &#8216;Invoca\u00e7\u00e3o do Mal&#8217;, estava entre os itens que foram destru\u00eddos no inc\u00eandio da exposi\u00e7\u00e3o interativa Casa Warner na madrugada desta ter\u00e7a-feira (9), no estacionamento do Shopping Nova Am\u00e9rica, na Zona Norte do Rio de Janeiro. A presen\u00e7a da boneca no local viralizou nas redes sociais e chegou a virar meme.<\/p>\n\n\n\n<p>A exposi\u00e7\u00e3o tinha 1.500 m\u00b2 e reunia espa\u00e7os tem\u00e1ticos, itens de filmes e personagens em tamanho real de filmes e s\u00e9ries do est\u00fadio Warner Bros, como a franquia&nbsp;<strong>Harry Potter<\/strong>; filmes de her\u00f3is da DC, como&nbsp;<strong>Mulher Maravilha<\/strong>,&nbsp;<strong>Batman<\/strong>&nbsp;e&nbsp;<strong>Super-Homem<\/strong>; os desenhos animados<em>&nbsp;Scooby Doo&nbsp;<\/em>e&nbsp;<em>Rick and Morty<\/em>; e s\u00e9ries como&nbsp;<em>Friends&nbsp;<\/em>e<em>&nbsp;The Big Bang Theory<\/em>. At\u00e9 o momento, n\u00e3o se sabe qual foi a causa do inc\u00eandio e per\u00edcia ser\u00e1 realizada.<\/p>\n\n\n\n<p>Dentro da exposi\u00e7\u00e3o, a boneca Annabelle foi trancada sentada em uma vitrine de madeira e vidro. &#8220;Aviso: N\u00e3o abra em hip\u00f3tese alguma&#8221;, diz uma placa posicionada na parte de cima da vitrine. No filme, a boneca atrai pessoas e, depois, faz com que trag\u00e9dias aconte\u00e7am ao redor delas.<\/p>\n\n\n\n<p>No X (antigo Twitter), a coincid\u00eancia n\u00e3o passou despercebida e reuniu diversas postagens de usu\u00e1rios. O nome da boneca chegou a figurar entre os assuntos mais comentados da rede social. &#8220;A culpada pelo inc\u00eandio na Casa Warner, no Nova Am\u00e9rica&#8221;, escreveu uma pessoa ao postar um v\u00eddeo de Annabelle na exposi\u00e7\u00e3o do Rio.<\/p>\n\n\n\n<p>O fato tamb\u00e9m virou meme, com algumas pessoas dizendo que agora a boneca est\u00e1 \u00e0 solta no Brasil. &#8220;Nem a Annabelle tankou&nbsp;<em>[g\u00edria para aguentou]&nbsp;<\/em>o Rio de Janeiro&#8221;, disse uma usu\u00e1ria. Outra pessoa &#8220;brinca&#8221; ao culpar o influenciador e YouTuber&nbsp;<strong>Felipe Neto<\/strong>, j\u00e1 que ele tirou uma foto segurando a boneca no colo. Veja rea\u00e7\u00f5es.<\/p>\n\n\n\n<p>Os filmes s\u00e3o inspirados nos contos dos investigadores paranormais e demonologistas<strong>&nbsp;Ed e Lorraien Warren<\/strong>, que ficaram conhecidos por ca\u00e7ar esp\u00edritos e registrar atividades paranormais. A trilogia principal de filmes, estrelada por&nbsp;<strong>Vera Farmiga<\/strong>&nbsp;e&nbsp;<strong>Patrick Wilson<\/strong>&nbsp;no papel do casal, faturou R$ 3,5 bilh\u00f5es em todo o mundo.<\/p>\n\n\n\n<h2 class=\"wp-block-heading\">Boneca Annabelle teria &#8220;fugido&#8221; de museu oculto nos EUA<\/h2>\n\n\n\n<figure class=\"wp-block-image\"><img decoding=\"async\" src=\"https:\/\/s2-marieclaire.glbimg.com\/R6QYa4P1jh4un07msIHD-B2-cjE=\/0x0:640x481\/984x0\/smart\/filters:strip_icc()\/i.s3.glbimg.com\/v1\/AUTH_51f0194726ca4cae994c33379977582d\/internal_photos\/bs\/2023\/G\/t\/prkxnQQhqLlFbSUAwj3Q\/2020-08-14-annabelle-doll-boneca-filme.jpeg\" alt=\"A boneca Annabelle j\u00e1 'escapou' de um museu \u2014 Foto: Divulga\u00e7\u00e3o\"\/><figcaption class=\"wp-element-caption\">A boneca Annabelle j\u00e1 &#8216;escapou&#8217; de um museu \u2014 Foto: Divulga\u00e7\u00e3o<\/figcaption><\/figure>\n\n\n\n<p>Em abril de 2023, Annebelle esteve no centro de outra pol\u00eamica. Foi quando surgiram boatos de que a\u00a0Annebelle original, que inspirou o filme da boneca, teria fugido do Museu dos Ocultos Warren, na cidade Monroe, nos Estados Unidos. Trata-se do maior museu a reunir objetos ligados ao ocultismo, que teriam sido recolhidos pelo casal Warren ao longo dos anos.<\/p>\n\n\n\n<p>No entanto, tudo n\u00e3o se passou de um boato. Isso porque a Warner Bros divulgou um v\u00eddeo em que mostra a boneca entediada durante a pandemia, presa dentro dos est\u00fadios em Los Angeles. No fim do v\u00eddeo, Annabelle \u00e9 vista fugindo dos est\u00fadios usando uma m\u00e1scara, em um carrinho de golfe. O v\u00eddeo foi divulgado em 2021 como uma forma de incentivar a popula\u00e7\u00e3o mundial a cumprir per\u00edodo de quarentena para conter os efeitos da pandemia.<\/p>\n\n\n\n<p><\/p>\n\n\n<p><iframe loading=\"lazy\" title=\"Annabelle in Quarantine at Warner Bros. Studio Tour Hollywood\" width=\"740\" height=\"416\" src=\"https:\/\/www.youtube.com\/embed\/5t9GltWguVk?start=73&#038;feature=oembed\" frameborder=\"0\" allow=\"accelerometer; autoplay; clipboard-write; encrypted-media; gyroscope; picture-in-picture; web-share\" referrerpolicy=\"strict-origin-when-cross-origin\" allowfullscreen><\/iframe><\/p>\n\n\n<h2 class=\"wp-block-heading\">Qual \u00e9 a hist\u00f3ria por tr\u00e1s da boneca Annabelle?<\/h2>\n\n\n\n<figure class=\"wp-block-image\"><img decoding=\"async\" src=\"https:\/\/s2-marieclaire.glbimg.com\/Z0R1EjkFrMOSY4jJx5CdRHv6SjU=\/0x0:720x508\/984x0\/smart\/filters:strip_icc()\/i.s3.glbimg.com\/v1\/AUTH_51f0194726ca4cae994c33379977582d\/internal_photos\/bs\/2023\/P\/1\/gsJeWfTaAWAaBLiw7OsA\/2020-08-14-annabelle-doll-boneca.jpeg\" alt=\"A boneca original Annabelle est\u00e1 exposta dentro de uma caixa de vidro e \u00e9 considerado o item mais perigoso do museu (Foto: Reprodu\u00e7\u00e3o\/Warren Museum) \u2014 Foto: Marie Claire\"\/><figcaption class=\"wp-element-caption\">A boneca original Annabelle est\u00e1 exposta dentro de uma caixa de vidro e \u00e9 considerado o item mais perigoso do museu (Foto: Reprodu\u00e7\u00e3o\/Warren Museum) \u2014 Foto: Marie Claire<\/figcaption><\/figure>\n\n\n\n<p>Segundo Ed e Lorraine Warren, a boneca foi presenteada a uma estudante de enfermagem em 1986. O nome original dela era Raggedy Ann e, ao contr\u00e1rio da boneca dos filmes, sua apar\u00eancia \u00e9 muito mais infantil. A Annabelle original \u00e9 uma boneca de pano com olhos grandes, cabelos vermelhos e um grande sorriso no rosto.<\/p>\n\n\n\n<p>Segundo os pesquisadores paranormais, a boneca teria se comportado de maneira estranha, como trocar de lugar sozinha ou ter a impress\u00e3o de que a boneca estava viva, observando. Um m\u00e9dium ps\u00edquico teria dito para a aluna que o objeto feito de pano era habitado pelo esp\u00edrito de uma menina morta chamada &#8220;Annabelle&#8221;.<\/p>\n\n\n\n<p>Fonte Marie Claire<\/p>\n","protected":false},"excerpt":{"rendered":"<p>Exposi\u00e7\u00e3o interativa dedicada a personagens dos est\u00fadios Warner Bros pegou fogo na madrugada desta ter\u00e7a-feira no Shopping Nova Am\u00e9rica; anteriormente, boneca teria &#8220;fugido&#8221; de museu nos EUA A boneca&nbsp;Annabelle, usada nas grava\u00e7\u00f5es dos filmes de terror da franquia &#8216;Invoca\u00e7\u00e3o do Mal&#8217;, estava entre os itens que foram destru\u00eddos no inc\u00eandio da exposi\u00e7\u00e3o interativa Casa Warner [&hellip;]<\/p>\n","protected":false},"author":8,"featured_media":23509,"comment_status":"closed","ping_status":"open","sticky":false,"template":"","format":"standard","meta":{"rop_custom_images_group":[],"rop_custom_messages_group":[],"rop_publish_now":"initial","rop_publish_now_accounts":[],"rop_publish_now_history":[],"rop_publish_now_status":"pending","footnotes":""},"categories":[16],"tags":[],"class_list":["post-23508","post","type-post","status-publish","format-standard","has-post-thumbnail","hentry","category-entertainment"],"amp_enabled":true,"_links":{"self":[{"href":"https:\/\/imais.online\/portal\/wp-json\/wp\/v2\/posts\/23508","targetHints":{"allow":["GET"]}}],"collection":[{"href":"https:\/\/imais.online\/portal\/wp-json\/wp\/v2\/posts"}],"about":[{"href":"https:\/\/imais.online\/portal\/wp-json\/wp\/v2\/types\/post"}],"author":[{"embeddable":true,"href":"https:\/\/imais.online\/portal\/wp-json\/wp\/v2\/users\/8"}],"replies":[{"embeddable":true,"href":"https:\/\/imais.online\/portal\/wp-json\/wp\/v2\/comments?post=23508"}],"version-history":[{"count":1,"href":"https:\/\/imais.online\/portal\/wp-json\/wp\/v2\/posts\/23508\/revisions"}],"predecessor-version":[{"id":23510,"href":"https:\/\/imais.online\/portal\/wp-json\/wp\/v2\/posts\/23508\/revisions\/23510"}],"wp:featuredmedia":[{"embeddable":true,"href":"https:\/\/imais.online\/portal\/wp-json\/wp\/v2\/media\/23509"}],"wp:attachment":[{"href":"https:\/\/imais.online\/portal\/wp-json\/wp\/v2\/media?parent=23508"}],"wp:term":[{"taxonomy":"category","embeddable":true,"href":"https:\/\/imais.online\/portal\/wp-json\/wp\/v2\/categories?post=23508"},{"taxonomy":"post_tag","embeddable":true,"href":"https:\/\/imais.online\/portal\/wp-json\/wp\/v2\/tags?post=23508"}],"curies":[{"name":"wp","href":"https:\/\/api.w.org\/{rel}","templated":true}]}}