{"id":23522,"date":"2024-07-10T10:53:48","date_gmt":"2024-07-10T13:53:48","guid":{"rendered":"https:\/\/imais.online\/portal\/?p=23522"},"modified":"2024-07-10T10:53:49","modified_gmt":"2024-07-10T13:53:49","slug":"flores-de-inverno-10-especies-resistentes-ao-frio-para-ter-no-jardim","status":"publish","type":"post","link":"https:\/\/imais.online\/portal\/flores-de-inverno-10-especies-resistentes-ao-frio-para-ter-no-jardim\/","title":{"rendered":"Flores de inverno: 10 esp\u00e9cies resistentes ao frio para ter no jardim"},"content":{"rendered":"<div class=\"imais-before-content-placement\" id=\"imais-704584675\"><script async src=\"\/\/pagead2.googlesyndication.com\/pagead\/js\/adsbygoogle.js?client=ca-pub-8787528412751566\" crossorigin=\"anonymous\"><\/script><ins class=\"adsbygoogle\" style=\"display:block;\" data-ad-client=\"ca-pub-8787528412751566\" \ndata-ad-slot=\"\" \ndata-ad-format=\"auto\"><\/ins>\n<script> \n(adsbygoogle = window.adsbygoogle || []).push({}); \n<\/script>\n<\/div>\n<h2 class=\"wp-block-heading\">Deixe a sua casa (ou seu quintal) mais colorido com esp\u00e9cies que aguentam bem o clima ameno e confira dicas para cultiv\u00e1-las!<\/h2>\n\n\n\n<p>Engana-se quem pensa que flores s\u00f3 surgem na primavera. Esp\u00e9cies resistentes a baixas temperaturas s\u00e3o uma boa alternativa para avivar o\u00a0jardim, mesmo nos meses mais frios do ano. A seguir, conhe\u00e7a 10 plantas para cultivar na esta\u00e7\u00e3o!<\/p>\n\n\n\n<p><strong>1. Glic\u00ednia<\/strong><br>A trepadeira de infloresc\u00eancia azul-violeta \u00e9 uma alternativa para pergolados e cercas vivas. Prefere regi\u00f5es de frio intenso, como o sul do pa\u00eds, onde produz at\u00e9 frutos.<\/p>\n\n\n\n<p><strong>2. Cam\u00e9lia<\/strong><br>Vindo do oriente, o arbusto originalmente de\u00a0flores vermelhas\u00a0tamb\u00e9m possui variedades r\u00f3seas, brancas e bicolores. Cultivado em pleno sol, atinge 6 m de altura.<\/p>\n\n\n\n<figure class=\"wp-block-image\"><img decoding=\"async\" src=\"https:\/\/s2-casaejardim.glbimg.com\/AN0iZO6Qd6gzbmKeS5n6qlabiMw=\/0x0:620x452\/984x0\/smart\/filters:strip_icc()\/i.s3.glbimg.com\/v1\/AUTH_a0b7e59562ef42049f4e191fe476fe7d\/internal_photos\/bs\/2024\/0\/G\/3jBvG6Twa48usgpMdBag\/2013-05-27-flor-2.jpeg\" alt=\"1. Glic\u00ednia | 2. Cam\u00e9lia \u2014 Foto: Edu Castello \/ Casa e Jardim \/ Cedoc \/ Editora Globo\"\/><figcaption class=\"wp-element-caption\">1. Glic\u00ednia | 2. Cam\u00e9lia \u2014 Foto: Edu Castello \/ Casa e Jardim \/ Cedoc \/ Editora Globo<\/figcaption><\/figure>\n\n\n\n<p><strong>3. Hort\u00eansia<\/strong><br>Com flores compactas r\u00f3seas, azuis ou brancas, a esp\u00e9cie se adapta bem \u00e0 vida em vasos. Precisa, entretanto, de solo \u00famido e rico em mat\u00e9ria org\u00e2nica. Chega a 2,5 m de altura.<\/p>\n\n\n\n<p><strong>4. Azaleia<\/strong><br>Origin\u00e1rio da China, o arbusto cresce, em m\u00e9dia, 2 m de altura e produz flores em v\u00e1rias colora\u00e7\u00f5es: brancas, vermelhas e r\u00f3seas. A poda s\u00f3 pode ser realizada ap\u00f3s o seu florescimento.<\/p>\n\n\n\n<p><strong>5. Rosa<\/strong><br>A rosa deve ser plantada em canteiros de terra f\u00e9rtil, em conjuntos ou em maci\u00e7os isolados. Suas hastes com espinho t\u00eam crescimento entre 1,50 e 2 m de altura.<\/p>\n\n\n\n<figure class=\"wp-block-image\"><img decoding=\"async\" src=\"https:\/\/s2-casaejardim.glbimg.com\/XgyX9xOZcIg5Cgw0hcENu2QRpKs=\/0x0:620x420\/984x0\/smart\/filters:strip_icc()\/i.s3.glbimg.com\/v1\/AUTH_a0b7e59562ef42049f4e191fe476fe7d\/internal_photos\/bs\/2024\/x\/r\/CSBi4QQhS86gAK7oBXJw\/2013-05-27-flor-3.jpeg\" alt=\"3. Hort\u00eansia | 4. Azaleia | 5. Rosa \u2014 Foto: Edu Castello \/ Casa e Jardim \/ Cedoc \/ Editora Globo\"\/><figcaption class=\"wp-element-caption\">3. Hort\u00eansia | 4. Azaleia | 5. Rosa \u2014 Foto: Edu Castello \/ Casa e Jardim \/ Cedoc \/ Editora Globo<\/figcaption><\/figure>\n\n\n\n<p><strong>6. Cerejeira<\/strong><br>Do fim do inverno ao come\u00e7o da primavera, as flores da \u00e1rvore s\u00edmbolo da cultura japonesa desabrocham, principalmente em regi\u00f5es de clima frio. Cresce at\u00e9 10 m de altura.<\/p>\n\n\n\n<p><strong>7. Lavanda<\/strong><br>Cobi\u00e7ada pelo seu aroma, a herb\u00e1cea perene de infloresc\u00eancia lil\u00e1s e azul est\u00e1 presente em qualquer hortinha. Gosta do sol e aprecia o frio.<\/p>\n\n\n\n<p><strong>8. Falso-\u00edris<\/strong><br>De folhagem ornamental, o falso-\u00edris tem florescimento de curta dura\u00e7\u00e3o, contudo muito vistoso. Adapta-se a condi\u00e7\u00f5es de meia sombra e necessita de terra bem irrigada para se desenvolver.<\/p>\n\n\n\n<figure class=\"wp-block-image\"><img decoding=\"async\" src=\"https:\/\/s2-casaejardim.glbimg.com\/KsWsqAgt8gmGj8a9Y6EBlUqya3Y=\/0x0:620x450\/984x0\/smart\/filters:strip_icc()\/i.s3.glbimg.com\/v1\/AUTH_a0b7e59562ef42049f4e191fe476fe7d\/internal_photos\/bs\/2024\/o\/8\/yYLFKXTB6SH6mevKoxHw\/2013-05-27-flor-4.jpeg\" alt=\"6. Cerejeira | 7. Lavanda | 8. Falso-\u00edris \u2014 Foto: Edu Castello \/ Casa e Jardim \/ Cedoc \/ Editora Globo\"\/><figcaption class=\"wp-element-caption\">6. Cerejeira | 7. Lavanda | 8. Falso-\u00edris \u2014 Foto: Edu Castello \/ Casa e Jardim \/ Cedoc \/ Editora Globo<\/figcaption><\/figure>\n\n\n\n<p><strong>9. Primavera<\/strong><br>Quando numerosas, as pequenas flores da esp\u00e9cie causam um efeito deslumbrante. \u00c9 plantada como arbusto ou conduzida como trepadeira. Precisa de sol e \u00e9 resistente a geadas.<\/p>\n\n\n\n<p><strong>10. Jasmim-dos-poetas<\/strong><br>De crescimento moderado, a trepadeira ganha a partir do outono flores perfumadas, r\u00f3seas por fora e brancas por dentro. Sobrevive em ambientes \u00famidos e de clima ameno.<\/p>\n\n\n\n<figure class=\"wp-block-image\"><img decoding=\"async\" src=\"https:\/\/s2-casaejardim.glbimg.com\/zClrrOBhA1j82rFtgbLaHtdn2Z8=\/0x0:655x453\/984x0\/smart\/filters:strip_icc()\/i.s3.glbimg.com\/v1\/AUTH_a0b7e59562ef42049f4e191fe476fe7d\/internal_photos\/bs\/2024\/L\/e\/dBvaqFQ8CmqBx3Ld8RAQ\/2013-05-27-flor-5.jpeg\" alt=\"9. Primavera | 10. Jasmim-dos-poetas \u2014 Foto: Edu Castello \/ Casa e Jardim \/ Cedoc \/ Editora Globo\"\/><figcaption class=\"wp-element-caption\">9. Primavera | 10. Jasmim-dos-poetas \u2014 Foto: Edu Castello \/ Casa e Jardim \/ Cedoc \/ Editora Globo<\/figcaption><\/figure>\n\n\n\n<h2 class=\"wp-block-heading\"><strong>Dicas de inverno<\/strong><\/h2>\n\n\n\n<ul class=\"wp-block-list\">\n<li>Algumas pragas e doen\u00e7as aparecem neste per\u00edodo, principalmente em regi\u00f5es de umidade intensa.&nbsp;Espante lesmas e caramujos com solu\u00e7\u00f5es caseiras, \u00e0 base de fumo ou naturais,&nbsp;como vinagre e alho, que s\u00e3o menos agressivos \u00e0 planta.<\/li>\n\n\n\n<li>Como a evapora\u00e7\u00e3o da \u00e1gua na terra \u00e9 menor no inverno,&nbsp;a quantidade de regas deve ser reduzida.&nbsp;Vale a regra: finque o dedo na terra para sentir se est\u00e1 seca e regue-a pela manh\u00e3.<\/li>\n\n\n\n<li>N\u00e3o adube o solo.&nbsp;o ideal \u00e9 que esse procedimento aconte\u00e7a mensalmente entre a primavera e o ver\u00e3o, j\u00e1 que as esp\u00e9cies ficam em dorm\u00eancia no inverno.<\/li>\n\n\n\n<li>Aproveite a esta\u00e7\u00e3o para fazer remo\u00e7\u00f5es de galhos doentes ou secos.&nbsp;Aten\u00e7\u00e3o: n\u00e3o realize este procedimento nos arbustos e \u00e1rvores floridos, o que pode prejudicar a planta.<\/li>\n<\/ul>\n\n\n\n<p><em>Fonte: Rodrigo Oliveira (engenheiro-agr\u00f4nomo)<\/em><\/p>\n\n\n\n<p>Fonte Casa e Jardim<\/p>\n","protected":false},"excerpt":{"rendered":"<p>Deixe a sua casa (ou seu quintal) mais colorido com esp\u00e9cies que aguentam bem o clima ameno e confira dicas para cultiv\u00e1-las! Engana-se quem pensa que flores s\u00f3 surgem na primavera. Esp\u00e9cies resistentes a baixas temperaturas s\u00e3o uma boa alternativa para avivar o\u00a0jardim, mesmo nos meses mais frios do ano. A seguir, conhe\u00e7a 10 plantas [&hellip;]<\/p>\n","protected":false},"author":8,"featured_media":23523,"comment_status":"closed","ping_status":"open","sticky":false,"template":"","format":"standard","meta":{"rop_custom_images_group":[],"rop_custom_messages_group":[],"rop_publish_now":"initial","rop_publish_now_accounts":[],"rop_publish_now_history":[],"rop_publish_now_status":"pending","footnotes":""},"categories":[209],"tags":[],"class_list":["post-23522","post","type-post","status-publish","format-standard","has-post-thumbnail","hentry","category-estilo"],"amp_enabled":true,"_links":{"self":[{"href":"https:\/\/imais.online\/portal\/wp-json\/wp\/v2\/posts\/23522","targetHints":{"allow":["GET"]}}],"collection":[{"href":"https:\/\/imais.online\/portal\/wp-json\/wp\/v2\/posts"}],"about":[{"href":"https:\/\/imais.online\/portal\/wp-json\/wp\/v2\/types\/post"}],"author":[{"embeddable":true,"href":"https:\/\/imais.online\/portal\/wp-json\/wp\/v2\/users\/8"}],"replies":[{"embeddable":true,"href":"https:\/\/imais.online\/portal\/wp-json\/wp\/v2\/comments?post=23522"}],"version-history":[{"count":1,"href":"https:\/\/imais.online\/portal\/wp-json\/wp\/v2\/posts\/23522\/revisions"}],"predecessor-version":[{"id":23524,"href":"https:\/\/imais.online\/portal\/wp-json\/wp\/v2\/posts\/23522\/revisions\/23524"}],"wp:featuredmedia":[{"embeddable":true,"href":"https:\/\/imais.online\/portal\/wp-json\/wp\/v2\/media\/23523"}],"wp:attachment":[{"href":"https:\/\/imais.online\/portal\/wp-json\/wp\/v2\/media?parent=23522"}],"wp:term":[{"taxonomy":"category","embeddable":true,"href":"https:\/\/imais.online\/portal\/wp-json\/wp\/v2\/categories?post=23522"},{"taxonomy":"post_tag","embeddable":true,"href":"https:\/\/imais.online\/portal\/wp-json\/wp\/v2\/tags?post=23522"}],"curies":[{"name":"wp","href":"https:\/\/api.w.org\/{rel}","templated":true}]}}