{"id":2359,"date":"2021-10-16T10:05:05","date_gmt":"2021-10-16T13:05:05","guid":{"rendered":"https:\/\/imais.online\/portal\/?p=2359"},"modified":"2021-10-16T10:05:06","modified_gmt":"2021-10-16T13:05:06","slug":"grupo-pao-de-acucar-vende-marca-extra-hiper-e-sai-do-segmento-de-hipermercados","status":"publish","type":"post","link":"https:\/\/imais.online\/portal\/grupo-pao-de-acucar-vende-marca-extra-hiper-e-sai-do-segmento-de-hipermercados\/","title":{"rendered":"Grupo P\u00e3o de A\u00e7\u00facar vende marca Extra Hiper e sai do segmento de hipermercados"},"content":{"rendered":"<div class=\"imais-before-content-placement\" id=\"imais-944074750\"><script async src=\"\/\/pagead2.googlesyndication.com\/pagead\/js\/adsbygoogle.js?client=ca-pub-8787528412751566\" crossorigin=\"anonymous\"><\/script><ins class=\"adsbygoogle\" style=\"display:block;\" data-ad-client=\"ca-pub-8787528412751566\" \ndata-ad-slot=\"\" \ndata-ad-format=\"auto\"><\/ins>\n<script> \n(adsbygoogle = window.adsbygoogle || []).push({}); \n<\/script>\n<\/div>\n<p class=\"has-text-align-center\">Pontos comerciais foram vendidos para marca atacadista<\/p>\n\n\n\n<p>O Grupo P\u00e3o de A\u00e7\u00facar vendeu 71 pontos do Extra Hiper para o Assa\u00ed. A transa\u00e7\u00e3o envolve um valor de cerca de 5,2 bilh\u00f5es de reais, que ser\u00e3o pagos pelo comprador.<\/p>\n\n\n\n<p>De acordo com o comunicado divulgado para imprensa, as lojas v\u00e3o passar a operar tamb\u00e9m no formato atacado, como no restante da rede Assa\u00ed.<\/p>\n\n\n\n<p>Os 71 pontos n\u00e3o s\u00e3o todos que existem no Brasil do Extra Hiper: 32 lojas ficaram de fora da venda e v\u00e3o se tornar P\u00e3o de A\u00e7\u00facar e Mercado Extra, sendo que quatro delas ser\u00e3o fechadas.<\/p>\n\n\n\n<p>\u201cO GPA ir\u00e1 acelerar seu plano de expans\u00e3o com foco nas bandeiras de maior rentabilidade e performance, e da lideran\u00e7a no e-commerce alimentar\u201d, diz o comunicado do Grupo P\u00e3o de A\u00e7\u00facar, que abanconda o o modelo de hipermercados.<\/p>\n\n\n\n<p>Com a mudan\u00e7a, o Assa\u00ed estima atingir 25 bilh\u00f5es de reais em receita bruta.<\/p>\n\n\n\n<p><\/p>\n","protected":false},"excerpt":{"rendered":"<p>Pontos comerciais foram vendidos para marca atacadista O Grupo P\u00e3o de A\u00e7\u00facar vendeu 71 pontos do Extra Hiper para o Assa\u00ed. A transa\u00e7\u00e3o envolve um valor de cerca de 5,2 bilh\u00f5es de reais, que ser\u00e3o pagos pelo comprador. De acordo com o comunicado divulgado para imprensa, as lojas v\u00e3o passar a operar tamb\u00e9m no formato [&hellip;]<\/p>\n","protected":false},"author":7,"featured_media":2360,"comment_status":"closed","ping_status":"open","sticky":false,"template":"","format":"standard","meta":{"rop_custom_images_group":[],"rop_custom_messages_group":[],"rop_publish_now":"initial","rop_publish_now_accounts":[],"rop_publish_now_history":[],"rop_publish_now_status":"pending","footnotes":""},"categories":[192],"tags":[],"class_list":["post-2359","post","type-post","status-publish","format-standard","has-post-thumbnail","hentry","category-economia"],"amp_enabled":true,"_links":{"self":[{"href":"https:\/\/imais.online\/portal\/wp-json\/wp\/v2\/posts\/2359","targetHints":{"allow":["GET"]}}],"collection":[{"href":"https:\/\/imais.online\/portal\/wp-json\/wp\/v2\/posts"}],"about":[{"href":"https:\/\/imais.online\/portal\/wp-json\/wp\/v2\/types\/post"}],"author":[{"embeddable":true,"href":"https:\/\/imais.online\/portal\/wp-json\/wp\/v2\/users\/7"}],"replies":[{"embeddable":true,"href":"https:\/\/imais.online\/portal\/wp-json\/wp\/v2\/comments?post=2359"}],"version-history":[{"count":1,"href":"https:\/\/imais.online\/portal\/wp-json\/wp\/v2\/posts\/2359\/revisions"}],"predecessor-version":[{"id":2361,"href":"https:\/\/imais.online\/portal\/wp-json\/wp\/v2\/posts\/2359\/revisions\/2361"}],"wp:featuredmedia":[{"embeddable":true,"href":"https:\/\/imais.online\/portal\/wp-json\/wp\/v2\/media\/2360"}],"wp:attachment":[{"href":"https:\/\/imais.online\/portal\/wp-json\/wp\/v2\/media?parent=2359"}],"wp:term":[{"taxonomy":"category","embeddable":true,"href":"https:\/\/imais.online\/portal\/wp-json\/wp\/v2\/categories?post=2359"},{"taxonomy":"post_tag","embeddable":true,"href":"https:\/\/imais.online\/portal\/wp-json\/wp\/v2\/tags?post=2359"}],"curies":[{"name":"wp","href":"https:\/\/api.w.org\/{rel}","templated":true}]}}