{"id":23599,"date":"2024-07-15T09:48:16","date_gmt":"2024-07-15T12:48:16","guid":{"rendered":"https:\/\/imais.online\/portal\/?p=23599"},"modified":"2024-07-15T09:48:17","modified_gmt":"2024-07-15T12:48:17","slug":"trump-da-primeira-entrevista-apos-tentativa-de-atentado-eu-deveria-estar-morto","status":"publish","type":"post","link":"https:\/\/imais.online\/portal\/trump-da-primeira-entrevista-apos-tentativa-de-atentado-eu-deveria-estar-morto\/","title":{"rendered":"Trump d\u00e1 primeira entrevista ap\u00f3s tentativa de atentado: &#8216;eu deveria estar morto&#8217;"},"content":{"rendered":"<div class=\"imais-before-content-placement\" id=\"imais-3015925068\"><script async src=\"\/\/pagead2.googlesyndication.com\/pagead\/js\/adsbygoogle.js?client=ca-pub-8787528412751566\" crossorigin=\"anonymous\"><\/script><ins class=\"adsbygoogle\" style=\"display:block;\" data-ad-client=\"ca-pub-8787528412751566\" \ndata-ad-slot=\"\" \ndata-ad-format=\"auto\"><\/ins>\n<script> \n(adsbygoogle = window.adsbygoogle || []).push({}); \n<\/script>\n<\/div>\n<h2 class=\"wp-block-heading\">O FBI identificou e matou o atirador envolvido na tentativa de assassinato, Thomas Matthew Crooks.<\/h2>\n\n\n\n<p>O\u00a0ex-presidente dos Estados Unidos e candidato republicano nas elei\u00e7\u00f5es deste ano dos Estados Unidos, Donald Trump, deu a primeira entrevista a um ve\u00edculo de imprensa ap\u00f3s\u00a0a tentativa de atentado nesse s\u00e1bado (13). Em conversa a caminho da\u00a0conven\u00e7\u00e3o republicana que come\u00e7a nesta segunda-feira (15) em Milwaukee, no estado Wisconsin, ele falou com rep\u00f3rteres do The Washington Examiner e do New York Post.<\/p>\n\n\n\n<blockquote class=\"wp-block-quote is-layout-flow wp-block-quote-is-layout-flow\">\n<p>&#8216;\u00c9 uma experi\u00eancia muito surreal, e voc\u00ea nunca sabe o que vai fazer at\u00e9 que uma coisa dessas aconte\u00e7a&#8217;, comentou Trump, completando: &#8216;Eu n\u00e3o deveria estar aqui, eu deveria estar morto&#8217;.<\/p>\n<\/blockquote>\n\n\n\n<p>Segundo o ex-presidente, o discurso na conven\u00e7\u00e3o em que ele deve ser definido como o candidato do Partido Republicano tamb\u00e9m foi completamente modificado. Inicialmente, seria um ataque mais direto ao\u00a0presidente Joe Biden, candidato democrata e seu concorrente na disputa. Agora, diz\u00a0Trump, ser\u00e1 mais &#8216;unificador&#8217;:<\/p>\n\n\n\n<blockquote class=\"wp-block-quote is-layout-flow wp-block-quote-is-layout-flow\">\n<p>&#8216;Quero tentar unir nosso pa\u00eds, mas n\u00e3o sei se isso \u00e9 poss\u00edvel. As pessoas est\u00e3o muito divididas. Esta \u00e9 uma chance de unir o pa\u00eds inteiro, at\u00e9 mesmo o mundo inteiro. O discurso ser\u00e1 muito diferente, muito diferente do que teria sido dois dias atr\u00e1s&#8217;, afirmou.<\/p>\n<\/blockquote>\n\n\n\n<p>A Conven\u00e7\u00e3o Nacional Republicana vai de 15 a 18 de julho.<\/p>\n\n\n\n<h2 class=\"wp-block-heading\"><strong>Relembre epis\u00f3dio<\/strong><\/h2>\n\n\n\n<p>O\u00a0ex-presidente dos Estados Unidos, Donald Trump, sofreu um atentado a tiros nesse s\u00e1bado (13) durante um com\u00edcio na cidade de Butler, no estado da Pensilv\u00e2nia.\u00a0O FBI identificou e matou o atirador envolvido na tentativa de assassinato, Thomas Matthew Crooks.<\/p>\n\n\n\n<p>O homem tinha 20 anos, era registrado no Partido Republicano, o mesmo de Trump, e foi morto pelo Servi\u00e7o Secreto logo ap\u00f3s o atentado. Thomas Matthew Crooks usou um fuzil AR-15, que \u00e9 uma arma semi-autom\u00e1tica semelhante \u00e0 uma AK-47.<\/p>\n\n\n\n<p>Al\u00e9m de Thomas, uma pessoa que acompanhava o com\u00edcio morreu e outras duas ficaram gravemente feridas.<\/p>\n\n\n\n<p>Os disparos atingiram de rasp\u00e3o a orelha direita de\u00a0Donald Trump\u00a0poucos minutos depois dele come\u00e7ar a discursar no evento, por volta das 19h15, no hor\u00e1rio de Bras\u00edlia. No momento do ataque, o ex-presidente falava ao microfone. Trump leva a m\u00e3o \u00e0 orelha e se abaixa. Em seguida, agentes do Servi\u00e7o Secreto correm para proteg\u00ea-lo no palanque, enquanto a confus\u00e3o se instaura no local e pessoas gritam.<\/p>\n\n\n\n<p>Depois,\u00a0Trump\u00a0\u00e9 erguido pelos agentes, levanta o punho em dire\u00e7\u00e3o \u00e0 multid\u00e3o e \u00e9 retirado do local pelos seguran\u00e7as.<\/p>\n\n\n\n<p>Em um comunicado, o Servi\u00e7o Secreto dos Estados Unidos afirmou que o agressor era um franco-atirador que fez &#8216;m\u00faltiplos disparos&#8217; em dire\u00e7\u00e3o ao palco. Ele estava posicionado em um telhado de um edif\u00edcio a cerca de 200 metros do local onde ocorria o com\u00edcio.<\/p>\n\n\n\n<p>Fonte G1<\/p>\n","protected":false},"excerpt":{"rendered":"<p>O FBI identificou e matou o atirador envolvido na tentativa de assassinato, Thomas Matthew Crooks. O\u00a0ex-presidente dos Estados Unidos e candidato republicano nas elei\u00e7\u00f5es deste ano dos Estados Unidos, Donald Trump, deu a primeira entrevista a um ve\u00edculo de imprensa ap\u00f3s\u00a0a tentativa de atentado nesse s\u00e1bado (13). Em conversa a caminho da\u00a0conven\u00e7\u00e3o republicana que come\u00e7a [&hellip;]<\/p>\n","protected":false},"author":8,"featured_media":23600,"comment_status":"closed","ping_status":"open","sticky":false,"template":"","format":"standard","meta":{"rop_custom_images_group":[],"rop_custom_messages_group":[],"rop_publish_now":"initial","rop_publish_now_accounts":[],"rop_publish_now_history":[],"rop_publish_now_status":"pending","footnotes":""},"categories":[212],"tags":[],"class_list":["post-23599","post","type-post","status-publish","format-standard","has-post-thumbnail","hentry","category-internacional"],"amp_enabled":true,"_links":{"self":[{"href":"https:\/\/imais.online\/portal\/wp-json\/wp\/v2\/posts\/23599","targetHints":{"allow":["GET"]}}],"collection":[{"href":"https:\/\/imais.online\/portal\/wp-json\/wp\/v2\/posts"}],"about":[{"href":"https:\/\/imais.online\/portal\/wp-json\/wp\/v2\/types\/post"}],"author":[{"embeddable":true,"href":"https:\/\/imais.online\/portal\/wp-json\/wp\/v2\/users\/8"}],"replies":[{"embeddable":true,"href":"https:\/\/imais.online\/portal\/wp-json\/wp\/v2\/comments?post=23599"}],"version-history":[{"count":1,"href":"https:\/\/imais.online\/portal\/wp-json\/wp\/v2\/posts\/23599\/revisions"}],"predecessor-version":[{"id":23601,"href":"https:\/\/imais.online\/portal\/wp-json\/wp\/v2\/posts\/23599\/revisions\/23601"}],"wp:featuredmedia":[{"embeddable":true,"href":"https:\/\/imais.online\/portal\/wp-json\/wp\/v2\/media\/23600"}],"wp:attachment":[{"href":"https:\/\/imais.online\/portal\/wp-json\/wp\/v2\/media?parent=23599"}],"wp:term":[{"taxonomy":"category","embeddable":true,"href":"https:\/\/imais.online\/portal\/wp-json\/wp\/v2\/categories?post=23599"},{"taxonomy":"post_tag","embeddable":true,"href":"https:\/\/imais.online\/portal\/wp-json\/wp\/v2\/tags?post=23599"}],"curies":[{"name":"wp","href":"https:\/\/api.w.org\/{rel}","templated":true}]}}