{"id":23602,"date":"2024-07-15T10:12:42","date_gmt":"2024-07-15T13:12:42","guid":{"rendered":"https:\/\/imais.online\/portal\/?p=23602"},"modified":"2024-07-15T10:12:44","modified_gmt":"2024-07-15T13:12:44","slug":"por-dentro-da-celebracao-final-do-casamento-de-anant-ambani-e-radhika-merchant-em-mumbai","status":"publish","type":"post","link":"https:\/\/imais.online\/portal\/por-dentro-da-celebracao-final-do-casamento-de-anant-ambani-e-radhika-merchant-em-mumbai\/","title":{"rendered":"Por dentro da celebra\u00e7\u00e3o final do casamento de Anant Ambani e Radhika Merchant em Mumbai"},"content":{"rendered":"<div class=\"imais-before-content-placement\" id=\"imais-1578686726\"><script async src=\"\/\/pagead2.googlesyndication.com\/pagead\/js\/adsbygoogle.js?client=ca-pub-8787528412751566\" crossorigin=\"anonymous\"><\/script><ins class=\"adsbygoogle\" style=\"display:block;\" data-ad-client=\"ca-pub-8787528412751566\" \ndata-ad-slot=\"\" \ndata-ad-format=\"auto\"><\/ins>\n<script> \n(adsbygoogle = window.adsbygoogle || []).push({}); \n<\/script>\n<\/div>\n<h2 class=\"wp-block-heading\">Ap\u00f3s uma s\u00e9rie de comemora\u00e7\u00f5es pr\u00e9-casamento, os herdeiros indianos disseram &#8220;sim&#8221; oficialmente no \u00faltimo final de semana<\/h2>\n\n\n\n<p>Nesse fim de semana, o casamento de\u00a0Anant Ambani e Radhika Merchant\u00a0aconteceu em Mumbai \u2013 e n\u00e3o \u00e9 exagero dizer que o mundo inteiro estava assistindo.<\/p>\n\n\n\n<figure class=\"wp-block-image\"><img decoding=\"async\" src=\"https:\/\/s2-vogue.glbimg.com\/Ohdz3J8307eE3ykS5CZ8XuRsBgY=\/0x0:2580x1451\/888x0\/smart\/filters:strip_icc()\/i.s3.glbimg.com\/v1\/AUTH_5dfbcf92c1a84b20a5da5024d398ff2f\/internal_photos\/bs\/2024\/K\/i\/a8eX6PRQ2rNQsQHKXOtw\/radhika-20merchnat-20ambani-20by-20luis-20monteiro-202.webp\" alt=\"Radhika Merchant\"\/><\/figure>\n\n\n\n<p class=\"has-small-font-size\">Radhika Merchant \u2014 Foto: Luis Monteiro<\/p>\n\n\n\n<p>Milhares de pessoas reuniram-se nas ruas de Mumbai para ver o filho do homem mais rico da \u00cdndia viajar da casa da fam\u00edlia em Antilla at\u00e9 ao Centro de Conven\u00e7\u00f5es Mundial Jio para o seu baraat. Outros milh\u00f5es navegaram nas redes sociais enquanto Kim e Khloe Kardashian se postavam em roupas tradicionais indianas com uma equipe de filmagem a reboque. (H\u00e1 rumores de que a fam\u00edlia est\u00e1 gravando um epis\u00f3dio de &#8220;The Kardashians&#8221;.) Enquanto isso, ag\u00eancias de not\u00edcias do New York Times \u00e0 BBC enviaram rep\u00f3rteres para cobrir o caso, e os tabl\u00f3ides produziram artigos ap\u00f3s artigos sobre cada movimento da fam\u00edlia.<\/p>\n\n\n\n<figure class=\"wp-block-image\"><img decoding=\"async\" src=\"https:\/\/s2-vogue.glbimg.com\/_M0SFofluD3ijDBj_S-oThpL-kc=\/0x0:800x1200\/984x0\/smart\/filters:strip_icc()\/i.s3.glbimg.com\/v1\/AUTH_5dfbcf92c1a84b20a5da5024d398ff2f\/internal_photos\/bs\/2024\/w\/h\/XysFrTTNuyOOyVwrLKZA\/sbjr-ar-wedfl-112.webp\" alt=\"Kim Kardashian vestindo Manish Malhotra \u2014 Foto: Joseph Radhik\"\/><figcaption class=\"wp-element-caption\">Kim Kardashian vestindo Manish Malhotra \u2014 Foto: Joseph Radhik<\/figcaption><\/figure>\n\n\n\n<figure class=\"wp-block-image\"><img decoding=\"async\" src=\"https:\/\/s2-vogue.glbimg.com\/wDSxUAmWh0tOrdLaZ20Am0qX7O4=\/0x0:800x1200\/984x0\/smart\/filters:strip_icc()\/i.s3.glbimg.com\/v1\/AUTH_5dfbcf92c1a84b20a5da5024d398ff2f\/internal_photos\/bs\/2024\/e\/B\/1hLnJlSLyngUTbbvbHiw\/sbjr-ar-wedfl-113.webp\" alt=\"Khloe Kardashian vestindo Manish Malhotra \u2014 Foto: Joseph Radhik\"\/><figcaption class=\"wp-element-caption\">Khloe Kardashian vestindo Manish Malhotra \u2014 Foto: Joseph Radhik<\/figcaption><\/figure>\n\n\n\n<figure class=\"wp-block-image\"><img decoding=\"async\" src=\"https:\/\/s2-vogue.glbimg.com\/LX2CbscdyA84oJxRGlci_ctf_5g=\/0x0:800x1000\/984x0\/smart\/filters:strip_icc()\/i.s3.glbimg.com\/v1\/AUTH_5dfbcf92c1a84b20a5da5024d398ff2f\/internal_photos\/bs\/2024\/j\/w\/EHxCshR8a1N0kuTtmRHQ\/sbjr-ar-wedfl-117.webp\" alt=\"Kim Kardashian, Nita Ambani e Lorraine Schwartz \u2014 Foto: Joseph Radhik\"\/><figcaption class=\"wp-element-caption\">Kim Kardashian, Nita Ambani e Lorraine Schwartz \u2014 Foto: Joseph Radhik<\/figcaption><\/figure>\n\n\n\n<p>O fervor era compreens\u00edvel. Mukesh Ambani, presidente da Reliance Industries, e Nita Ambani, sua esposa, ofereceram um hastakshar para seu filho e sua noiva em mar\u00e7o, onde Rihanna se apresentou. Em maio, eles deram grandes festas para o filho e a noiva dele, tanto em Londres quanto num navio de cruzeiro que navegou pelo Mediterr\u00e2neo. Era de se perguntar: se os eventos pr\u00e9-casamento foram assim t\u00e3o grandiosos, como ser\u00e1 o casamento real?<\/p>\n\n\n\n<p>A Vogue obteve exclusividade mundial dentro do evento. Radhika diz que o fim de semana do casamento foi escolhido com a maior inten\u00e7\u00e3o. \u201cAs datas foram estrategicamente escolhidas entre 12, 13 e 14 de julho, a conselho de nossa fam\u00edlia pujari, que identificou momentos sincr\u00f4nicos para nossas celebra\u00e7\u00f5es com base em alinhamentos astrol\u00f3gicos auspiciosos tanto em meus mapas quanto nos de Anant\u201d, diz ela. \u201cFoi um processo meticuloso.\u201d<\/p>\n\n\n\n<p>O que tamb\u00e9m foi um processo meticuloso? O planejamento: supervisionado por Nita Ambani ao lado de sua filha Isha Ambani e de sua nora Shloka Ambani. \u201cMinha sogra era a C.E.O. do casamento, como gosto de dizer\u201d, diz Radhika. \u201cFoi o compromisso e a vis\u00e3o de Nita que deram vida a toda a nossa celebra\u00e7\u00e3o.\u201d A fam\u00edlia tinha v\u00e1rias equipes de planejadores de eventos, bem como sua equipe interna, trabalhando 24 horas por dia para orquestrar o evento de v\u00e1rias semanas.<\/p>\n\n\n\n<p>Suas n\u00fapcias come\u00e7aram em 5 de julho com um sangeet &#8212; ou um evento pr\u00e9-casamento onde a noiva, o noivo e suas fam\u00edlias fazem dan\u00e7as coreografadas nos palcos para simbolizar sua pr\u00f3xima uni\u00e3o. Radhika usou uma roupa de cristal de Abu Jani Sandeep Khosla. (\u201cEu queria causar uma impress\u00e3o duradoura\u201d, diz ela.) Anant tamb\u00e9m optou por um look de Khosla, completo com bot\u00f5es de diamante de rubi de Kantilal Chhotalal.<\/p>\n\n\n\n<figure class=\"wp-block-image\"><img decoding=\"async\" src=\"https:\/\/s2-vogue.glbimg.com\/nMd2ZBNkgjnFEMVuG05NKpk20PE=\/0x0:800x1200\/984x0\/smart\/filters:strip_icc()\/i.s3.glbimg.com\/v1\/AUTH_5dfbcf92c1a84b20a5da5024d398ff2f\/internal_photos\/bs\/2024\/B\/5\/AX9QspR4AO7whAq8HFVg\/img-0675.webp\" alt=\"&quot;Para o sangeet, que envolve a apresenta\u00e7\u00e3o de coreografias de dan\u00e7a ensaiadas no palco, eu queria causar uma impress\u00e3o duradoura. Procurei costureiros indianos lend\u00e1rios em busca de dois looks distintos. Para minhas apresenta\u00e7\u00f5es de dan\u00e7a, usei uma roupa de cristal deslumbrante de Abu Jani Sandeep Khosla&quot; \u2014 Foto: Signe Vilstrup\"\/><figcaption class=\"wp-element-caption\">&#8220;Para o sangeet, que envolve a apresenta\u00e7\u00e3o de coreografias de dan\u00e7a ensaiadas no palco, eu queria causar uma impress\u00e3o duradoura. Procurei costureiros indianos lend\u00e1rios em busca de dois looks distintos. Para minhas apresenta\u00e7\u00f5es de dan\u00e7a, usei uma roupa de cristal deslumbrante de Abu Jani Sandeep Khosla&#8221; \u2014 Foto: Signe Vilstrup<\/figcaption><\/figure>\n\n\n\n<figure class=\"wp-block-image\"><img decoding=\"async\" src=\"https:\/\/s2-vogue.glbimg.com\/mpH1qunymZfuzwv3X1f9wnfP_ng=\/0x0:800x1135\/984x0\/smart\/filters:strip_icc()\/i.s3.glbimg.com\/v1\/AUTH_5dfbcf92c1a84b20a5da5024d398ff2f\/internal_photos\/bs\/2024\/S\/c\/gJC8vETB2vUpsXw9znig\/img-0701.webp\" alt=\"&quot;A cria\u00e7\u00e3o deles brilhou intensamente sob as luzes&quot; \u2014 Foto: Signe Vilstrup\"\/><figcaption class=\"wp-element-caption\">&#8220;A cria\u00e7\u00e3o deles brilhou intensamente sob as luzes&#8221; \u2014 Foto: Signe Vilstrup<\/figcaption><\/figure>\n\n\n\n<figure class=\"wp-block-image\"><img decoding=\"async\" src=\"https:\/\/s2-vogue.glbimg.com\/Ov5UKqwWoK3_3wGp-AxSYx7Q7xU=\/0x0:800x936\/984x0\/smart\/filters:strip_icc()\/i.s3.glbimg.com\/v1\/AUTH_5dfbcf92c1a84b20a5da5024d398ff2f\/internal_photos\/bs\/2024\/2\/C\/MMB5ZoRJ2F7TZHQ4S4KQ\/img-0711.webp\" alt=\"&quot;Com Anant antes do sangeet&quot; \u2014 Foto: Signe Vilstrup\"\/><figcaption class=\"wp-element-caption\">&#8220;Com Anant antes do sangeet&#8221; \u2014 Foto: Signe Vilstrup<\/figcaption><\/figure>\n\n\n\n<figure class=\"wp-block-image\"><img decoding=\"async\" src=\"https:\/\/s2-vogue.glbimg.com\/W2AP-tvum-vgRegiCWCLHE4X1xw=\/0x0:800x533\/984x0\/smart\/filters:strip_icc()\/i.s3.glbimg.com\/v1\/AUTH_5dfbcf92c1a84b20a5da5024d398ff2f\/internal_photos\/bs\/2024\/P\/u\/gBJyS5QzK9R5GgZQuJwQ\/sbjr-arsangeetfl-164.webp\" alt=\"&quot;Anant dan\u00e7ando com a minha fam\u00edlia&quot; \u2014 Foto: Joseph Rahdik\"\/><figcaption class=\"wp-element-caption\">&#8220;Anant dan\u00e7ando com a minha fam\u00edlia&#8221; \u2014 Foto: Joseph Rahdik<\/figcaption><\/figure>\n\n\n\n<figure class=\"wp-block-image\"><img decoding=\"async\" src=\"https:\/\/s2-vogue.glbimg.com\/pKNnPbchlizhx8XFGQzBLbhBSIE=\/0x0:800x1000\/984x0\/smart\/filters:strip_icc()\/i.s3.glbimg.com\/v1\/AUTH_5dfbcf92c1a84b20a5da5024d398ff2f\/internal_photos\/bs\/2024\/K\/T\/Rk0O6IQpSfPUZiJSeOqw\/sbjr-arsangeetfl-75.webp\" alt=\"&quot;Akash Ambani, irm\u00e3o mais velha do Anant&quot; \u2014 Foto: Joseph Rahdik\"\/><figcaption class=\"wp-element-caption\">&#8220;Akash Ambani, irm\u00e3o mais velha do Anant&#8221; \u2014 Foto: Joseph Rahdik<\/figcaption><\/figure>\n\n\n\n<figure class=\"wp-block-image\"><img decoding=\"async\" src=\"https:\/\/s2-vogue.glbimg.com\/gp7LOjxzbQkp8IgK0cxJa01q0ko=\/0x0:800x1000\/984x0\/smart\/filters:strip_icc()\/i.s3.glbimg.com\/v1\/AUTH_5dfbcf92c1a84b20a5da5024d398ff2f\/internal_photos\/bs\/2024\/l\/u\/kGjlxMS32RDYAXMDDVNw\/sbjr-arsangeetfl-112-4.webp\" alt=\"&quot;Da esquerda para a direita: minha cunhada, Isha Ambani, minha sogra, Nita Ambani, eu e minha outra cunhada, Shloka Ambani&quot; \u2014 Foto: Joseph Radhik\"\/><figcaption class=\"wp-element-caption\">&#8220;Da esquerda para a direita: minha cunhada, Isha Ambani, minha sogra, Nita Ambani, eu e minha outra cunhada, Shloka Ambani&#8221; \u2014 Foto: Joseph Radhik<\/figcaption><\/figure>\n\n\n\n<figure class=\"wp-block-image\"><img decoding=\"async\" src=\"https:\/\/s2-vogue.glbimg.com\/lPMHnd2sumAtPkeT5pHo7l3iOKo=\/0x0:800x533\/984x0\/smart\/filters:strip_icc()\/i.s3.glbimg.com\/v1\/AUTH_5dfbcf92c1a84b20a5da5024d398ff2f\/internal_photos\/bs\/2024\/t\/i\/YmK5U5Qhu2jIbDBFQmCQ\/sbjr-arsangeetfl-184.webp\" alt=\"&quot;Nita Ambani dando as boas-vindas aos convidados. Nem toda noiva pode contar com a fam\u00edlia do noivo para realizar o casamento dos seus sonhos, muito menos se beneficiar da experi\u00eancia de uma sogra que \u00e9 uma vision\u00e1ria cultural talentosa&quot; \u2014 Foto: Joseph Radhik\"\/><figcaption class=\"wp-element-caption\">&#8220;Nita Ambani dando as boas-vindas aos convidados. Nem toda noiva pode contar com a fam\u00edlia do noivo para realizar o casamento dos seus sonhos, muito menos se beneficiar da experi\u00eancia de uma sogra que \u00e9 uma vision\u00e1ria cultural talentosa&#8221; \u2014 Foto: Joseph Radhik<\/figcaption><\/figure>\n\n\n\n<figure class=\"wp-block-image\"><img decoding=\"async\" src=\"https:\/\/s2-vogue.glbimg.com\/LZpUh1fHC8tBHIWoMm1ZTnvtM8Q=\/0x0:800x533\/984x0\/smart\/filters:strip_icc()\/i.s3.glbimg.com\/v1\/AUTH_5dfbcf92c1a84b20a5da5024d398ff2f\/internal_photos\/bs\/2024\/P\/8\/qQsLMHSkyzEShYTykaJg\/sbjr-arsangeetfl-198.webp\" alt=\"&quot;O Sangeet \u00e9 realmente o que une os dois lados porque t\u00ednhamos todos em casa, todos os dias, praticando suas dan\u00e7as, comendo juntos e criando la\u00e7os&quot; \u2014 Foto: Joseph Radhik\"\/><figcaption class=\"wp-element-caption\">&#8220;O Sangeet \u00e9 realmente o que une os dois lados porque t\u00ednhamos todos em casa, todos os dias, praticando suas dan\u00e7as, comendo juntos e criando la\u00e7os&#8221; \u2014 Foto: Joseph Radhik<\/figcaption><\/figure>\n\n\n\n<figure class=\"wp-block-image\"><img decoding=\"async\" src=\"https:\/\/s2-vogue.glbimg.com\/aaqlmwyxhiKahoS-DMs7Y2iBQNE=\/0x0:800x640\/984x0\/smart\/filters:strip_icc()\/i.s3.glbimg.com\/v1\/AUTH_5dfbcf92c1a84b20a5da5024d398ff2f\/internal_photos\/bs\/2024\/g\/J\/zkfDLSSPWmRBKheyPzgQ\/sbjr-arsangeetfl-166-20-1-.webp\" alt=\"&quot;No palco&quot; \u2014 Foto: Joseph Radhik\"\/><figcaption class=\"wp-element-caption\">&#8220;No palco&#8221; \u2014 Foto: Joseph Radhik<\/figcaption><\/figure>\n\n\n\n<p>Preso em seu peito estava um broche de chita, uma homenagem ao seu santu\u00e1rio de resgate de animais de 3.000 acres, Vantara, em Gujarat. Isha, por sua vez, usou um saree Schiaparelli personalizado: uma novidade na casa de alta-costura francesa.<\/p>\n\n\n\n<p>\u00c0 medida que a festa avan\u00e7ava &#8212; e Justin Bieber subia ao palco para um show privado &#8212; Radhika vestiu um saree de malha de metal de Manish Malhotra. \u201cEle tinha um espartilho que acrescentava um toque moderno\u201d, explica Radhika. \u201cEmbora tenha sido bastante pesado, valeu cada momento.\u201d<\/p>\n\n\n\n<figure class=\"wp-block-image\"><img decoding=\"async\" src=\"https:\/\/s2-vogue.glbimg.com\/7IhAs81NMPCaPh9_HAq6J81bSF4=\/0x0:800x1183\/984x0\/smart\/filters:strip_icc()\/i.s3.glbimg.com\/v1\/AUTH_5dfbcf92c1a84b20a5da5024d398ff2f\/internal_photos\/bs\/2024\/b\/9\/VNV5fITIaCkUrBqLLyuw\/sv24-05.07-r-a-wedding-100nd850-0093-v7-20copy.webp\" alt=\"&quot;Para o after-party, usei meu look preferido da noite: um saree feito inteiramente de malha de metal, idealizado pela minha estilista Rhea e pelo designer Manish Malhotra. Esta roupa tinha um espartilho que acrescentava um toque moderno, criando uma fus\u00e3o impressionante de estilos tradicionais indianos e contempor\u00e2neos&quot; \u2014 Foto: Signe Vilstrup\"\/><figcaption class=\"wp-element-caption\">&#8220;Para o after-party, usei meu look preferido da noite: um saree feito inteiramente de malha de metal, idealizado pela minha estilista Rhea e pelo designer Manish Malhotra. Esta roupa tinha um espartilho que acrescentava um toque moderno, criando uma fus\u00e3o impressionante de estilos tradicionais indianos e contempor\u00e2neos&#8221; \u2014 Foto: Signe Vilstrup<\/figcaption><\/figure>\n\n\n\n<figure class=\"wp-block-image\"><img decoding=\"async\" src=\"https:\/\/s2-vogue.glbimg.com\/bBLV5NfY4dRQy3pAhjZKhThfPLE=\/0x0:800x533\/984x0\/smart\/filters:strip_icc()\/i.s3.glbimg.com\/v1\/AUTH_5dfbcf92c1a84b20a5da5024d398ff2f\/internal_photos\/bs\/2024\/w\/A\/JmwcrkQ2AfAAkPZK5Y4g\/sbjr-arsangeetfl-219.webp\" alt=\"&quot;Justin Bieber fez um show surpresa&quot; \u2014 Foto: Joseph Radhik\"\/><figcaption class=\"wp-element-caption\">&#8220;Justin Bieber fez um show surpresa&#8221; \u2014 Foto: Joseph Radhik<\/figcaption><\/figure>\n\n\n\n<figure class=\"wp-block-image\"><img decoding=\"async\" src=\"https:\/\/s2-vogue.glbimg.com\/2jdUJm-bHXriAblZAC0BduSMpyQ=\/0x0:800x800\/984x0\/smart\/filters:strip_icc()\/i.s3.glbimg.com\/v1\/AUTH_5dfbcf92c1a84b20a5da5024d398ff2f\/internal_photos\/bs\/2024\/X\/T\/RUJ0sTR66faAxVUrYyXQ\/sbjr-arsangeetfl-253.webp\" alt=\"&quot;Anant com Justin Bieber&quot; \u2014 Foto: Joseph Radhik\"\/><figcaption class=\"wp-element-caption\">&#8220;Anant com Justin Bieber&#8221; \u2014 Foto: Joseph Radhik<\/figcaption><\/figure>\n\n\n\n<p>Nos dias seguintes, o casal fez v\u00e1rios poojas (ou ora\u00e7\u00f5es cerimoniais), bem como uma cerim\u00f4nia mehendi onde a noiva e seus convidados pintam as m\u00e3os e os p\u00e9s com hena. Ent\u00e3o, em 11 de julho, eles realizaram seu haldi \u2013 uma tradi\u00e7\u00e3o auspiciosa em que um casal prestes a se casar \u00e9 coberto com pasta de a\u00e7afr\u00e3o para ter prosperidade. Radhika usava cal\u00e7as sherara de Anamika Khanna e uma dupatta (ou estola) feita de flores. \u201cA atmosfera estava cheia de alegria \u2013 e um pouco de caos\u201d, diz Radhika. \u201cNosso haldi \u00e9 o que tenho de mais valioso para mim.\u201d<\/p>\n\n\n\n<figure class=\"wp-block-image\"><img decoding=\"async\" src=\"https:\/\/s2-vogue.glbimg.com\/sXb_SSo7wAQ_BO5xUMBjkPdrLD0=\/0x0:800x533\/984x0\/smart\/filters:strip_icc()\/i.s3.glbimg.com\/v1\/AUTH_5dfbcf92c1a84b20a5da5024d398ff2f\/internal_photos\/bs\/2024\/x\/E\/ttO39eSkmUTQaYznnyfw\/sbjr-arpeethifl-11.webp\" alt=\"&quot;A cerim\u00f4nia Haldi \u00e9 um evento \u00edntimo, onde a pasta de a\u00e7afr\u00e3o \u00e9 aplicada nos noivos. Acredita-se que este ritual aben\u00e7oa o casal com boa sa\u00fade e prosperidade. A atmosfera estava cheia de alegria \u2013 e um pouco de caos! \u2013 enquanto os membros da fam\u00edlia aplicavam haldi em n\u00f3s e uns nos outros, cantando can\u00e7\u00f5es tradicionais&quot; \u2014 Foto: Joseph Radhik\"\/><figcaption class=\"wp-element-caption\">&#8220;A cerim\u00f4nia Haldi \u00e9 um evento \u00edntimo, onde a pasta de a\u00e7afr\u00e3o \u00e9 aplicada nos noivos. Acredita-se que este ritual aben\u00e7oa o casal com boa sa\u00fade e prosperidade. A atmosfera estava cheia de alegria \u2013 e um pouco de caos! \u2013 enquanto os membros da fam\u00edlia aplicavam haldi em n\u00f3s e uns nos outros, cantando can\u00e7\u00f5es tradicionais&#8221; \u2014 Foto: Joseph Radhik<\/figcaption><\/figure>\n\n\n\n<p>Em 12 de julho foi o baraat, ou prociss\u00e3o de casamento do noivo. Chegando \u00e0 Conven\u00e7\u00e3o Mundial Jio, havia artistas musicais e centenas de dan\u00e7arinos enquanto Anant chegava a cavalo. \u201cEstava fora deste mundo. Nunca vi nada assim\u201d, diz o designer Prabal Gurung, que foi um dos mais de 2.000 convidados presentes junto com Tony Blair, Nick Jonas e Priyanka Chopra, sobre o baraat. \u201cA sala inteira estava cheia de flores e celebridades de Bollywood. Havia toda aquela dan\u00e7a e canto.\u201d (Essas flores foram orquestradas pelo planejador de eventos Preston Bailey, que fez mais de 60 esculturas florais de animais, feitas de flores indianas, incluindo macacos, elefantes e tigres. Ele estimou que cada uma delas exigiu mais de 100 mil flores para ser feita. \u201cForam muitas noites sem dormir, \u201d Bailey disse \u00e0 Vogue que chegou a Mumbai tr\u00eas semanas antes para fazer isso. Durante toda a noite, as pessoas fizeram fila para tirar fotos em frente \u00e0s instala\u00e7\u00f5es.)<\/p>\n\n\n\n<figure class=\"wp-block-image\"><img decoding=\"async\" src=\"https:\/\/s2-vogue.glbimg.com\/sUSXkO30TCqXCX0TJaZZngW-7D0=\/0x0:800x533\/984x0\/smart\/filters:strip_icc()\/i.s3.glbimg.com\/v1\/AUTH_5dfbcf92c1a84b20a5da5024d398ff2f\/internal_photos\/bs\/2024\/F\/F\/Jc9WjHRkCyhEuRZwjZzg\/sbjr-ar-wedflm-20.webp\" alt=\"&quot;Uma semana depois, no Jio World Convention Center, antes do baraat e da cerim\u00f4nia de casamento&quot; \u2014 Foto: Joseph Radhik\"\/><figcaption class=\"wp-element-caption\">&#8220;Uma semana depois, no Jio World Convention Center, antes do baraat e da cerim\u00f4nia de casamento&#8221; \u2014 Foto: Joseph Radhik<\/figcaption><\/figure>\n\n\n\n<figure class=\"wp-block-image\"><img decoding=\"async\" src=\"https:\/\/s2-vogue.glbimg.com\/PVWGO1dGQpwoYBBtidS6CdqF56c=\/0x0:800x1200\/984x0\/smart\/filters:strip_icc()\/i.s3.glbimg.com\/v1\/AUTH_5dfbcf92c1a84b20a5da5024d398ff2f\/internal_photos\/bs\/2024\/r\/g\/FFEwpJRaAcNooPUO8a9g\/sbjr-ar-wedflm-15.webp\" alt=\"&quot;O planejador de eventos Preston Bailey fez esculturas florais. Ele estima que cada uma levou mais de 100 mil flores para ser feita&quot; \u2014 Foto: Joseph Radhik\"\/><figcaption class=\"wp-element-caption\">&#8220;O planejador de eventos Preston Bailey fez esculturas florais. Ele estima que cada uma levou mais de 100 mil flores para ser feita&#8221; \u2014 Foto: Joseph Radhik<\/figcaption><\/figure>\n\n\n\n<figure class=\"wp-block-image\"><img decoding=\"async\" src=\"https:\/\/s2-vogue.glbimg.com\/prHlfbVoI37xSXwcCqfeikezxHA=\/0x0:800x533\/984x0\/smart\/filters:strip_icc()\/i.s3.glbimg.com\/v1\/AUTH_5dfbcf92c1a84b20a5da5024d398ff2f\/internal_photos\/bs\/2024\/b\/R\/BIaSvKS2WOKK7TfNPOzw\/sbjr-ar-wedflm-8.webp\" alt=\"&quot;Havia mais de 60 animais florais&quot; \u2014 Foto: Joseph Radhik\"\/><figcaption class=\"wp-element-caption\">&#8220;Havia mais de 60 animais florais&#8221; \u2014 Foto: Joseph Radhik<\/figcaption><\/figure>\n\n\n\n<figure class=\"wp-block-image\"><img decoding=\"async\" src=\"https:\/\/s2-vogue.glbimg.com\/dkS1-GFV0lFS5-oUkJXW1Be6BBs=\/0x0:800x533\/984x0\/smart\/filters:strip_icc()\/i.s3.glbimg.com\/v1\/AUTH_5dfbcf92c1a84b20a5da5024d398ff2f\/internal_photos\/bs\/2024\/Z\/4\/jkXoNSTjiLQJ2J5Qne0g\/sbjr-ar-wedflm-10.webp\" alt=\"&quot;A multid\u00e3o se reunindo para o baraat de Anant&quot; Joseph Radhik \u2014 Foto: Joseph Radhik\"\/><figcaption class=\"wp-element-caption\">&#8220;A multid\u00e3o se reunindo para o baraat de Anant&#8221; Joseph Radhik \u2014 Foto: Joseph Radhik<\/figcaption><\/figure>\n\n\n\n<figure class=\"wp-block-image\"><img decoding=\"async\" src=\"https:\/\/s2-vogue.glbimg.com\/0VcSF8jraDAkntZ-qOc6eB-eNUE=\/0x0:800x1200\/984x0\/smart\/filters:strip_icc()\/i.s3.glbimg.com\/v1\/AUTH_5dfbcf92c1a84b20a5da5024d398ff2f\/internal_photos\/bs\/2024\/d\/Y\/HuHauST3iADvxPxhpIeQ\/sbjr-ar-wedfl-7-20-1-.webp\" alt=\"&quot;Uma girafa e um macaco feito de flores&quot; \u2014 Foto: Joseph Radhik\"\/><figcaption class=\"wp-element-caption\">&#8220;Uma girafa e um macaco feito de flores&#8221; \u2014 Foto: Joseph Radhik<\/figcaption><\/figure>\n\n\n\n<figure class=\"wp-block-image\"><img decoding=\"async\" src=\"https:\/\/s2-vogue.glbimg.com\/J5R0P_9YeFpx4OkDyczP5UNzXbM=\/0x0:800x533\/984x0\/smart\/filters:strip_icc()\/i.s3.glbimg.com\/v1\/AUTH_5dfbcf92c1a84b20a5da5024d398ff2f\/internal_photos\/bs\/2024\/5\/0\/EDPHbORGCPDE3ipF3SbQ\/sbjr-ar-wedfl-11.webp\" alt=\"&quot;Detalhes da decora\u00e7\u00e3o do Centro de Conven\u00e7\u00f5es Jio&quot; \u2014 Foto: Joseph Radhik\"\/><figcaption class=\"wp-element-caption\">&#8220;Detalhes da decora\u00e7\u00e3o do Centro de Conven\u00e7\u00f5es Jio&#8221; \u2014 Foto: Joseph Radhik<\/figcaption><\/figure>\n\n\n\n<figure class=\"wp-block-image\"><img decoding=\"async\" src=\"https:\/\/s2-vogue.glbimg.com\/HL5hXfVAnt3yGkpveP-2EM9c5Dw=\/0x0:800x1200\/984x0\/smart\/filters:strip_icc()\/i.s3.glbimg.com\/v1\/AUTH_5dfbcf92c1a84b20a5da5024d398ff2f\/internal_photos\/bs\/2024\/F\/v\/nmArDPQvAQoB6lrVs63w\/sbjr-ar-wedfl-12.webp\" alt=\"&quot;O artesanato tradicional indiano proporcionou uma decora\u00e7\u00e3o colorida&quot; \u2014 Foto: Joseph Rahdik\"\/><figcaption class=\"wp-element-caption\">&#8220;O artesanato tradicional indiano proporcionou uma decora\u00e7\u00e3o colorida&#8221; \u2014 Foto: Joseph Rahdik<\/figcaption><\/figure>\n\n\n\n<figure class=\"wp-block-image\"><img decoding=\"async\" src=\"https:\/\/s2-vogue.glbimg.com\/Lzxi-qBjPDJ80VzRpCxnih_H48Y=\/0x0:800x450\/984x0\/smart\/filters:strip_icc()\/i.s3.glbimg.com\/v1\/AUTH_5dfbcf92c1a84b20a5da5024d398ff2f\/internal_photos\/bs\/2024\/3\/W\/gATlx3QtCGWfheC0pzBw\/sbjr-ar-wedfl-20.webp\" alt=\"&quot;Artistas fazem fila para o baraat&quot; \u2014 Foto: Joseph Radhik\"\/><figcaption class=\"wp-element-caption\">&#8220;Artistas fazem fila para o baraat&#8221; \u2014 Foto: Joseph Radhik<\/figcaption><\/figure>\n\n\n\n<figure class=\"wp-block-image\"><img decoding=\"async\" src=\"https:\/\/s2-vogue.glbimg.com\/yoYgQV-bMoMzmQrg9u18OkEYsdE=\/0x0:800x533\/984x0\/smart\/filters:strip_icc()\/i.s3.glbimg.com\/v1\/AUTH_5dfbcf92c1a84b20a5da5024d398ff2f\/internal_photos\/bs\/2024\/b\/E\/HlMkWfQN6EYLVmZVI7yw\/sbjr-ar-wedfl-21.webp\" alt=\"&quot;Anant durante o baraat&quot; \u2014 Foto: Joseph Radhik\"\/><figcaption class=\"wp-element-caption\">&#8220;Anant durante o baraat&#8221; \u2014 Foto: Joseph Radhik<\/figcaption><\/figure>\n\n\n\n<figure class=\"wp-block-image\"><img decoding=\"async\" src=\"https:\/\/s2-vogue.glbimg.com\/17f05CjAuqPq_zhwe6zlVEwe0AI=\/0x0:800x640\/984x0\/smart\/filters:strip_icc()\/i.s3.glbimg.com\/v1\/AUTH_5dfbcf92c1a84b20a5da5024d398ff2f\/internal_photos\/bs\/2024\/2\/6\/yxnA1tTACd8LPBEZbwOA\/sbjr-ar-wedfl-25.webp\" alt=\"&quot;Nita Ambani vestindo Abu Jani Sandeep Khosla&quot; \u2014 Foto: Joseph Radhik\"\/><figcaption class=\"wp-element-caption\">&#8220;Nita Ambani vestindo Abu Jani Sandeep Khosla&#8221; \u2014 Foto: Joseph Radhik<\/figcaption><\/figure>\n\n\n\n<figure class=\"wp-block-image\"><img decoding=\"async\" src=\"https:\/\/s2-vogue.glbimg.com\/W3btSxdG4BhgZdYIH8TsRC-2Tfk=\/0x0:800x533\/984x0\/smart\/filters:strip_icc()\/i.s3.glbimg.com\/v1\/AUTH_5dfbcf92c1a84b20a5da5024d398ff2f\/internal_photos\/bs\/2024\/3\/u\/LXuOPfTASiosjAwDxgmQ\/sbjr-ar-wedfl-26.webp\" alt=\"&quot;O baraat \u00e9 uma prociss\u00e3o habitual onde o noivo \u00e9 acompanhado pela sua fam\u00edlia e amigos&quot; \u2014 Foto: Joseph Radhik\"\/><figcaption class=\"wp-element-caption\">&#8220;O baraat \u00e9 uma prociss\u00e3o habitual onde o noivo \u00e9 acompanhado pela sua fam\u00edlia e amigos&#8221; \u2014 Foto: Joseph Radhik<\/figcaption><\/figure>\n\n\n\n<figure class=\"wp-block-image\"><img decoding=\"async\" src=\"https:\/\/s2-vogue.glbimg.com\/Tq4MJCy_xcEOBO4Q2lfVzPNMeik=\/0x0:800x533\/984x0\/smart\/filters:strip_icc()\/i.s3.glbimg.com\/v1\/AUTH_5dfbcf92c1a84b20a5da5024d398ff2f\/internal_photos\/bs\/2024\/H\/S\/XAyqPfSPWa8B9mO6YhDQ\/sbjr-ar-wedfl-35.webp\" alt=\"&quot;H\u00e1 m\u00fasica e festividades exuberantes \u2013 quase como um desfile&quot; \u2014 Foto: Joseph Radhik\"\/><figcaption class=\"wp-element-caption\">&#8220;H\u00e1 m\u00fasica e festividades exuberantes \u2013 quase como um desfile&#8221; \u2014 Foto: Joseph Radhik<\/figcaption><\/figure>\n\n\n\n<figure class=\"wp-block-image\"><img decoding=\"async\" src=\"https:\/\/s2-vogue.glbimg.com\/J2tQUTH_sJP0Uf53ScsadpVrlv8=\/0x0:800x533\/984x0\/smart\/filters:strip_icc()\/i.s3.glbimg.com\/v1\/AUTH_5dfbcf92c1a84b20a5da5024d398ff2f\/internal_photos\/bs\/2024\/4\/m\/cABBrBRFGKrFzCuxQ9NQ\/sbjr-ar-wedfl-101.webp\" alt=\"&quot;O baraat de Anant foi algo que ningu\u00e9m nunca tinha visto antes&quot; \u2014 Foto: Joseph Radhik\"\/><figcaption class=\"wp-element-caption\">&#8220;O baraat de Anant foi algo que ningu\u00e9m nunca tinha visto antes&#8221; \u2014 Foto: Joseph Radhik<\/figcaption><\/figure>\n\n\n\n<figure class=\"wp-block-image\"><img decoding=\"async\" src=\"https:\/\/s2-vogue.glbimg.com\/FwweP6cpwlcHQ0T9K4B7KaLOU2w=\/0x0:800x640\/984x0\/smart\/filters:strip_icc()\/i.s3.glbimg.com\/v1\/AUTH_5dfbcf92c1a84b20a5da5024d398ff2f\/internal_photos\/bs\/2024\/A\/Z\/wj1kndQCyLWC0BRGrrGw\/sbjr-ar-wedfl-37.webp\" alt=\"&quot;Confetes caindo do c\u00e9u&quot; \u2014 Foto: Joseph Radhik\"\/><figcaption class=\"wp-element-caption\">&#8220;Confetes caindo do c\u00e9u&#8221; \u2014 Foto: Joseph Radhik<\/figcaption><\/figure>\n\n\n\n<figure class=\"wp-block-image\"><img decoding=\"async\" src=\"https:\/\/s2-vogue.glbimg.com\/kKAkGOvfXYEaFAYbG561jEZLgzc=\/0x0:800x1000\/984x0\/smart\/filters:strip_icc()\/i.s3.glbimg.com\/v1\/AUTH_5dfbcf92c1a84b20a5da5024d398ff2f\/internal_photos\/bs\/2024\/N\/u\/mBPlkqTX6xDBbB2zxbZw\/sbjr-ar-wedfl-40.webp\" alt=\"John Cena \u2014 Foto: Joseph Radhik\"\/><figcaption class=\"wp-element-caption\">John Cena \u2014 Foto: Joseph Radhik<\/figcaption><\/figure>\n\n\n\n<figure class=\"wp-block-image\"><img decoding=\"async\" src=\"https:\/\/s2-vogue.glbimg.com\/c7i19Vc4fvi3JQbUrjlbqGHTZLE=\/0x0:800x640\/984x0\/smart\/filters:strip_icc()\/i.s3.glbimg.com\/v1\/AUTH_5dfbcf92c1a84b20a5da5024d398ff2f\/internal_photos\/bs\/2024\/H\/v\/5XPwiBSuqoU4zm1w8CcQ\/sbjr-ar-wedfl-45.webp\" alt=\"Madhuri Dixit \u2014 Foto: Joseph Radhik\"\/><figcaption class=\"wp-element-caption\">Madhuri Dixit \u2014 Foto: Joseph Radhik<\/figcaption><\/figure>\n\n\n\n<figure class=\"wp-block-image\"><img decoding=\"async\" src=\"https:\/\/s2-vogue.glbimg.com\/oljR1Eeip1fbQkD77zegfOII0MI=\/0x0:800x533\/984x0\/smart\/filters:strip_icc()\/i.s3.glbimg.com\/v1\/AUTH_5dfbcf92c1a84b20a5da5024d398ff2f\/internal_photos\/bs\/2024\/Q\/4\/O24Fk6Q1myRQn90e0BVg\/sbjr-ar-wedfl-58.webp\" alt=\"&quot;Foi humilhante ver quantas pessoas se importaram e apareceram para n\u00f3s&quot; \u2014 Foto: Joseph Radhik\"\/><figcaption class=\"wp-element-caption\">&#8220;Foi humilhante ver quantas pessoas se importaram e apareceram para n\u00f3s&#8221; \u2014 Foto: Joseph Radhik<\/figcaption><\/figure>\n\n\n\n<figure class=\"wp-block-image\"><img decoding=\"async\" src=\"https:\/\/s2-vogue.glbimg.com\/biVV9I_RSFVWgkhHQzPJCOmVTz8=\/0x0:800x533\/984x0\/smart\/filters:strip_icc()\/i.s3.glbimg.com\/v1\/AUTH_5dfbcf92c1a84b20a5da5024d398ff2f\/internal_photos\/bs\/2024\/M\/0\/ZP78QZTsAWgeW92BtXKA\/sbjr-ar-wedfl-62.webp\" alt=\"&quot;Priyanka Chopra vestindo Tarun Tahiliani e o marido, Nick Jonas&quot; \u2014 Foto: Joseph Radhik\"\/><figcaption class=\"wp-element-caption\">&#8220;Priyanka Chopra vestindo Tarun Tahiliani e o marido, Nick Jonas&#8221; \u2014 Foto: Joseph Radhik<\/figcaption><\/figure>\n\n\n\n<figure class=\"wp-block-image\"><img decoding=\"async\" src=\"https:\/\/s2-vogue.glbimg.com\/9iKJW19OYNG3Wu3Fr8ov2Hp7VVs=\/0x0:800x533\/984x0\/smart\/filters:strip_icc()\/i.s3.glbimg.com\/v1\/AUTH_5dfbcf92c1a84b20a5da5024d398ff2f\/internal_photos\/bs\/2024\/v\/N\/AEFBpDSlaDZrYvxdtJlA\/sbjr-ar-wedfl-65.webp\" alt=\"&quot;Detalhes dos looks dos convidados&quot; \u2014 Foto: Joseph Radhik\"\/><figcaption class=\"wp-element-caption\">&#8220;Detalhes dos looks dos convidados&#8221; \u2014 Foto: Joseph Radhik<\/figcaption><\/figure>\n\n\n\n<figure class=\"wp-block-image\"><img decoding=\"async\" src=\"https:\/\/s2-vogue.glbimg.com\/kNLyuJeh1jxOjcDJnuloH1UVm7U=\/0x0:800x533\/984x0\/smart\/filters:strip_icc()\/i.s3.glbimg.com\/v1\/AUTH_5dfbcf92c1a84b20a5da5024d398ff2f\/internal_photos\/bs\/2024\/0\/l\/iX039uSt2A53s8ehqEmA\/sbjr-ar-wedfl-68.webp\" alt=\"&quot;Presidente da FIFA, Gianni Infantino, e Leena Al Ashqar&quot; \u2014 Foto: Joseph Radhik\"\/><figcaption class=\"wp-element-caption\">&#8220;Presidente da FIFA, Gianni Infantino, e Leena Al Ashqar&#8221; \u2014 Foto: Joseph Radhik<\/figcaption><\/figure>\n\n\n\n<figure class=\"wp-block-image\"><img decoding=\"async\" src=\"https:\/\/s2-vogue.glbimg.com\/JzqZWHajAbNhDZiG7mY7btWno68=\/0x0:800x640\/984x0\/smart\/filters:strip_icc()\/i.s3.glbimg.com\/v1\/AUTH_5dfbcf92c1a84b20a5da5024d398ff2f\/internal_photos\/bs\/2024\/l\/r\/FSA5d3Sv6EKeCSAaspEw\/sbjr-ar-wedfl-71.webp\" alt=\"&quot;K'Naan cantou 'Just Like a Waving Flag'&quot; \u2014 Foto: Joseph Radhik\"\/><figcaption class=\"wp-element-caption\">&#8220;K&#8217;Naan cantou &#8216;Just Like a Waving Flag'&#8221; \u2014 Foto: Joseph Radhik<\/figcaption><\/figure>\n\n\n\n<figure class=\"wp-block-image\"><img decoding=\"async\" src=\"https:\/\/s2-vogue.glbimg.com\/3YXwAr3prxAUR8_odVe7VehrRmE=\/0x0:800x1000\/984x0\/smart\/filters:strip_icc()\/i.s3.glbimg.com\/v1\/AUTH_5dfbcf92c1a84b20a5da5024d398ff2f\/internal_photos\/bs\/2024\/q\/8\/kFbjR7TBqGlhc7JVRgvw\/sbjr-ar-wedfl-77.webp\" alt=\"Nicky Rothschild e James Rothschild \u2014 Foto: Joseph Radhik\"\/><figcaption class=\"wp-element-caption\">Nicky Rothschild e James Rothschild \u2014 Foto: Joseph Radhik<\/figcaption><\/figure>\n\n\n\n<figure class=\"wp-block-image\"><img decoding=\"async\" src=\"https:\/\/s2-vogue.glbimg.com\/hogDrAjBZhkIwdbIZlK_UraZ7LE=\/0x0:800x1000\/984x0\/smart\/filters:strip_icc()\/i.s3.glbimg.com\/v1\/AUTH_5dfbcf92c1a84b20a5da5024d398ff2f\/internal_photos\/bs\/2024\/1\/J\/IsLtyhRUuHKlBeSFxbQg\/sbjr-ar-wedfl-78.webp\" alt=\"Alia Bahat e Ranbir Kapoor \u2014 Foto: Joseph Radhik\"\/><figcaption class=\"wp-element-caption\">Alia Bahat e Ranbir Kapoor \u2014 Foto: Joseph Radhik<\/figcaption><\/figure>\n\n\n\n<figure class=\"wp-block-image\"><img decoding=\"async\" src=\"https:\/\/s2-vogue.glbimg.com\/LMoaZBLsfg1UPo4axX1LwH3rojo=\/0x0:800x1000\/984x0\/smart\/filters:strip_icc()\/i.s3.glbimg.com\/v1\/AUTH_5dfbcf92c1a84b20a5da5024d398ff2f\/internal_photos\/bs\/2024\/9\/o\/KfndePSNAqBBuywcr73A\/sbjr-ar-wedfl-103.webp\" alt=\"Boris Johnson e seu filho \u2014 Foto: Joseph Radhik\"\/><figcaption class=\"wp-element-caption\">Boris Johnson e seu filho \u2014 Foto: Joseph Radhik<\/figcaption><\/figure>\n\n\n\n<figure class=\"wp-block-image\"><img decoding=\"async\" src=\"https:\/\/s2-vogue.glbimg.com\/uKBQYFm3q--dA26wSHCoGM1pyOQ=\/0x0:800x533\/984x0\/smart\/filters:strip_icc()\/i.s3.glbimg.com\/v1\/AUTH_5dfbcf92c1a84b20a5da5024d398ff2f\/internal_photos\/bs\/2024\/y\/B\/xGL1kBQAayMQeVerfOOQ\/sbjr-ar-wedfl-104.webp\" alt=\"Stylist Law Roach \u2014 Foto: Joseph Radhik\"\/><figcaption class=\"wp-element-caption\">Stylist Law Roach \u2014 Foto: Joseph Radhik<\/figcaption><\/figure>\n\n\n\n<figure class=\"wp-block-image\"><img decoding=\"async\" src=\"https:\/\/s2-vogue.glbimg.com\/8hlONgPhS6aX8F0w6XvV2arwc6w=\/0x0:800x640\/984x0\/smart\/filters:strip_icc()\/i.s3.glbimg.com\/v1\/AUTH_5dfbcf92c1a84b20a5da5024d398ff2f\/internal_photos\/bs\/2024\/d\/5\/0tSm8BTtexttTQh2rzNA\/sbjr-ar-wedfl-105.webp\" alt=\"&quot;Anant celebrando durante o seu baraat&quot; \u2014 Foto: Joseph Radhik\"\/><figcaption class=\"wp-element-caption\">&#8220;Anant celebrando durante o seu baraat&#8221; \u2014 Foto: Joseph Radhik<\/figcaption><\/figure>\n\n\n\n<p>Depois de um breve intervalo, chegou a hora do casamento. A cerim\u00f4nia hindu come\u00e7ou com a tradicional jaimala, onde Anant e Radhika trocaram guirlandas simbolizando a aceita\u00e7\u00e3o um do outro. Isso foi seguido pelo kanyadaan, o momento oficial em que os pais de Radhika deram a Anant sua b\u00ean\u00e7\u00e3o para se casar com sua filha. Depois veio a phera, a pr\u00f3pria cerim\u00f4nia de casamento, onde os noivos d\u00e3o uma volta ao redor de uma fogueira ritual. Radhika descreve o ato como \u201csombrio, mas hipnotizante\u201d.<\/p>\n\n\n\n<figure class=\"wp-block-image\"><img decoding=\"async\" src=\"https:\/\/s2-vogue.glbimg.com\/7hd3dhaurjqr1_eYPGyID16eOdQ=\/0x0:800x533\/984x0\/smart\/filters:strip_icc()\/i.s3.glbimg.com\/v1\/AUTH_5dfbcf92c1a84b20a5da5024d398ff2f\/internal_photos\/bs\/2024\/n\/Z\/zCKs7nQK6WiVyisNBNIw\/sbjr-ar-wedfl-144.webp\" alt=\"&quot;Nossa cerim\u00f4nia come\u00e7ou com o tradicional Jaimala, onde Anant e eu trocamos guirlandas, simbolizando a aceita\u00e7\u00e3o m\u00fatua&quot; \u2014 Foto: Joseph Radhik\"\/><figcaption class=\"wp-element-caption\">&#8220;Nossa cerim\u00f4nia come\u00e7ou com o tradicional Jaimala, onde Anant e eu trocamos guirlandas, simbolizando a aceita\u00e7\u00e3o m\u00fatua&#8221; \u2014 Foto: Joseph Radhik<\/figcaption><\/figure>\n\n\n\n<figure class=\"wp-block-image\"><img decoding=\"async\" src=\"https:\/\/s2-vogue.glbimg.com\/vxpff72dpOpxAwR1zumFGs8gyzk=\/0x0:800x533\/984x0\/smart\/filters:strip_icc()\/i.s3.glbimg.com\/v1\/AUTH_5dfbcf92c1a84b20a5da5024d398ff2f\/internal_photos\/bs\/2024\/g\/s\/Xp4aNAQEiozHthzahHfQ\/sbjr-ar-wedfl-195.webp\" alt=\"&quot;Isto foi seguido pelo Kanyadaan, um momento crucial em que meus pais me confiaram a Anant, significando suas b\u00ean\u00e7\u00e3os e consentimento&quot; \u2014 Foto: Joseph Radhik\"\/><figcaption class=\"wp-element-caption\">&#8220;Isto foi seguido pelo Kanyadaan, um momento crucial em que meus pais me confiaram a Anant, significando suas b\u00ean\u00e7\u00e3os e consentimento&#8221; \u2014 Foto: Joseph Radhik<\/figcaption><\/figure>\n\n\n\n<figure class=\"wp-block-image\"><img decoding=\"async\" src=\"https:\/\/s2-vogue.glbimg.com\/tWuiMYGPk9vaTgV7Eutgu7j6TMg=\/0x0:800x800\/984x0\/smart\/filters:strip_icc()\/i.s3.glbimg.com\/v1\/AUTH_5dfbcf92c1a84b20a5da5024d398ff2f\/internal_photos\/bs\/2024\/c\/S\/088E1lShK02zsAuHxxow\/sbjr-ar-wedfl-152.webp\" alt=\"&quot;A cerim\u00f4nia real que define o sagrado matrim\u00f4nio \u00e9 um ritual relativamente sombrio, mas hipnotizante, que envolve a noiva e o noivo dando passos compartilhados atrav\u00e9s de um fogo ritual que simboliza pureza e uni\u00e3o&quot; \u2014 Foto: Joseph Radhik\"\/><figcaption class=\"wp-element-caption\">&#8220;A cerim\u00f4nia real que define o sagrado matrim\u00f4nio \u00e9 um ritual relativamente sombrio, mas hipnotizante, que envolve a noiva e o noivo dando passos compartilhados atrav\u00e9s de um fogo ritual que simboliza pureza e uni\u00e3o&#8221; \u2014 Foto: Joseph Radhik<\/figcaption><\/figure>\n\n\n\n<p>\u201cCada voto engloba promessas de amor, fidelidade, prosperidade e respeito m\u00fatuo, criando uma base para a nossa vida de casado\u201d, diz ela. Depois vieram as cerim\u00f4nias sindoor daan e mangalsutra, onde Anant colocou vermelh\u00e3o no cabelo de Radhika e amarrou um mangalsutra, um colar sagrado, em volta do pesco\u00e7o. \u201cIsso pode ser comparado \u00e0 troca de alian\u00e7as em um casamento ocidental\u201d, explica Radhika. \u201cA cerim\u00f4nia foi conclu\u00edda com o aashirwad, onde buscamos as b\u00ean\u00e7\u00e3os dos mais velhos, garantindo seus bons votos para o nosso futuro.\u201d<\/p>\n\n\n\n<figure class=\"wp-block-image\"><img decoding=\"async\" src=\"https:\/\/s2-vogue.glbimg.com\/PDKCgZf2uxnENp5GK9bFDzfnIf0=\/0x0:800x533\/984x0\/smart\/filters:strip_icc()\/i.s3.glbimg.com\/v1\/AUTH_5dfbcf92c1a84b20a5da5024d398ff2f\/internal_photos\/bs\/2024\/L\/Z\/ZoxCHHQoyANQ7xo6OTpw\/sbjr-ar-wedfl-170.webp\" alt=\"&quot;Cada voto engloba promessas de amor, fidelidade, prosperidade e respeito m\u00fatuo, criando uma base para a nossa vida de casado&quot; \u2014 Foto: Joseph Radhik\"\/><figcaption class=\"wp-element-caption\">&#8220;Cada voto engloba promessas de amor, fidelidade, prosperidade e respeito m\u00fatuo, criando uma base para a nossa vida de casado&#8221; \u2014 Foto: Joseph Radhik<\/figcaption><\/figure>\n\n\n\n<figure class=\"wp-block-image\"><img decoding=\"async\" src=\"https:\/\/s2-vogue.glbimg.com\/RjQKsglA9_fnbKjqi_1y1pPlD2Y=\/0x0:800x640\/984x0\/smart\/filters:strip_icc()\/i.s3.glbimg.com\/v1\/AUTH_5dfbcf92c1a84b20a5da5024d398ff2f\/internal_photos\/bs\/2024\/U\/T\/AAtZ51QCiISyGX9XEboA\/sbjr-ar-wedfl-226.webp\" alt=\"&quot;A cerim\u00f4nia Sindoor Daan e Mangalsutra. Anant aplicou vermelh\u00e3o na divis\u00e3o do meu cabelo e amarrou o mangalsutra (um colar sagrado) em volta do meu pesco\u00e7o, ambos s\u00edmbolos do meu novo status de mulher casada&quot; \u2014 Foto: Joseph Radhik\"\/><figcaption class=\"wp-element-caption\">&#8220;A cerim\u00f4nia Sindoor Daan e Mangalsutra. Anant aplicou vermelh\u00e3o na divis\u00e3o do meu cabelo e amarrou o mangalsutra (um colar sagrado) em volta do meu pesco\u00e7o, ambos s\u00edmbolos do meu novo status de mulher casada&#8221; \u2014 Foto: Joseph Radhik<\/figcaption><\/figure>\n\n\n\n<figure class=\"wp-block-image\"><img decoding=\"async\" src=\"https:\/\/s2-vogue.glbimg.com\/xIfw8pFdMJxiYjARUu3TbEmgbSg=\/0x0:800x533\/984x0\/smart\/filters:strip_icc()\/i.s3.glbimg.com\/v1\/AUTH_5dfbcf92c1a84b20a5da5024d398ff2f\/internal_photos\/bs\/2024\/I\/y\/w3IwwpR4AANGv298GCtw\/sbjr-ar-wedfl-162.webp\" alt=\"&quot;Criou uma tape\u00e7aria de mem\u00f3rias que guardaremos para sempre&quot; \u2014 Foto: Joseph Radhik\"\/><figcaption class=\"wp-element-caption\">&#8220;Criou uma tape\u00e7aria de mem\u00f3rias que guardaremos para sempre&#8221; \u2014 Foto: Joseph Radhik<\/figcaption><\/figure>\n\n\n\n<figure class=\"wp-block-image\"><img decoding=\"async\" src=\"https:\/\/s2-vogue.glbimg.com\/UtXmQaLXd1FD-v5rbaX-npThL4w=\/0x0:800x533\/984x0\/smart\/filters:strip_icc()\/i.s3.glbimg.com\/v1\/AUTH_5dfbcf92c1a84b20a5da5024d398ff2f\/internal_photos\/bs\/2024\/d\/9\/mGwgqjStm6ZgvQwAXhdQ\/sbjr-ar-wedfl-153.webp\" alt=\"&quot;Os detalhes da roupa de casamento de Anant&quot; \u2014 Foto: Joseph Radhik\"\/><figcaption class=\"wp-element-caption\">&#8220;Os detalhes da roupa de casamento de Anant&#8221; \u2014 Foto: Joseph Radhik<\/figcaption><\/figure>\n\n\n\n<p>Para este momento sagrado, Radhika usou um look de alta-costura \u00fanico de Abu Jani e Sandeep Khosla em vermelho e branco, homenageando a tradi\u00e7\u00e3o Gujarati de panetar. Seu ghagra, t\u00edpica saia indiana, era adornado com intrincados motivos florais junto com pedras preciosas e lantejoulas. Sobre sua cabe\u00e7a havia um v\u00e9u de quase dois metros de comprimento que tinha um delicado padr\u00e3o jaali e recortes. (\u201cMeu v\u00e9u era uma verdadeira maravilha de Zardozi\u201d, diz Radhika, referindo-se ao termo cultural para bordado com fio de ouro.)<\/p>\n\n\n\n<figure class=\"wp-block-image\"><img decoding=\"async\" src=\"https:\/\/s2-vogue.glbimg.com\/nPXiat0qlLvB_KOHeTJngYE8i0Y=\/0x0:800x800\/984x0\/smart\/filters:strip_icc()\/i.s3.glbimg.com\/v1\/AUTH_5dfbcf92c1a84b20a5da5024d398ff2f\/internal_photos\/bs\/2024\/2\/f\/Rh98O8QeGaGfZAK5wfqw\/whatsapp-20image-202024-07-13-20at-2000.29.24.webp\" alt=\"&quot;Para o dia do meu casamento, escolhi um look de alta-costura \u00fanico de Abu Jani e Sandeep Khosla&quot; \u2014 Foto: Joseph Radhik\"\/><figcaption class=\"wp-element-caption\">&#8220;Para o dia do meu casamento, escolhi um look de alta-costura \u00fanico de Abu Jani e Sandeep Khosla&#8221; \u2014 Foto: Joseph Radhik<\/figcaption><\/figure>\n\n\n\n<figure class=\"wp-block-image\"><img decoding=\"async\" src=\"https:\/\/s2-vogue.glbimg.com\/WtA2NLqZJWnddu-0JM8uukLhAiU=\/0x0:1600x2400\/984x0\/smart\/filters:strip_icc()\/i.s3.glbimg.com\/v1\/AUTH_5dfbcf92c1a84b20a5da5024d398ff2f\/internal_photos\/bs\/2024\/e\/X\/WcWeelQSO7B4WAgDAkaw\/sbjr-ar-wedfl-171.webp\" alt=\"Anant Ambani e Radhika Merchant \u2014 Foto: Joseph Radhik\"\/><figcaption class=\"wp-element-caption\">Anant Ambani e Radhika Merchant \u2014 Foto: Joseph Radhik<\/figcaption><\/figure>\n\n\n\n<figure class=\"wp-block-image\"><img decoding=\"async\" src=\"https:\/\/s2-vogue.glbimg.com\/Sz-WezF75zURo6AO56VxQRCeGdE=\/0x0:800x640\/984x0\/smart\/filters:strip_icc()\/i.s3.glbimg.com\/v1\/AUTH_5dfbcf92c1a84b20a5da5024d398ff2f\/internal_photos\/bs\/2024\/9\/R\/UVGNdAQn698sr9p20oHQ\/sbjr-ar-wedfl-119.webp\" alt=\"&quot;Anant fazendo sua entrada em nosso casamento&quot; \u2014 Foto: Joseph Radhik\"\/><figcaption class=\"wp-element-caption\">&#8220;Anant fazendo sua entrada em nosso casamento&#8221; \u2014 Foto: Joseph Radhik<\/figcaption><\/figure>\n\n\n\n<figure class=\"wp-block-image\"><img decoding=\"async\" src=\"https:\/\/s2-vogue.glbimg.com\/KkQ6ZO12tYGMJIMcQsEmpE-59sE=\/0x0:800x800\/984x0\/smart\/filters:strip_icc()\/i.s3.glbimg.com\/v1\/AUTH_5dfbcf92c1a84b20a5da5024d398ff2f\/internal_photos\/bs\/2024\/U\/W\/bDw53pQIioxK29Ako56w\/sbjr-ar-wedfl-122.webp\" alt=\"Shloka Ambani, Anant Ambani e Isha Ambani \u2014 Foto: Joseph Radhik\"\/><figcaption class=\"wp-element-caption\">Shloka Ambani, Anant Ambani e Isha Ambani \u2014 Foto: Joseph Radhik<\/figcaption><\/figure>\n\n\n\n<figure class=\"wp-block-image\"><img decoding=\"async\" src=\"https:\/\/s2-vogue.glbimg.com\/tRMlr1CNPBPyW62TerQoa8MRzXY=\/0x0:800x533\/984x0\/smart\/filters:strip_icc()\/i.s3.glbimg.com\/v1\/AUTH_5dfbcf92c1a84b20a5da5024d398ff2f\/internal_photos\/bs\/2024\/P\/z\/dzYN2yQ1ySZgxwuT7EXQ\/sbjr-ar-wedfl-140.webp\" alt=\"&quot;Com meu pai, Viren Merchant&quot; \u2014 Foto: Joseph Radhik\"\/><figcaption class=\"wp-element-caption\">&#8220;Com meu pai, Viren Merchant&#8221; \u2014 Foto: Joseph Radhik<\/figcaption><\/figure>\n\n\n\n<figure class=\"wp-block-image\"><img decoding=\"async\" src=\"https:\/\/s2-vogue.glbimg.com\/gUetIJkQQvc_N1wGiRaOCSSkcdY=\/0x0:800x533\/984x0\/smart\/filters:strip_icc()\/i.s3.glbimg.com\/v1\/AUTH_5dfbcf92c1a84b20a5da5024d398ff2f\/internal_photos\/bs\/2024\/R\/S\/2xwKjBRJmdQUgw4r39Lg\/sbjr-ar-wedfl-161.webp\" alt=\"&quot;Isso \u00e9 conhecido como 'pheras', que se traduz literalmente como circunvolu\u00e7\u00e3o&quot; \u2014 Foto: Joseph Radhik\"\/><figcaption class=\"wp-element-caption\">&#8220;Isso \u00e9 conhecido como &#8216;pheras&#8217;, que se traduz literalmente como circunvolu\u00e7\u00e3o&#8221; \u2014 Foto: Joseph Radhik<\/figcaption><\/figure>\n\n\n\n<figure class=\"wp-block-image\"><img decoding=\"async\" src=\"https:\/\/s2-vogue.glbimg.com\/H6uhAE0b3ABudiz6jVayBwRCW4I=\/0x0:800x1000\/984x0\/smart\/filters:strip_icc()\/i.s3.glbimg.com\/v1\/AUTH_5dfbcf92c1a84b20a5da5024d398ff2f\/internal_photos\/bs\/2024\/1\/J\/2PBFpTSZqpXwGTWxIrtA\/sbjr-ar-wedfl-227.webp\" alt=\"&quot;Anant, Nita Ambani e eu&quot; \u2014 Foto: Joseph Radhik\"\/><figcaption class=\"wp-element-caption\">&#8220;Anant, Nita Ambani e eu&#8221; \u2014 Foto: Joseph Radhik<\/figcaption><\/figure>\n\n\n\n<figure class=\"wp-block-image\"><img decoding=\"async\" src=\"https:\/\/s2-vogue.glbimg.com\/elza5ThC9mV5zeOpyDGmeApVnnU=\/0x0:800x800\/984x0\/smart\/filters:strip_icc()\/i.s3.glbimg.com\/v1\/AUTH_5dfbcf92c1a84b20a5da5024d398ff2f\/internal_photos\/bs\/2024\/k\/J\/98ihclR2u6ndEgYWRsNQ\/sbjr-ar-wedfl-228.webp\" alt=\"&quot;Membros importantes da nossa festa de casamento&quot; \u2014 Foto: Joseph Radhik\"\/><figcaption class=\"wp-element-caption\">&#8220;Membros importantes da nossa festa de casamento&#8221; \u2014 Foto: Joseph Radhik<\/figcaption><\/figure>\n\n\n\n<figure class=\"wp-block-image\"><img decoding=\"async\" src=\"https:\/\/s2-vogue.glbimg.com\/3gtEvdOrO7CvUBZN9H2x7VEphVY=\/0x0:800x533\/984x0\/smart\/filters:strip_icc()\/i.s3.glbimg.com\/v1\/AUTH_5dfbcf92c1a84b20a5da5024d398ff2f\/internal_photos\/bs\/2024\/Z\/d\/i2RiD3SV6By1T9tZ1THg\/sbjr-ar-wedfl-178.webp\" alt=\"&quot;Posando para retratos de casamento&quot; \u2014 Foto: Joseph Radhik\"\/><figcaption class=\"wp-element-caption\">&#8220;Posando para retratos de casamento&#8221; \u2014 Foto: Joseph Radhik<\/figcaption><\/figure>\n\n\n\n<p>Em volta do pesco\u00e7o, ela usava um ranihaar, seu colar de noiva, com muitas esmeralda. Radhika disse \u00e0 Vogue que a pe\u00e7a \u00e9 uma heran\u00e7a de fam\u00edlia: \u201cUsei o mesmo colar que minha irm\u00e3 e minhas tias usaram em seus casamentos e realmente acredito que isso me deu uma for\u00e7a e uma b\u00ean\u00e7\u00e3o especial\u201d, diz ela. O noivo, por sua vez, usava Abu Jani Sandeep Khosla.<\/p>\n\n\n\n<figure class=\"wp-block-image\"><img decoding=\"async\" src=\"https:\/\/s2-vogue.glbimg.com\/HJoJlREYycy-yIAbiuvihS73QUw=\/0x0:800x1000\/984x0\/smart\/filters:strip_icc()\/i.s3.glbimg.com\/v1\/AUTH_5dfbcf92c1a84b20a5da5024d398ff2f\/internal_photos\/bs\/2024\/K\/B\/7hReYVSkOQtgm2tYBSAw\/whatsapp-20image-202024-07-12-20at-202.35.43.webp\" alt=\"&quot;Para joias, recorri a heran\u00e7as de fam\u00edlia. Usei o mesmo colar que minha irm\u00e3 e tias usaram em seus casamentos, e realmente acredito que isso me deu uma for\u00e7a e uma b\u00ean\u00e7\u00e3o especiais enquanto caminhava pelo corredor. Na verdade, foi uma pe\u00e7a que meu pai surpreendeu minha m\u00e3e em um feriado para comemorar seu anivers\u00e1rio. Eu coloquei isso em camadas com um novo colar que projetamos para esta ocasi\u00e3o&quot; \u2014 Foto: Joseph Radhik\"\/><figcaption class=\"wp-element-caption\">&#8220;Para joias, recorri a heran\u00e7as de fam\u00edlia. Usei o mesmo colar que minha irm\u00e3 e tias usaram em seus casamentos, e realmente acredito que isso me deu uma for\u00e7a e uma b\u00ean\u00e7\u00e3o especiais enquanto caminhava pelo corredor. Na verdade, foi uma pe\u00e7a que meu pai surpreendeu minha m\u00e3e em um feriado para comemorar seu anivers\u00e1rio. Eu coloquei isso em camadas com um novo colar que projetamos para esta ocasi\u00e3o&#8221; \u2014 Foto: Joseph Radhik<\/figcaption><\/figure>\n\n\n\n<p>Ent\u00e3o, chegou a hora do bidaai \u2013 cerim\u00f4nia de despedida da noiva quando ela deixa a casa de sua fam\u00edlia para se mudar para sua casa conjugal em casamentos indianos. \u201c\u00c9 considerado um momento agridoce e sentimental que marca o in\u00edcio da nova vida da noiva como esposa e o fim de seu papel como filha\u201d, explica Radhika. Ela vestiu uma lehenga (saia) vermelha e dourada personalizada de Manish Malhotra, que apresentava uma blusa do arquivo da casa indiana com mais de 100 anos. A noiva tamb\u00e9m conta \u00e0 Vogue que seu enxoval demorou uma vida para ser feito: \u201cTem looks, vestidos e joias, que planejei com minha m\u00e3e e minha irm\u00e3 desde que era pequena. N\u00e3o tenho prestado muita aten\u00e7\u00e3o \u00e0s tend\u00eancias\u201d, diz ela.<\/p>\n\n\n\n<figure class=\"wp-block-image\"><img decoding=\"async\" src=\"https:\/\/s2-vogue.glbimg.com\/EgTNoMWR-DkGDqlqruAsUbhwxug=\/0x0:800x1172\/984x0\/smart\/filters:strip_icc()\/i.s3.glbimg.com\/v1\/AUTH_5dfbcf92c1a84b20a5da5024d398ff2f\/internal_photos\/bs\/2024\/u\/Z\/sEDoobS8SIqu6qB8NAUg\/whatspp-20image-202024-07-13-20at-2001.49.38.webp\" alt=\"&quot;Para o meu bidaai optei pelo tradicional vermelho nupcial indiano. (Curiosidade: na \u00cdndia, as noivas normalmente usam tons de vermelho que significam pureza e refletem o fogo sagrado)&quot; \u2014 Foto: Signe Vilstrup\"\/><figcaption class=\"wp-element-caption\">&#8220;Para o meu bidaai optei pelo tradicional vermelho nupcial indiano. (Curiosidade: na \u00cdndia, as noivas normalmente usam tons de vermelho que significam pureza e refletem o fogo sagrado)&#8221; \u2014 Foto: Signe Vilstrup<\/figcaption><\/figure>\n\n\n\n<figure class=\"wp-block-image\"><img decoding=\"async\" src=\"https:\/\/s2-vogue.glbimg.com\/c3JuEMxdE-tMXzkfHmBDJgvifAc=\/0x0:800x1112\/984x0\/smart\/filters:strip_icc()\/i.s3.glbimg.com\/v1\/AUTH_5dfbcf92c1a84b20a5da5024d398ff2f\/internal_photos\/bs\/2024\/A\/4\/eEKHfyR7e8aYVt77pvAQ\/img-5073.webp\" alt=\"&quot;Minha blusa era uma pe\u00e7a de arquivo \u2013 com mais de 100 anos! \u2013 fornecida por ningu\u00e9m menos que o designer Manish Malhotra&quot; \u2014 Foto: Signe Vilstrup\"\/><figcaption class=\"wp-element-caption\">&#8220;Minha blusa era uma pe\u00e7a de arquivo \u2013 com mais de 100 anos! \u2013 fornecida por ningu\u00e9m menos que o designer Manish Malhotra&#8221; \u2014 Foto: Signe Vilstrup<\/figcaption><\/figure>\n\n\n\n<figure class=\"wp-block-image\"><img decoding=\"async\" src=\"https:\/\/s2-vogue.glbimg.com\/YaPdaDMWmyAB_kHrNyXVgIlecoE=\/0x0:800x953\/984x0\/smart\/filters:strip_icc()\/i.s3.glbimg.com\/v1\/AUTH_5dfbcf92c1a84b20a5da5024d398ff2f\/internal_photos\/bs\/2024\/6\/R\/5DGp2oTdeUVnVAKuCkJw\/whatsapp-20image-202007-13-20at-2001.49.39.webp\" alt=\"&quot;Estou empenhada em destacar o talento criativo indiano. Selecionei, estrategicamente, looks de alguns de meus designers indianos favoritos&quot; \u2014 Foto: Signe Vilstrup\"\/><figcaption class=\"wp-element-caption\">&#8220;Estou empenhada em destacar o talento criativo indiano. Selecionei, estrategicamente, looks de alguns de meus designers indianos favoritos&#8221; \u2014 Foto: Signe Vilstrup<\/figcaption><\/figure>\n\n\n\n<figure class=\"wp-block-image\"><img decoding=\"async\" src=\"https:\/\/s2-vogue.glbimg.com\/kusNtriOftY2pOJbheznleTqDjU=\/0x0:800x1145\/984x0\/smart\/filters:strip_icc()\/i.s3.glbimg.com\/v1\/AUTH_5dfbcf92c1a84b20a5da5024d398ff2f\/internal_photos\/bs\/2024\/w\/1\/RxRKbhR8SvQpBo66TcEw\/whatsapp-20image-202024-13-20at-2001.49.41-20-1-.webp\" alt=\"&quot;Muitos desses designers est\u00e3o sustentando, e \u00e0s vezes at\u00e9 revivendo, o artesanato tradicional indiano e as t\u00e9cnicas de alta-costura&quot; \u2014 Foto: Signe Vilstrup\"\/><figcaption class=\"wp-element-caption\">&#8220;Muitos desses designers est\u00e3o sustentando, e \u00e0s vezes at\u00e9 revivendo, o artesanato tradicional indiano e as t\u00e9cnicas de alta-costura&#8221; \u2014 Foto: Signe Vilstrup<\/figcaption><\/figure>\n\n\n\n<figure class=\"wp-block-image\"><img decoding=\"async\" src=\"https:\/\/s2-vogue.glbimg.com\/T3rm7IVeCzLU2sPIFaufY62MqiA=\/0x0:800x1200\/984x0\/smart\/filters:strip_icc()\/i.s3.glbimg.com\/v1\/AUTH_5dfbcf92c1a84b20a5da5024d398ff2f\/internal_photos\/bs\/2024\/B\/1\/45lxxkSp2SvIamI9JMVQ\/sbjr-ar-wedfl-240.webp\" alt=\"&quot;Durante meu bidaai&quot; \u2014 Foto: Joseph Radhik\"\/><figcaption class=\"wp-element-caption\">&#8220;Durante meu bidaai&#8221; \u2014 Foto: Joseph Radhik<\/figcaption><\/figure>\n\n\n\n<figure class=\"wp-block-image\"><img decoding=\"async\" src=\"https:\/\/s2-vogue.glbimg.com\/xms8lMiF7IjLLS4npGsuGdoz3R4=\/0x0:800x640\/984x0\/smart\/filters:strip_icc()\/i.s3.glbimg.com\/v1\/AUTH_5dfbcf92c1a84b20a5da5024d398ff2f\/internal_photos\/bs\/2024\/1\/w\/fJNgikRoGk6J35mbQfzQ\/sbjr-ar-wedfl-245.webp\" alt=\"&quot;Dizendo adeus aos meus pais&quot; \u2014 Foto: Joseph Radhik\"\/><figcaption class=\"wp-element-caption\">&#8220;Dizendo adeus aos meus pais&#8221; \u2014 Foto: Joseph Radhik<\/figcaption><\/figure>\n\n\n\n<figure class=\"wp-block-image\"><img decoding=\"async\" src=\"https:\/\/s2-vogue.glbimg.com\/S4BX2h9aZkXYDh1WsNWOs13t6DM=\/0x0:800x533\/984x0\/smart\/filters:strip_icc()\/i.s3.glbimg.com\/v1\/AUTH_5dfbcf92c1a84b20a5da5024d398ff2f\/internal_photos\/bs\/2024\/5\/B\/ANeWQ0TESB79YNSNBOSA\/sbjr-ar-wedfl-246.webp\" alt=\"&quot;Saindo do Centro de Conven\u00e7\u00f5es Jio&quot; \u2014 Foto: Joseph Radhik\"\/><figcaption class=\"wp-element-caption\">&#8220;Saindo do Centro de Conven\u00e7\u00f5es Jio&#8221; \u2014 Foto: Joseph Radhik<\/figcaption><\/figure>\n\n\n\n<figure class=\"wp-block-image\"><img decoding=\"async\" src=\"https:\/\/s2-vogue.glbimg.com\/72a4_aJhqsdwjyJul4KK2hCnepA=\/0x0:800x533\/984x0\/smart\/filters:strip_icc()\/i.s3.glbimg.com\/v1\/AUTH_5dfbcf92c1a84b20a5da5024d398ff2f\/internal_photos\/bs\/2024\/p\/d\/tzF8ibRNAd93hK8AmlRA\/sbjr-ar-wedflm-13-20-1-.webp\" alt=\"&quot;Entrando em Antilla, que estava decorada com placas&quot; \u2014 Foto: Joseph Radhik\"\/><figcaption class=\"wp-element-caption\">&#8220;Entrando em Antilla, que estava decorada com placas&#8221; \u2014 Foto: Joseph Radhik<\/figcaption><\/figure>\n\n\n\n<p>No s\u00e1bado, os Ambanis realizaram um pooja para a deusa Saraswati. \u201cNeste dia usei minha roupa favorita de todo o casamento &#8212; um ghagra pintado por um dos meus artistas favoritos, Jayshree Burman em colabora\u00e7\u00e3o com Abu Jani e Sandeep Khosla\u201d, diz Radhika. \u201cBurman pintou intrincadamente um mundo inteiro dentro de meu ghagra com Lakshmi e Vishnu no centro\u201d. A cerim\u00f4nia religiosa tamb\u00e9m atraiu muita aten\u00e7\u00e3o da imprensa internacional: o primeiro-ministro da \u00cdndia, Narendra Modi, compareceu.<\/p>\n\n\n\n<figure class=\"wp-block-image\"><img decoding=\"async\" src=\"https:\/\/s2-vogue.glbimg.com\/t1JL7UjFjjkhEfdk8GDfmqZdcF8=\/0x0:800x1162\/984x0\/smart\/filters:strip_icc()\/i.s3.glbimg.com\/v1\/AUTH_5dfbcf92c1a84b20a5da5024d398ff2f\/internal_photos\/bs\/2024\/4\/v\/6yPFW1QhWkzqTt3MkefA\/sv24-06-1-.webp\" alt=\"&quot;Para o pooja usei minha roupa favorita de todo o casamento: um ghagra pintado por Jayshree Burman em colabora\u00e7\u00e3o com Abu Jani e Sandeep Khosla. O styling era de Rhea Kapoor&quot; \u2014 Foto: Signe Vilstrup\"\/><figcaption class=\"wp-element-caption\">&#8220;Para o pooja usei minha roupa favorita de todo o casamento: um ghagra pintado por Jayshree Burman em colabora\u00e7\u00e3o com Abu Jani e Sandeep Khosla. O styling era de Rhea Kapoor&#8221; \u2014 Foto: Signe Vilstrup<\/figcaption><\/figure>\n\n\n\n<figure class=\"wp-block-image\"><img decoding=\"async\" src=\"https:\/\/s2-vogue.glbimg.com\/0wBYYG3IOGQ-8JMEUI_3LNw1VgY=\/0x0:800x1201\/984x0\/smart\/filters:strip_icc()\/i.s3.glbimg.com\/v1\/AUTH_5dfbcf92c1a84b20a5da5024d398ff2f\/internal_photos\/bs\/2024\/1\/L\/BNUYz0QueNPdUwO5Brtg\/sv24-06-10-.webp\" alt=\"&quot;Burman pintou intrincadamente um mundo inteiro dentro do meu ghagra com Lakshmi e Vishnu no centro&quot; \u2014 Foto: Signe Vilstrup\"\/><figcaption class=\"wp-element-caption\">&#8220;Burman pintou intrincadamente um mundo inteiro dentro do meu ghagra com Lakshmi e Vishnu no centro&#8221; \u2014 Foto: Signe Vilstrup<\/figcaption><\/figure>\n\n\n\n<figure class=\"wp-block-image\"><img decoding=\"async\" src=\"https:\/\/s2-vogue.glbimg.com\/zL-gVqdKO2fI5TPZChmxoA0XTF4=\/0x0:800x1178\/984x0\/smart\/filters:strip_icc()\/i.s3.glbimg.com\/v1\/AUTH_5dfbcf92c1a84b20a5da5024d398ff2f\/internal_photos\/bs\/2024\/R\/0\/MVlCUKQbK5stFYtlQODQ\/sv24-06-13-.webp\" alt=\"&quot;Usei flores no cabelo&quot; \u2014 Foto: Signe Vilstrup\"\/><figcaption class=\"wp-element-caption\">&#8220;Usei flores no cabelo&#8221; \u2014 Foto: Signe Vilstrup<\/figcaption><\/figure>\n\n\n\n<figure class=\"wp-block-image\"><img decoding=\"async\" src=\"https:\/\/s2-vogue.glbimg.com\/SSaOUF7VDmKKTU95h-XmRNXidE8=\/0x0:800x1201\/984x0\/smart\/filters:strip_icc()\/i.s3.glbimg.com\/v1\/AUTH_5dfbcf92c1a84b20a5da5024d398ff2f\/internal_photos\/bs\/2024\/9\/s\/V9d2tnSUurKKZvhMIL1w\/sv24-06-8-.webp\" alt=\"&quot;Um zoom nas minhas joias&quot; \u2014 Foto: Signe Vilstrup\"\/><figcaption class=\"wp-element-caption\">&#8220;Um zoom nas minhas joias&#8221; \u2014 Foto: Signe Vilstrup<\/figcaption><\/figure>\n\n\n\n<figure class=\"wp-block-image\"><img decoding=\"async\" src=\"https:\/\/s2-vogue.glbimg.com\/TNrgJExjCDk3O1a_a_RkWGGIwH0=\/0x0:800x533\/984x0\/smart\/filters:strip_icc()\/i.s3.glbimg.com\/v1\/AUTH_5dfbcf92c1a84b20a5da5024d398ff2f\/internal_photos\/bs\/2024\/b\/n\/TXTe3OTeioVz08NwCfLQ\/sbjr-ar-ashflm-8.webp\" alt=\"&quot;B\u00ean\u00e7\u00e3os dos nossos mais velhos&quot; \u2014 Foto: Joseph Radhik\"\/><figcaption class=\"wp-element-caption\">&#8220;B\u00ean\u00e7\u00e3os dos nossos mais velhos&#8221; \u2014 Foto: Joseph Radhik<\/figcaption><\/figure>\n\n\n\n<figure class=\"wp-block-image\"><img decoding=\"async\" src=\"https:\/\/s2-vogue.glbimg.com\/CNmW05_1RL7yFZsG8mU25Q-VGLg=\/0x0:800x1000\/984x0\/smart\/filters:strip_icc()\/i.s3.glbimg.com\/v1\/AUTH_5dfbcf92c1a84b20a5da5024d398ff2f\/internal_photos\/bs\/2024\/o\/r\/VP6MbiScm7QSsj3ork5g\/sbjr-ar-ashflm-16.webp\" alt=\"&quot;De m\u00e3os dadas como marido e mulher&quot; \u2014 Foto: Joseph Radhik\"\/><figcaption class=\"wp-element-caption\">&#8220;De m\u00e3os dadas como marido e mulher&#8221; \u2014 Foto: Joseph Radhik<\/figcaption><\/figure>\n\n\n\n<figure class=\"wp-block-image\"><img decoding=\"async\" src=\"https:\/\/s2-vogue.glbimg.com\/pXh4C0RWn2FwIrXfS3W0K1E8vfk=\/0x0:800x640\/984x0\/smart\/filters:strip_icc()\/i.s3.glbimg.com\/v1\/AUTH_5dfbcf92c1a84b20a5da5024d398ff2f\/internal_photos\/bs\/2024\/I\/I\/IfTM6LRpmSWO715pmljA\/sbjr-ar-ashflm-23.webp\" alt=\"&quot;Nita Ambani e o ex-secret\u00e1rio de Estado John Kerry&quot; \u2014 Foto: Joseph Radhik\"\/><figcaption class=\"wp-element-caption\">&#8220;Nita Ambani e o ex-secret\u00e1rio de Estado John Kerry&#8221; \u2014 Foto: Joseph Radhik<\/figcaption><\/figure>\n\n\n\n<figure class=\"wp-block-image\"><img decoding=\"async\" src=\"https:\/\/s2-vogue.glbimg.com\/UZKx467zJSLmnKrUOdsFT1HPZHU=\/0x0:800x533\/984x0\/smart\/filters:strip_icc()\/i.s3.glbimg.com\/v1\/AUTH_5dfbcf92c1a84b20a5da5024d398ff2f\/internal_photos\/bs\/2024\/R\/A\/w7OyVpQ7SjYIgrpJbhmQ\/sbjr-ar-ashflm-46.webp\" alt=\"Nita Ambani \u2014 Foto: Joseph Radhik\"\/><figcaption class=\"wp-element-caption\">Nita Ambani \u2014 Foto: Joseph Radhik<\/figcaption><\/figure>\n\n\n\n<figure class=\"wp-block-image\"><img decoding=\"async\" src=\"https:\/\/s2-vogue.glbimg.com\/WA6rM_EwZzpE031PR_nsZWwu2hg=\/0x0:800x1000\/984x0\/smart\/filters:strip_icc()\/i.s3.glbimg.com\/v1\/AUTH_5dfbcf92c1a84b20a5da5024d398ff2f\/internal_photos\/bs\/2024\/3\/1\/SdtcmiRHiIJ1aG5NBexQ\/sbjr-ar-ashflm-86.webp\" alt=\"Kim Kardashian e Isha Ambani \u2014 Foto: Joseph Radhik\"\/><figcaption class=\"wp-element-caption\">Kim Kardashian e Isha Ambani \u2014 Foto: Joseph Radhik<\/figcaption><\/figure>\n\n\n\n<figure class=\"wp-block-image\"><img decoding=\"async\" src=\"https:\/\/s2-vogue.glbimg.com\/Ij1ztd_QB5mXz3gjysIO7Rv0Ovs=\/0x0:800x640\/984x0\/smart\/filters:strip_icc()\/i.s3.glbimg.com\/v1\/AUTH_5dfbcf92c1a84b20a5da5024d398ff2f\/internal_photos\/bs\/2024\/W\/S\/bEPf92Q1CN9BWBkkUTYw\/sbjr-ar-ashflm-21.webp\" alt=\"Amitabh Bachchan \u2014 Foto: Joseph Radhik\"\/><figcaption class=\"wp-element-caption\">Amitabh Bachchan \u2014 Foto: Joseph Radhik<\/figcaption><\/figure>\n\n\n\n<figure class=\"wp-block-image\"><img decoding=\"async\" src=\"https:\/\/s2-vogue.glbimg.com\/dEBvdUJj_5nr06-24yQHnBzBd54=\/0x0:800x800\/984x0\/smart\/filters:strip_icc()\/i.s3.glbimg.com\/v1\/AUTH_5dfbcf92c1a84b20a5da5024d398ff2f\/internal_photos\/bs\/2024\/e\/b\/8xXKpoSSmxs0eTDZ6kBA\/sbjr-ar-ashflm-26.webp\" alt=\"&quot;Juntos durante o pooja&quot; \u2014 Foto: Joseph Radhik\"\/><figcaption class=\"wp-element-caption\">&#8220;Juntos durante o pooja&#8221; \u2014 Foto: Joseph Radhik<\/figcaption><\/figure>\n\n\n\n<figure class=\"wp-block-image\"><img decoding=\"async\" src=\"https:\/\/s2-vogue.glbimg.com\/0ogQKpNZVVYJVBnzMcIxmy9AOvw=\/0x0:800x533\/984x0\/smart\/filters:strip_icc()\/i.s3.glbimg.com\/v1\/AUTH_5dfbcf92c1a84b20a5da5024d398ff2f\/internal_photos\/bs\/2024\/b\/V\/OIrvZnTTSZvtBXg9aVDg\/sbjr-ar-ashflm-47.webp\" alt=\"&quot;Os convidados durante o pooja&quot; \u2014 Foto: Joseph Radhik\"\/><figcaption class=\"wp-element-caption\">&#8220;Os convidados durante o pooja&#8221; \u2014 Foto: Joseph Radhik<\/figcaption><\/figure>\n\n\n\n<figure class=\"wp-block-image\"><img decoding=\"async\" src=\"https:\/\/s2-vogue.glbimg.com\/B6lYnmVbAMIwGCNdKDlXzl4CcZ4=\/0x0:800x800\/984x0\/smart\/filters:strip_icc()\/i.s3.glbimg.com\/v1\/AUTH_5dfbcf92c1a84b20a5da5024d398ff2f\/internal_photos\/bs\/2024\/B\/Q\/djcmdHT1iaZzWkL1QEgw\/sbjr-ar-ashflm-48.webp\" alt=\"&quot;Uma holografia durante o pooja&quot; \u2014 Foto: Joseph Radhik\"\/><figcaption class=\"wp-element-caption\">&#8220;Uma holografia durante o pooja&#8221; \u2014 Foto: Joseph Radhik<\/figcaption><\/figure>\n\n\n\n<p>Domingo foi o Mangal Utsav, uma recep\u00e7\u00e3o de casamento do casal que contou com a presen\u00e7a de mais de 14 mil pessoas. Radhika usou um espartilho de filigrana de ouro da Dolce &amp; Gabbana e um saree constru\u00eddo de Anamika Khanna para o evento final de seu fim de semana de casamento.<\/p>\n\n\n\n<figure class=\"wp-block-image\"><img decoding=\"async\" src=\"https:\/\/s2-vogue.glbimg.com\/jVwDO9pFJS7-1mx7s_lijy7qeRA=\/0x0:800x1000\/984x0\/smart\/filters:strip_icc()\/i.s3.glbimg.com\/v1\/AUTH_5dfbcf92c1a84b20a5da5024d398ff2f\/internal_photos\/bs\/2024\/2\/b\/ceKECGRiGWANdyUR5F2w\/ambani-wedding-day03-jul2024-s3-ra-00533-202.webp\" alt=\"&quot;Para minha recep\u00e7\u00e3o no domingo, minha roupa entrela\u00e7ou Oriente e Ocidente com um espartilho de filigrana dourada da Dolce &amp; Gabbana combinado com um saree constru\u00eddo por Anamika Khanna&quot; \u2014 Foto: Greg Swales\"\/><figcaption class=\"wp-element-caption\">&#8220;Para minha recep\u00e7\u00e3o no domingo, minha roupa entrela\u00e7ou Oriente e Ocidente com um espartilho de filigrana dourada da Dolce &amp; Gabbana combinado com um saree constru\u00eddo por Anamika Khanna&#8221; \u2014 Foto: Greg Swales<\/figcaption><\/figure>\n\n\n\n<figure class=\"wp-block-image\"><img decoding=\"async\" src=\"https:\/\/s2-vogue.glbimg.com\/llcDwCS6fqTq2aupGx0dMMPdMNM=\/0x0:800x1000\/984x0\/smart\/filters:strip_icc()\/i.s3.glbimg.com\/v1\/AUTH_5dfbcf92c1a84b20a5da5024d398ff2f\/internal_photos\/bs\/2024\/1\/D\/tTAaFvQmmtuRVwZyArLg\/img-4471.webp\" alt=\"&quot;Guardarei essas mem\u00f3rias para sempre e mal posso esperar para colecionar novas&quot; \u2014 Foto: Greg Swales\"\/><\/figure>\n\n\n\n<p>&#8220;Guardarei essas mem\u00f3rias para sempre e mal posso esperar para colecionar novas&#8221; \u2014 Foto: Greg Swales<\/p>\n\n\n\n<p>Agora que tudo acabou, por\u00e9m, Radhika diz que tem uma \u201cesmagadora sensa\u00e7\u00e3o de realiza\u00e7\u00e3o\u201d. \u201cSomos amigos e confidentes h\u00e1 muito tempo e agora estamos finalmente embarcando em nossa jornada oficial como casal\u201d, diz ela sobre seu casamento com Anant. \u201cMal posso esperar para ver o que nossa vida compartilhada nos reserva.\u201d<\/p>\n\n\n\n<p><em>Esta mat\u00e9ria foi publicada originalmente no site da Vogue Am\u00e9rica com o t\u00edtulo:\u00a0<\/em><strong><em>&#8220;Inside Anant Ambani and Radhika Merchant\u2019s Final Wedding Celebration in Mumbai&#8221;<\/em><\/strong><\/p>\n","protected":false},"excerpt":{"rendered":"<p>Ap\u00f3s uma s\u00e9rie de comemora\u00e7\u00f5es pr\u00e9-casamento, os herdeiros indianos disseram &#8220;sim&#8221; oficialmente no \u00faltimo final de semana Nesse fim de semana, o casamento de\u00a0Anant Ambani e Radhika Merchant\u00a0aconteceu em Mumbai \u2013 e n\u00e3o \u00e9 exagero dizer que o mundo inteiro estava assistindo. Radhika Merchant \u2014 Foto: Luis Monteiro Milhares de pessoas reuniram-se nas ruas de [&hellip;]<\/p>\n","protected":false},"author":8,"featured_media":23603,"comment_status":"closed","ping_status":"open","sticky":false,"template":"","format":"standard","meta":{"rop_custom_images_group":[],"rop_custom_messages_group":[],"rop_publish_now":"initial","rop_publish_now_accounts":[],"rop_publish_now_history":[],"rop_publish_now_status":"pending","footnotes":""},"categories":[212],"tags":[],"class_list":["post-23602","post","type-post","status-publish","format-standard","has-post-thumbnail","hentry","category-internacional"],"amp_enabled":true,"_links":{"self":[{"href":"https:\/\/imais.online\/portal\/wp-json\/wp\/v2\/posts\/23602","targetHints":{"allow":["GET"]}}],"collection":[{"href":"https:\/\/imais.online\/portal\/wp-json\/wp\/v2\/posts"}],"about":[{"href":"https:\/\/imais.online\/portal\/wp-json\/wp\/v2\/types\/post"}],"author":[{"embeddable":true,"href":"https:\/\/imais.online\/portal\/wp-json\/wp\/v2\/users\/8"}],"replies":[{"embeddable":true,"href":"https:\/\/imais.online\/portal\/wp-json\/wp\/v2\/comments?post=23602"}],"version-history":[{"count":1,"href":"https:\/\/imais.online\/portal\/wp-json\/wp\/v2\/posts\/23602\/revisions"}],"predecessor-version":[{"id":23604,"href":"https:\/\/imais.online\/portal\/wp-json\/wp\/v2\/posts\/23602\/revisions\/23604"}],"wp:featuredmedia":[{"embeddable":true,"href":"https:\/\/imais.online\/portal\/wp-json\/wp\/v2\/media\/23603"}],"wp:attachment":[{"href":"https:\/\/imais.online\/portal\/wp-json\/wp\/v2\/media?parent=23602"}],"wp:term":[{"taxonomy":"category","embeddable":true,"href":"https:\/\/imais.online\/portal\/wp-json\/wp\/v2\/categories?post=23602"},{"taxonomy":"post_tag","embeddable":true,"href":"https:\/\/imais.online\/portal\/wp-json\/wp\/v2\/tags?post=23602"}],"curies":[{"name":"wp","href":"https:\/\/api.w.org\/{rel}","templated":true}]}}