{"id":23605,"date":"2024-07-15T10:27:47","date_gmt":"2024-07-15T13:27:47","guid":{"rendered":"https:\/\/imais.online\/portal\/?p=23605"},"modified":"2024-07-15T10:27:47","modified_gmt":"2024-07-15T13:27:47","slug":"hugh-jackman-curte-passeio-de-bicicleta-e-mostra-entusiasmo-ao-conhecer-o-rio","status":"publish","type":"post","link":"https:\/\/imais.online\/portal\/hugh-jackman-curte-passeio-de-bicicleta-e-mostra-entusiasmo-ao-conhecer-o-rio\/","title":{"rendered":"Hugh Jackman curte passeio de bicicleta e mostra entusiasmo ao conhecer o Rio"},"content":{"rendered":"<div class=\"imais-before-content-placement\" id=\"imais-3128935379\"><script async src=\"\/\/pagead2.googlesyndication.com\/pagead\/js\/adsbygoogle.js?client=ca-pub-8787528412751566\" crossorigin=\"anonymous\"><\/script><ins class=\"adsbygoogle\" style=\"display:block;\" data-ad-client=\"ca-pub-8787528412751566\" \ndata-ad-slot=\"\" \ndata-ad-format=\"auto\"><\/ins>\n<script> \n(adsbygoogle = window.adsbygoogle || []).push({}); \n<\/script>\n<\/div>\n<h2 class=\"wp-block-heading\">Ator fez publica\u00e7\u00e3o para exaltar a cidade carioca na manh\u00e3 desta segunda-feira (15)<\/h2>\n\n\n\n<p>Se voc\u00ea se encontrou com algu\u00e9m parecido com o\u00a0<strong>Hugh Jackman<\/strong>\u00a0durante este final de semana no Rio, voc\u00ea n\u00e3o estava enganado!\u00a0O astro de Wolverine est\u00e1 na cidade carioca para divulgar seu mais novo filme, &#8220;<strong>Deadpool &amp; Wolverine<\/strong>&#8220;, e, durante o domingo (15), ele aproveitou o dial de sol para fazer um passeio de bicicleta na orla.<\/p>\n\n\n\n<p>Na manh\u00e3 desta segunda-feira (15), ele compartilhou com seus seguidores&nbsp;um registro feito no Mirante do Leblon durante a pedalada e mostrou seu entusiasmo&nbsp;de estar em solo brasileiro.<\/p>\n\n\n\n<blockquote class=\"wp-block-quote is-layout-flow wp-block-quote-is-layout-flow\">\n<p>&#8220;Let&#8217;s freacking go, Rio!&#8221; (Vamos, Rio!)&#8221;, comentou.<\/p>\n<\/blockquote>\n\n\n\n<figure class=\"wp-block-image\"><img decoding=\"async\" src=\"https:\/\/s2-gshow.glbimg.com\/mKtZRIpV__V7-lMQZOPL9qZOHkU=\/0x0:2141x3212\/984x0\/smart\/filters:strip_icc()\/i.s3.glbimg.com\/v1\/AUTH_e84042ef78cb4708aeebdf1c68c6cbd6\/internal_photos\/bs\/2024\/3\/A\/kZWsKUSOauXYjO6scl6w\/hugh-jackman-2.jpg\" alt=\"Hugh Jackman pedala de bike pela orla carioca \u2014 Foto: Dilson Silva\/AgNews\"\/><\/figure>\n\n\n\n<p class=\"has-small-font-size\">Hugh Jackman pedala de bike pela orla carioca \u2014 Foto: Dilson Silva\/AgNews<\/p>\n\n\n\n<h2 class=\"wp-block-heading\">Deadpool &amp; Wolverine<\/h2>\n\n\n\n<p>Hugh Jackman chegou ao Brasil para divulgar o t\u00e3o aguardado &#8220;Deadpool &amp; Wolverine&#8221;, e neste domingo (14) apareceu na varanda de um hotel cinco estrelas no Rio de Janeiro, em frente \u00e0 praia de Ipanema, na Zona Sul, bem \u00e0 vontade no melhor estilo carioca, de bermuda e camiseta.<\/p>\n\n\n\n<p>Ele,&nbsp;<strong>Ryan Reynolds<\/strong>&nbsp;e mais atores do elenco do filme foram anunciados como presen\u00e7as garantidas no Brasil para a pr\u00e9-estreia do longa.<\/p>\n\n\n\n<p>&#8220;O come to Brazil fez efeito! Ryan Reynolds, Hugh Jackman, Emma Corrin (Cassandra Nova) e Shawn Levy (diretor do filme) chegam ao Brasil em breve e, mais uma vez, a gente vai mostrar que o f\u00e3 brasileiro \u00e9 diferenciado demais!&#8221;, anunciou o post da distribuidora no dia 4 deste m\u00eas.<\/p>\n\n\n\n<figure class=\"wp-block-image\"><img decoding=\"async\" src=\"https:\/\/s2-gshow.glbimg.com\/hfXP3NlsrV4PZz-Fww_8VFq75cM=\/0x0:1080x1126\/984x0\/smart\/filters:strip_icc()\/i.s3.glbimg.com\/v1\/AUTH_e84042ef78cb4708aeebdf1c68c6cbd6\/internal_photos\/bs\/2024\/C\/T\/N3MEaAQiewl6mNtxhHpg\/thehughjackman-451051096-18453184522022644-255875272991613087-n.jpg\" alt=\"Hugh Jackman curte passeio de bicicleta e mostra entusiasmo ao conhecer o Rio \u2014 Foto: Instagram\"\/><\/figure>\n\n\n\n<p class=\"has-small-font-size\">Hugh Jackman curte passeio de bicicleta e mostra entusiasmo ao conhecer o Rio \u2014 Foto: Instagram<\/p>\n\n\n\n<p>Fonte GShow<\/p>\n","protected":false},"excerpt":{"rendered":"<p>Ator fez publica\u00e7\u00e3o para exaltar a cidade carioca na manh\u00e3 desta segunda-feira (15) Se voc\u00ea se encontrou com algu\u00e9m parecido com o\u00a0Hugh Jackman\u00a0durante este final de semana no Rio, voc\u00ea n\u00e3o estava enganado!\u00a0O astro de Wolverine est\u00e1 na cidade carioca para divulgar seu mais novo filme, &#8220;Deadpool &amp; Wolverine&#8220;, e, durante o domingo (15), ele [&hellip;]<\/p>\n","protected":false},"author":8,"featured_media":23606,"comment_status":"closed","ping_status":"open","sticky":false,"template":"","format":"standard","meta":{"rop_custom_images_group":[],"rop_custom_messages_group":[],"rop_publish_now":"initial","rop_publish_now_accounts":[],"rop_publish_now_history":[],"rop_publish_now_status":"pending","footnotes":""},"categories":[16],"tags":[],"class_list":["post-23605","post","type-post","status-publish","format-standard","has-post-thumbnail","hentry","category-entertainment"],"amp_enabled":true,"_links":{"self":[{"href":"https:\/\/imais.online\/portal\/wp-json\/wp\/v2\/posts\/23605","targetHints":{"allow":["GET"]}}],"collection":[{"href":"https:\/\/imais.online\/portal\/wp-json\/wp\/v2\/posts"}],"about":[{"href":"https:\/\/imais.online\/portal\/wp-json\/wp\/v2\/types\/post"}],"author":[{"embeddable":true,"href":"https:\/\/imais.online\/portal\/wp-json\/wp\/v2\/users\/8"}],"replies":[{"embeddable":true,"href":"https:\/\/imais.online\/portal\/wp-json\/wp\/v2\/comments?post=23605"}],"version-history":[{"count":1,"href":"https:\/\/imais.online\/portal\/wp-json\/wp\/v2\/posts\/23605\/revisions"}],"predecessor-version":[{"id":23607,"href":"https:\/\/imais.online\/portal\/wp-json\/wp\/v2\/posts\/23605\/revisions\/23607"}],"wp:featuredmedia":[{"embeddable":true,"href":"https:\/\/imais.online\/portal\/wp-json\/wp\/v2\/media\/23606"}],"wp:attachment":[{"href":"https:\/\/imais.online\/portal\/wp-json\/wp\/v2\/media?parent=23605"}],"wp:term":[{"taxonomy":"category","embeddable":true,"href":"https:\/\/imais.online\/portal\/wp-json\/wp\/v2\/categories?post=23605"},{"taxonomy":"post_tag","embeddable":true,"href":"https:\/\/imais.online\/portal\/wp-json\/wp\/v2\/tags?post=23605"}],"curies":[{"name":"wp","href":"https:\/\/api.w.org\/{rel}","templated":true}]}}