{"id":23608,"date":"2024-07-15T10:31:47","date_gmt":"2024-07-15T13:31:47","guid":{"rendered":"https:\/\/imais.online\/portal\/?p=23608"},"modified":"2024-07-15T10:31:48","modified_gmt":"2024-07-15T13:31:48","slug":"vitima-do-ataque-contra-trump-tinha-50-anos-e-morreu-protegendo-as-filhas","status":"publish","type":"post","link":"https:\/\/imais.online\/portal\/vitima-do-ataque-contra-trump-tinha-50-anos-e-morreu-protegendo-as-filhas\/","title":{"rendered":"V\u00edtima do ataque contra Trump tinha 50 anos e morreu protegendo as filhas"},"content":{"rendered":"<div class=\"imais-before-content-placement\" id=\"imais-3024501054\"><script async src=\"\/\/pagead2.googlesyndication.com\/pagead\/js\/adsbygoogle.js?client=ca-pub-8787528412751566\" crossorigin=\"anonymous\"><\/script><ins class=\"adsbygoogle\" style=\"display:block;\" data-ad-client=\"ca-pub-8787528412751566\" \ndata-ad-slot=\"\" \ndata-ad-format=\"auto\"><\/ins>\n<script> \n(adsbygoogle = window.adsbygoogle || []).push({}); \n<\/script>\n<\/div>\n<h2 class=\"wp-block-heading\">Al\u00e9m de ser um fervoroso apoiador de Trump, Comperatore era descrito como um pai dedicado de duas filhas, um bombeiro comprometido e um membro ativo de sua comunidade e igreja<\/h2>\n\n\n\n<p><strong>C<\/strong>orey Comperatore, de 50 anos, foi identificado como a v\u00edtima fatal do tiroteio ocorrido durante um com\u00edcio do ex-presidente Donald Trump na Pensilv\u00e2nia, no \u00faltimo s\u00e1bado. A trag\u00e9dia aconteceu durante um com\u00edcio e terminou de forma violenta e tr\u00e1gica, levantando quest\u00f5es sobre a seguran\u00e7a e a crescente polariza\u00e7\u00e3o pol\u00edtica nos Estados Unidos.<\/p>\n\n\n\n<p>A irm\u00e3 de Comperatore, em uma declara\u00e7\u00e3o, destacou a devasta\u00e7\u00e3o causada pelo incidente: &#8220;O com\u00edcio de Trump tirou a vida do meu irm\u00e3o, Corey Comperatore. O \u00f3dio por um homem tirou a vida do homem que mais am\u00e1vamos&#8221;. As palavras dela ecoaram a dor e a indigna\u00e7\u00e3o sentidas por muitas pessoas diante da viol\u00eancia inesperada.<\/p>\n\n\n\n<p>O governador da Pensilv\u00e2nia, Josh Shapiro, tamb\u00e9m se pronunciou, identificando oficialmente Comperatore e elogiando sua coragem. Shapiro relatou que a v\u00edtima morreu protegendo sua fam\u00edlia do atirador, descrevendo-o como um her\u00f3i. Em uma coletiva de imprensa, ele compartilhou que conversou com a esposa de Comperatore, que pediu para que ele divulgasse que &#8220;Corey morreu como um her\u00f3i&#8221; que &#8220;se lan\u00e7ou&#8221; para proteger a fam\u00edlia.<\/p>\n\n\n\n<p>Al\u00e9m de ser um fervoroso apoiador de Trump, Comperatore era descrito como um pai dedicado de duas filhas, um bombeiro comprometido e um membro ativo de sua comunidade e igreja. A trag\u00e9dia n\u00e3o s\u00f3 abalou sua fam\u00edlia, mas tamb\u00e9m a comunidade local que ele tanto amava e servia.<\/p>\n\n\n\n<p>Nas redes sociais, a irm\u00e3 de Comperatore expressou a profunda dor e choque da fam\u00edlia: &#8220;Foi um her\u00f3i que protegeu as filhas. Sua esposa e filhas acabaram de viver o impens\u00e1vel e o inimagin\u00e1vel. Meu irm\u00e3o mais novo acabou de fazer 50 anos e ainda tinha muito para viver. O \u00f3dio n\u00e3o tem limites e o amor n\u00e3o tem fronteiras. Rezem pela minha cunhada, sobrinhas, pela minha m\u00e3e, irm\u00e3, por mim e pelos sobrinhos e sobrinhas dele, pois isso parece um pesadelo terr\u00edvel, mas sabemos que \u00e9 nossa dolorosa realidade&#8221;.<\/p>\n\n\n\n<p>O ataque, que resultou em ferimentos ao ex-presidente Trump, gerou uma condena\u00e7\u00e3o global e intensificou o debate sobre a seguran\u00e7a em eventos pol\u00edticos. Trump, que foi atingido por um tiro na orelha, foi rapidamente retirado do palco pelos servi\u00e7os secretos e levado a um centro m\u00e9dico local. O incidente ocorreu dias antes da conven\u00e7\u00e3o do Partido Republicano, onde Trump ser\u00e1 oficialmente nomeado candidato \u00e0s elei\u00e7\u00f5es presidenciais de novembro.<\/p>\n\n\n\n<p>Fonte Not\u00edcia ao Minuto <\/p>\n","protected":false},"excerpt":{"rendered":"<p>Al\u00e9m de ser um fervoroso apoiador de Trump, Comperatore era descrito como um pai dedicado de duas filhas, um bombeiro comprometido e um membro ativo de sua comunidade e igreja Corey Comperatore, de 50 anos, foi identificado como a v\u00edtima fatal do tiroteio ocorrido durante um com\u00edcio do ex-presidente Donald Trump na Pensilv\u00e2nia, no \u00faltimo [&hellip;]<\/p>\n","protected":false},"author":8,"featured_media":23609,"comment_status":"closed","ping_status":"open","sticky":false,"template":"","format":"standard","meta":{"rop_custom_images_group":[],"rop_custom_messages_group":[],"rop_publish_now":"initial","rop_publish_now_accounts":[],"rop_publish_now_history":[],"rop_publish_now_status":"pending","footnotes":""},"categories":[212],"tags":[],"class_list":["post-23608","post","type-post","status-publish","format-standard","has-post-thumbnail","hentry","category-internacional"],"amp_enabled":true,"_links":{"self":[{"href":"https:\/\/imais.online\/portal\/wp-json\/wp\/v2\/posts\/23608","targetHints":{"allow":["GET"]}}],"collection":[{"href":"https:\/\/imais.online\/portal\/wp-json\/wp\/v2\/posts"}],"about":[{"href":"https:\/\/imais.online\/portal\/wp-json\/wp\/v2\/types\/post"}],"author":[{"embeddable":true,"href":"https:\/\/imais.online\/portal\/wp-json\/wp\/v2\/users\/8"}],"replies":[{"embeddable":true,"href":"https:\/\/imais.online\/portal\/wp-json\/wp\/v2\/comments?post=23608"}],"version-history":[{"count":1,"href":"https:\/\/imais.online\/portal\/wp-json\/wp\/v2\/posts\/23608\/revisions"}],"predecessor-version":[{"id":23610,"href":"https:\/\/imais.online\/portal\/wp-json\/wp\/v2\/posts\/23608\/revisions\/23610"}],"wp:featuredmedia":[{"embeddable":true,"href":"https:\/\/imais.online\/portal\/wp-json\/wp\/v2\/media\/23609"}],"wp:attachment":[{"href":"https:\/\/imais.online\/portal\/wp-json\/wp\/v2\/media?parent=23608"}],"wp:term":[{"taxonomy":"category","embeddable":true,"href":"https:\/\/imais.online\/portal\/wp-json\/wp\/v2\/categories?post=23608"},{"taxonomy":"post_tag","embeddable":true,"href":"https:\/\/imais.online\/portal\/wp-json\/wp\/v2\/tags?post=23608"}],"curies":[{"name":"wp","href":"https:\/\/api.w.org\/{rel}","templated":true}]}}