{"id":23630,"date":"2024-07-17T10:12:24","date_gmt":"2024-07-17T13:12:24","guid":{"rendered":"https:\/\/imais.online\/portal\/?p=23630"},"modified":"2024-07-17T10:12:25","modified_gmt":"2024-07-17T13:12:25","slug":"olimpiadas-2024-quem-sao-os-estilistas-que-assinam-os-uniformes-das-delegacoes","status":"publish","type":"post","link":"https:\/\/imais.online\/portal\/olimpiadas-2024-quem-sao-os-estilistas-que-assinam-os-uniformes-das-delegacoes\/","title":{"rendered":"Olimp\u00edadas 2024: quem s\u00e3o os estilistas que assinam os uniformes das delega\u00e7\u00f5es?"},"content":{"rendered":"<div class=\"imais-before-content-placement\" id=\"imais-2371569607\"><script async src=\"\/\/pagead2.googlesyndication.com\/pagead\/js\/adsbygoogle.js?client=ca-pub-8787528412751566\" crossorigin=\"anonymous\"><\/script><ins class=\"adsbygoogle\" style=\"display:block;\" data-ad-client=\"ca-pub-8787528412751566\" \ndata-ad-slot=\"\" \ndata-ad-format=\"auto\"><\/ins>\n<script> \n(adsbygoogle = window.adsbygoogle || []).push({}); \n<\/script>\n<\/div>\n<h2 class=\"wp-block-heading\">Nomes como Ralph Lauren e Giorgio Armani criaram pe\u00e7as esportivas para o dia a dia da competi\u00e7\u00e3o, al\u00e9m de vestimentas para as cerim\u00f4nias de abertura e encerramento dos jogos<\/h2>\n\n\n\n<p>Falta menos de um m\u00eas para come\u00e7arem os\u00a0<strong>Jogos Ol\u00edmpicos de Paris 2024\u00a0<\/strong>e o clima de competi\u00e7\u00e3o j\u00e1 est\u00e1 tomando conta da capital francesa. Prova disso foi o \u00faltimo\u00a0desfile masculino da Louis Vuitton na Semana de Moda de Paris, que rolou no topo do pr\u00e9dio da UNESCO.<\/p>\n\n\n\n<p>Em meio \u00e0s bandeiras dos pa\u00edses, as pe\u00e7as de Pharrell Williams, com refer\u00eancias esportivas, cruzaram o gramado ap\u00f3s a apresenta\u00e7\u00e3o de um curta-metragem que aborda a import\u00e2ncia de termos uma \u201cna\u00e7\u00e3o unida&#8221; a fim de &#8220;preservarmos a diversidade e o futuro\u201d no mundo.<\/p>\n\n\n\n<p>Apesar de n\u00e3o estar entre as etiquetas dos trajes das delega\u00e7\u00f5es deste ano, a Louis Vuitton ser\u00e1 a \u201cguardi\u00e3\u201d da tocha ol\u00edmpica e das medalhas de Paraolimp\u00edadas e Olimp\u00edadas 2024 com sua cl\u00e1ssica mala Trunk, criada em 1858.<\/p>\n\n\n\n<figure class=\"wp-block-image\"><img decoding=\"async\" src=\"https:\/\/s2-gshow.glbimg.com\/E5XDy259cXqRXiPApl3w1Cfbb1I=\/0x21:1080x1350\/984x0\/smart\/filters:strip_icc()\/i.s3.glbimg.com\/v1\/AUTH_e84042ef78cb4708aeebdf1c68c6cbd6\/internal_photos\/bs\/2024\/W\/S\/wtgDQYSsqsVYG1ZMAZCg\/image-459.jpg\" alt=\"A cl\u00e1ssica mala Trunk, da Louis Vuitton, ser\u00e1 usada para guardar a tocha ol\u00edmpica e as medalhas dos Jogos Ol\u00edmpicos 2024 \u2014 Foto: Reprodu\u00e7\u00e3o\/Instagram\"\/><\/figure>\n\n\n\n<p class=\"has-small-font-size\">A cl\u00e1ssica mala Trunk, da Louis Vuitton, ser\u00e1 usada para guardar a tocha ol\u00edmpica e as medalhas dos Jogos Ol\u00edmpicos 2024 \u2014 Foto: Reprodu\u00e7\u00e3o\/Instagram<\/p>\n\n\n\n<p><strong>Mas, ent\u00e3o, quem s\u00e3o os estilistas e grifes que assinam os uniformes oficiais?<\/strong><\/p>\n\n\n\n<h2 class=\"wp-block-heading\">Fran\u00e7a<\/h2>\n\n\n\n<figure class=\"wp-block-image\"><img decoding=\"async\" src=\"https:\/\/s2-gshow.glbimg.com\/E6Pn06tBCEUueQEs6Yd1HaCP1CA=\/0x0:1080x1350\/984x0\/smart\/filters:strip_icc()\/i.s3.glbimg.com\/v1\/AUTH_e84042ef78cb4708aeebdf1c68c6cbd6\/internal_photos\/bs\/2024\/0\/6\/f9jqDyR0a85kBDEAkBFg\/441461291-852456010244129-619317567004358921-n.jpg\" alt=\"A grife Berluti e a stylist Carine Roitfeld criaram o uniforme franc\u00eas para as cerim\u00f4nias ol\u00edmpicas \u2014 Foto: Reprodu\u00e7\u00e3o\/Instagram\"\/><\/figure>\n\n\n\n<p class=\"has-small-font-size\">A grife Berluti e a stylist Carine Roitfeld criaram o uniforme franc\u00eas para as cerim\u00f4nias ol\u00edmpicas \u2014 Foto: Reprodu\u00e7\u00e3o\/Instagram<\/p>\n\n\n\n<p>O pa\u00eds-sede teve seus uniformes desenvolvidos pela grife Berlutti, em parceria com a consultora de&nbsp;<a class=\"\" href=\"https:\/\/gshow.globo.com\/assuntos\/moda\/\">moda<\/a>&nbsp;e&nbsp;<em>stylist<\/em>&nbsp;Carine Roitfeld. Segundo informa\u00e7\u00f5es publicadas nas redes sociais da LVMH, empresa detentora da grife, mais de 200 pessoas participaram do processo de cria\u00e7\u00e3o, feito com o aux\u00edlio de 300 modelos 3D.<\/p>\n\n\n\n<p>O resultado s\u00e3o dois modelos de uniformes e 1500 pe\u00e7as, que incluem smokings para as cerim\u00f4nias de abertura e encerramento do Jogos Ol\u00edmpicos, camisas, len\u00e7os e cal\u00e7ados. Os itens, pensados especialmente para cada modalidade esportiva, foram desenhados em Paris, mas confeccionados na It\u00e1lia. As roupas levam as cores bandeira da Fran\u00e7a, azul-marinho com detalhes em vermelho e branco.<\/p>\n\n\n\n<h2 class=\"wp-block-heading\">Brasil<\/h2>\n\n\n\n<figure class=\"wp-block-image\"><img decoding=\"async\" src=\"https:\/\/s2-gshow.glbimg.com\/0OZITt3kVODP44Bj7mSpjDxMvOI=\/0x0:2160x1274\/984x0\/smart\/filters:strip_icc()\/i.s3.glbimg.com\/v1\/AUTH_e84042ef78cb4708aeebdf1c68c6cbd6\/internal_photos\/bs\/2024\/X\/f\/kq4oBzSYukd2j1dfLwag\/br.jpg\" alt=\"O uniforme do Brasil para os Jogos Ol\u00edmpicos foi criado por uma fast-fashion \u2014 Foto: Reprodu\u00e7\u00e3o\/Instagram\"\/><\/figure>\n\n\n\n<p class=\"has-small-font-size\">O uniforme do Brasil para os Jogos Ol\u00edmpicos foi criado por uma fast-fashion \u2014 Foto: Reprodu\u00e7\u00e3o\/Instagram<\/p>\n\n\n\n<p>Na contram\u00e3o dos looks formais, a vibe \u201c<strong>pa\u00eds tropical<\/strong>\u201d toma conta do Time Brasil para a cerim\u00f4nia de abertura. Criado pela Riachuelo, o uniforme \u00e9 composto por cal\u00e7a de malha fina, saia midi e jaqueta jeans. A camiseta verde e amarela e o chinelo de dedo d\u00e3o o toque final na composi\u00e7\u00e3o.<\/p>\n\n\n\n<p>A brasilidade do uniforme estar\u00e1 ainda mais marcante nas jaquetas jeans usada pelos atletas. \u00c9 que elas fazem refer\u00eancia \u00e0 nossa fauna e flora, e foram produzidas com bordados feitos por artes\u00e3os de Timba\u00faba, no Rio Grande do Norte.<\/p>\n\n\n\n<h2 class=\"wp-block-heading\">Estados Unidos<\/h2>\n\n\n\n<figure class=\"wp-block-image\"><img decoding=\"async\" src=\"https:\/\/s2-gshow.glbimg.com\/1MDqkGZO_N2UDSSyY_NYTjDXe5c=\/0x0:2160x1274\/984x0\/smart\/filters:strip_icc()\/i.s3.glbimg.com\/v1\/AUTH_e84042ef78cb4708aeebdf1c68c6cbd6\/internal_photos\/bs\/2024\/k\/H\/n9LOEOQISj7ZjAFbH79A\/us.jpg\" alt=\"Uniformes cerimoniais dos Estados Unidos, criados pelo estilista Ralph Lauren \u2014 Foto: Reprodu\u00e7\u00e3o\/Instagram\"\/><\/figure>\n\n\n\n<p class=\"has-small-font-size\">Uniformes cerimoniais dos Estados Unidos, criados pelo estilista Ralph Lauren \u2014 Foto: Reprodu\u00e7\u00e3o\/Instagram<\/p>\n\n\n\n<p>A tarefa de criar os looks das cerim\u00f4nias ficou, pela nona vez, nas m\u00e3os de Ralph Lauren, um dos maiores nomes da moda norte-americana. Para as pe\u00e7as que ser\u00e3o usadas na abertura do evento, o designer misturou uma camisa listrada, cal\u00e7a jeans e um blazer que faz refer\u00eancia aos uniformes de col\u00e9gios americanos, com as listras na lapela e os bras\u00f5es da grife e dos an\u00e9is ol\u00edmpicos.<\/p>\n\n\n\n<p>Os atletas tamb\u00e9m ter\u00e3o como op\u00e7\u00e3o uma cal\u00e7a caqui, su\u00e9teres, jaquetas estilo aviador e conjuntos de agasalho: todos os itens mesclam c\u00f3digos da grife, que sempre explorou o universo esportivo, com detalhes que remetem \u00e0s roupas das modalidades ol\u00edmpicas.<\/p>\n\n\n\n<h2 class=\"wp-block-heading\">Gr\u00e3-Bretanha<\/h2>\n\n\n\n<figure class=\"wp-block-image\"><img decoding=\"async\" src=\"https:\/\/s2-gshow.glbimg.com\/my2d2yW24W5WH8K4s1Fn-hTXQH4=\/0x0:2160x1274\/984x0\/smart\/filters:strip_icc()\/i.s3.glbimg.com\/v1\/AUTH_e84042ef78cb4708aeebdf1c68c6cbd6\/internal_photos\/bs\/2024\/b\/O\/VRuXjVSsKP2fABMIkneA\/gb.jpg\" alt=\"O designer Ben Sherman criou, pela terceira vez, o uniforme do time da Gr\u00e3-Bretanha \u2014 Foto: Reprodu\u00e7\u00e3o\/Instagram\"\/><\/figure>\n\n\n\n<p class=\"has-small-font-size\">O designer Ben Sherman criou, pela terceira vez, o uniforme do time da Gr\u00e3-Bretanha \u2014 Foto: Reprodu\u00e7\u00e3o\/Instagram<\/p>\n\n\n\n<p>Formada pela Inglaterra, Esc\u00f3cia, Irlanda do Norte e Pa\u00eds de Gales,&nbsp;a Gr\u00e3-Bretanha veste uniformes confeccionados por Ben Sherman pelo terceiro ano consecutivo. Desta vez, os trajes ganharam logos mais discretos e estampas chamativas, como mostram as polos e camisas floridas.<\/p>\n\n\n\n<p>Conforme a explica\u00e7\u00e3o da marca nas redes sociais, cada flor representa uma na\u00e7\u00e3o do grupo: rosa (vermelha) para a Inglaterra, flor do cardo (roxa) para a Esc\u00f3cia, narciso (amarelo) para Pa\u00eds de Gales e trevo (verde) para a Irlanda do Norte.<\/p>\n\n\n\n<h2 class=\"wp-block-heading\">It\u00e1lia<\/h2>\n\n\n\n<figure class=\"wp-block-image\"><img decoding=\"async\" src=\"https:\/\/s2-gshow.glbimg.com\/W5sYAO9ko873Om9Pb76b39755_k=\/0x0:2160x1274\/984x0\/smart\/filters:strip_icc()\/i.s3.glbimg.com\/v1\/AUTH_e84042ef78cb4708aeebdf1c68c6cbd6\/internal_photos\/bs\/2024\/9\/3\/AAWjLETZKDh5K5ITqbrw\/it.jpg\" alt=\"A Emporio Armani, grife de Giorgio Armani, desenvolve os uniformes ol\u00edmpicos da It\u00e1lia desde 2012 \u2014 Foto: Divulga\u00e7\u00e3o\/Site oficial\"\/><\/figure>\n\n\n\n<p class=\"has-small-font-size\">A Emporio Armani, grife de Giorgio Armani, desenvolve os uniformes ol\u00edmpicos da It\u00e1lia desde 2012 \u2014 Foto: Divulga\u00e7\u00e3o\/Site oficial<\/p>\n\n\n\n<p>Al\u00e9m de ter assinado os uniformes casuais da sele\u00e7\u00e3o italiana na Eurocopa 2024,&nbsp;a Emporio Armani tamb\u00e9m \u00e9 a respons\u00e1vel por vestir a equipe ol\u00edmpica e paraol\u00edmpica desde 2012.&nbsp;Neste ano, a grife de Giorgio Armani aparece nos conjuntos de alfaiataria da cerim\u00f4nia de abertura e nos agasalhos em um tom de azul bem escuro e as cores vermelho, verde e branca distribu\u00eddos nos detalhes discretos de cada roupa.<\/p>\n\n\n\n<h2 class=\"wp-block-heading\">Canad\u00e1<\/h2>\n\n\n\n<figure class=\"wp-block-image\"><img decoding=\"async\" src=\"https:\/\/s2-gshow.glbimg.com\/Hzz2pHXlv_KBr1n2mkbzC8XXdQc=\/0x0:1566x847\/984x0\/smart\/filters:strip_icc()\/i.s3.glbimg.com\/v1\/AUTH_e84042ef78cb4708aeebdf1c68c6cbd6\/internal_photos\/bs\/2024\/t\/B\/sITesRRjqEa1ZNDQdqZA\/ca.jpg\" alt=\"A marca Lululemon criou os uniformes e acess\u00f3rios esportivos do time canadense \u2014 Foto: Reprodu\u00e7\u00e3o\/Instagram\"\/><\/figure>\n\n\n\n<p class=\"has-small-font-size\">A marca Lululemon criou os uniformes e acess\u00f3rios esportivos do time canadense \u2014 Foto: Reprodu\u00e7\u00e3o\/Instagram<\/p>\n\n\n\n<p>A etiqueta canadense de&nbsp;<em>activewear&nbsp;<\/em>Lululemon desenvolveu o kit completo de uniformes fora dos jogos e aparatos esportivos do time, incluindo agasalhos, capas de chuva e camisas em tons de vermelha e estampas de folha de \u00e1cer (conhecida como &#8220;<em>maple<\/em>&#8220;, em ingl\u00eas).<\/p>\n\n\n\n<p>Em entrevista \u00e0 revista &#8220;Forbes&#8221; americana, a designer Audrey Reilly contou que, mais do que a quest\u00e3o est\u00e9tica, &#8220;a marca prezou pela regula\u00e7\u00e3o t\u00e9rmica e adaptabilidade\u201d das pe\u00e7as para os atletas de cada modalidade, especial da equipe paraol\u00edmpica.<\/p>\n\n\n\n<h2 class=\"wp-block-heading\">Austr\u00e1lia<\/h2>\n\n\n\n<figure class=\"wp-block-image\"><img decoding=\"async\" src=\"https:\/\/s2-gshow.glbimg.com\/oNQmKhQ-M5uUCCD-5gtwbAn2Dfo=\/0x0:1080x1080\/984x0\/smart\/filters:strip_icc()\/i.s3.glbimg.com\/v1\/AUTH_e84042ef78cb4708aeebdf1c68c6cbd6\/internal_photos\/bs\/2024\/z\/v\/uLpEMXSLyClCu8YAQMPQ\/sportscraft-1713315797-3347858013695171212-372634883.jpg\" alt=\"O traje formal do time Austr\u00e1lia foi criado pela marca Sportscraft \u2014 Foto: Reprodu\u00e7\u00e3o\/Instagram\"\/><\/figure>\n\n\n\n<p class=\"has-small-font-size\">O traje formal do time Austr\u00e1lia foi criado pela marca Sportscraft \u2014 Foto: Reprodu\u00e7\u00e3o\/Instagram<\/p>\n\n\n\n<p>Blazer verde, bermuda e\u00a0<em>vibe<\/em>\u00a0praiana: o uniforme criado pela marca Sportscraft para os atletas australianos poderia, facialmente, ser confundido com o traje formal do Brasil. A marca faz sua nona colabora\u00e7\u00e3o para o time nas Olimp\u00edadas e, desta vez, apostou em tons mais fechados e discretos de verde e amarelo, deixando as cores mais chamativas para as saias plissadas e acess\u00f3rios como len\u00e7o, bon\u00e9 e bolsa.<\/p>\n\n\n\n<h2 class=\"wp-block-heading\">Irlanda<\/h2>\n\n\n\n<figure class=\"wp-block-image\"><img decoding=\"async\" src=\"https:\/\/s2-gshow.glbimg.com\/M8JkMY6kcL4uuZgAbuBacUX5h3Y=\/0x0:1974x942\/984x0\/smart\/filters:strip_icc()\/i.s3.glbimg.com\/v1\/AUTH_e84042ef78cb4708aeebdf1c68c6cbd6\/internal_photos\/bs\/2024\/B\/h\/4KcoVZRFq3iINwBjRIow\/irlanda.jpg\" alt=\"Traje formal do time Irlanda, criado pela designer Laura Weber \u2014 Foto: Reprodu\u00e7\u00e3o\/Instagram\/Divulga\u00e7\u00e3o\"\/><\/figure>\n\n\n\n<p class=\"has-small-font-size\">Traje formal do time Irlanda, criado pela designer Laura Weber \u2014 Foto: Reprodu\u00e7\u00e3o\/Instagram\/Divulga\u00e7\u00e3o<\/p>\n\n\n\n<p>Laura Weber pode ser um nome pouco conhecido no circuito comercial da moda, mas etiquetas com o seu nome podem ser encontradas no&nbsp;<em>closet<\/em>&nbsp;de personalidade como Soirse Ronan, Beyonc\u00e9, Rihanna e a primeira e ex-primeira damas dos Estados Unidos, Jill Biden e Michelle Obama, respectivamente.<\/p>\n\n\n\n<p>Ela apresentou um dos mais diferentes uniformes casuais, com uma jaqueta branca que lembra quimono de jud\u00f4, cheia de bolsos e lapela feita especialmente para &#8220;emoldurar&#8221; a medalha dos vencedores.<\/p>\n\n\n\n<p>Vale o destaque tamb\u00e9m para os bordados minimalistas de flores e plantas, que se tornaram parte do DNA de seu trabalho manual. Em entrevista ao ve\u00edculo &#8220;The Irish Times&#8221;, a designer contou que criou emblemas de trevos usando &#8220;quatro diferentes t\u00e9cnicas para representar as quatro prov\u00edncias da Irlanda&#8221;.<\/p>\n\n\n\n<h2 class=\"wp-block-heading\">Israel<\/h2>\n\n\n\n<figure class=\"wp-block-image\"><img decoding=\"async\" src=\"https:\/\/s2-gshow.glbimg.com\/7TRaAcgfjwcrOLAxDoLkRH0A0xU=\/0x0:2638x1310\/984x0\/smart\/filters:strip_icc()\/i.s3.glbimg.com\/v1\/AUTH_e84042ef78cb4708aeebdf1c68c6cbd6\/internal_photos\/bs\/2024\/Z\/J\/dDYzoRQEazfhUWp2u1sw\/israel.jpg\" alt=\"Uniforme do time Israel foi desenhado pela marca Terminal X \u2014 Foto: Reprodu\u00e7\u00e3o\/Instagram\"\/><\/figure>\n\n\n\n<p class=\"has-small-font-size\">Uniforme do time Israel foi desenhado pela marca Terminal X \u2014 Foto: Reprodu\u00e7\u00e3o\/Instagram<\/p>\n\n\n\n<p>A delega\u00e7\u00e3o vai comparecer \u00e0 cerim\u00f4nia de abertura com um uniforme branco e varia\u00e7\u00f5es de azul claro e escuro. As cria\u00e7\u00f5es da marca Terminal X incluem bermuda, saia plissada e conjuntos de alfaiataria e agasalho, sendo que quase todas apresentam estampas<em>&nbsp;tie-dye<\/em>&nbsp;minimalistas que se assemelham ao mapa de Israel.<\/p>\n\n\n\n<h2 class=\"wp-block-heading\">Haiti<\/h2>\n\n\n\n<figure class=\"wp-block-image\"><img decoding=\"async\" src=\"https:\/\/s2-gshow.glbimg.com\/QAOPZ1rrcu6d8QvlfTdaD39JGxo=\/0x0:1080x1080\/984x0\/smart\/filters:strip_icc()\/i.s3.glbimg.com\/v1\/AUTH_e84042ef78cb4708aeebdf1c68c6cbd6\/internal_photos\/bs\/2024\/l\/A\/qGJynKT3KfBfiNXpB0Fg\/haiti-copiar.jpg\" alt=\"A estilista Stella Jean criou os uniformes do Haiti em parceria com o pintor Philippe Dodard \u2014 Foto: Reprodu\u00e7\u00e3o\/Instagram\"\/><\/figure>\n\n\n\n<p class=\"has-small-font-size\">A estilista Stella Jean criou os uniformes do Haiti em parceria com o pintor Philippe Dodard \u2014 Foto: Reprodu\u00e7\u00e3o\/Instagram<\/p>\n\n\n\n<p>Stella Jean \u00e9 quem assina o uniforme haitiano resgatando v\u00e1rias refer\u00eancias do pr\u00f3prio pa\u00eds, mas ela n\u00e3o esteve sozinha no processo de cria\u00e7\u00e3o: ela contou com a colabora\u00e7\u00e3o do pintor conterr\u00e2neo Philippe Dodard, que desenvolveu uma estampa multicolorida.<\/p>\n\n\n\n<p>Enquanto o vestu\u00e1rio feminino foi composto por saia midi plissada, camisa e colete com um largo cinto, o masculino combinou cal\u00e7a skinny, camisa listrada e jaqueta estilo militar, que remete \u00e0s guayaberas &#8212; camisas com estampas texturizadas usadas pelos locais.<\/p>\n\n\n\n<h2 class=\"wp-block-heading\">Mong\u00f3lia<\/h2>\n\n\n\n<figure class=\"wp-block-image\"><img decoding=\"async\" src=\"https:\/\/s2-gshow.glbimg.com\/GoRmvF4G5pkQKGwM_inXvT2XWDY=\/0x0:2160x1258\/984x0\/smart\/filters:strip_icc()\/i.s3.glbimg.com\/v1\/AUTH_e84042ef78cb4708aeebdf1c68c6cbd6\/internal_photos\/bs\/2024\/3\/I\/k9bN90TDuzghfZfscAvw\/grade-tripla-copiar.jpg\" alt=\"Uniforme da Mong\u00f3lia para a abertura da Olimp\u00edadas foi desenvolvido pelas irm\u00e3s da grife Michel&amp;Amazonka \u2014 Foto: Reprodu\u00e7\u00e3o\/Instagram\"\/><\/figure>\n\n\n\n<p class=\"has-small-font-size\">Uniforme da Mong\u00f3lia para a abertura da Olimp\u00edadas foi desenvolvido pelas irm\u00e3s da grife Michel&amp;Amazonka \u2014 Foto: Reprodu\u00e7\u00e3o\/Instagram<\/p>\n\n\n\n<p>O time da Mong\u00f3lia &#8220;quebrou a internet&#8221; ao divulgar seus uniformes ol\u00edmpicos e paral\u00edmpicos. A roupa cl\u00e1ssica, com bordados dourados que unem refer\u00eancias esportivas e \u00e0 cultura mongol, foi criada pelo duo Michel&amp;Amazonka. As irm\u00e3s, que nasceram na capital do pa\u00eds, Ulan Bator, fundaram a grife em 2015 n\u00e3o demoraram a atrair a aten\u00e7\u00e3o para suas pe\u00e7as que exaltam a hist\u00f3ria e as belezas da Mong\u00f3lia.<\/p>\n\n\n\n<p>Fonte GShow<\/p>\n","protected":false},"excerpt":{"rendered":"<p>Nomes como Ralph Lauren e Giorgio Armani criaram pe\u00e7as esportivas para o dia a dia da competi\u00e7\u00e3o, al\u00e9m de vestimentas para as cerim\u00f4nias de abertura e encerramento dos jogos Falta menos de um m\u00eas para come\u00e7arem os\u00a0Jogos Ol\u00edmpicos de Paris 2024\u00a0e o clima de competi\u00e7\u00e3o j\u00e1 est\u00e1 tomando conta da capital francesa. Prova disso foi [&hellip;]<\/p>\n","protected":false},"author":8,"featured_media":23631,"comment_status":"closed","ping_status":"open","sticky":false,"template":"","format":"standard","meta":{"rop_custom_images_group":[],"rop_custom_messages_group":[],"rop_publish_now":"initial","rop_publish_now_accounts":[],"rop_publish_now_history":[],"rop_publish_now_status":"pending","footnotes":""},"categories":[17],"tags":[],"class_list":["post-23630","post","type-post","status-publish","format-standard","has-post-thumbnail","hentry","category-fashion"],"amp_enabled":true,"_links":{"self":[{"href":"https:\/\/imais.online\/portal\/wp-json\/wp\/v2\/posts\/23630","targetHints":{"allow":["GET"]}}],"collection":[{"href":"https:\/\/imais.online\/portal\/wp-json\/wp\/v2\/posts"}],"about":[{"href":"https:\/\/imais.online\/portal\/wp-json\/wp\/v2\/types\/post"}],"author":[{"embeddable":true,"href":"https:\/\/imais.online\/portal\/wp-json\/wp\/v2\/users\/8"}],"replies":[{"embeddable":true,"href":"https:\/\/imais.online\/portal\/wp-json\/wp\/v2\/comments?post=23630"}],"version-history":[{"count":1,"href":"https:\/\/imais.online\/portal\/wp-json\/wp\/v2\/posts\/23630\/revisions"}],"predecessor-version":[{"id":23632,"href":"https:\/\/imais.online\/portal\/wp-json\/wp\/v2\/posts\/23630\/revisions\/23632"}],"wp:featuredmedia":[{"embeddable":true,"href":"https:\/\/imais.online\/portal\/wp-json\/wp\/v2\/media\/23631"}],"wp:attachment":[{"href":"https:\/\/imais.online\/portal\/wp-json\/wp\/v2\/media?parent=23630"}],"wp:term":[{"taxonomy":"category","embeddable":true,"href":"https:\/\/imais.online\/portal\/wp-json\/wp\/v2\/categories?post=23630"},{"taxonomy":"post_tag","embeddable":true,"href":"https:\/\/imais.online\/portal\/wp-json\/wp\/v2\/tags?post=23630"}],"curies":[{"name":"wp","href":"https:\/\/api.w.org\/{rel}","templated":true}]}}