{"id":23633,"date":"2024-07-17T10:39:55","date_gmt":"2024-07-17T13:39:55","guid":{"rendered":"https:\/\/imais.online\/portal\/?p=23633"},"modified":"2024-07-17T10:39:56","modified_gmt":"2024-07-17T13:39:56","slug":"servico-secreto-dos-eua-descobriu-plano-do-ira-para-matar-trump-antes-do-atentado","status":"publish","type":"post","link":"https:\/\/imais.online\/portal\/servico-secreto-dos-eua-descobriu-plano-do-ira-para-matar-trump-antes-do-atentado\/","title":{"rendered":"Servi\u00e7o secreto dos EUA descobriu plano do Ir\u00e3 para matar Trump antes do atentado"},"content":{"rendered":"<div class=\"imais-before-content-placement\" id=\"imais-3604552503\"><script async src=\"\/\/pagead2.googlesyndication.com\/pagead\/js\/adsbygoogle.js?client=ca-pub-8787528412751566\" crossorigin=\"anonymous\"><\/script><ins class=\"adsbygoogle\" style=\"display:block;\" data-ad-client=\"ca-pub-8787528412751566\" \ndata-ad-slot=\"\" \ndata-ad-format=\"auto\"><\/ins>\n<script> \n(adsbygoogle = window.adsbygoogle || []).push({}); \n<\/script>\n<\/div>\n<h2 class=\"wp-block-heading\">Associated Press informou que, nas \u00faltimas semanas, prote\u00e7\u00e3o ao republicano cresceu com suposta trama do regime dos aiatol\u00e1s<\/h2>\n\n\n\n<p>O&nbsp;<a href=\"https:\/\/noticias.r7.com\/internacional\/dois-policiais-viram-o-atirador-momentos-antes-dos-disparos-que-quase-mataram-donald-trump-16072024\/\"><strong>Servi\u00e7o Secreto dos Estados Unidos<\/strong><\/a>&nbsp;aumentou a prote\u00e7\u00e3o para o&nbsp;<a href=\"https:\/\/noticias.r7.com\/record-news\/video\/eu-deveria-estar-morto-diz-trump-na-primeira-entrevista-apos-atentado-15072024\/\"><strong>candidato do partido Republicano<\/strong><\/a>&nbsp;\u00e0 Presid\u00eancia do pa\u00eds,&nbsp;<a href=\"https:\/\/noticias.r7.com\/record-news\/video\/atirador-estava-em-telhado-a-120-metros-de-trump-veja-imagens-15072024\/\"><strong>Donald Trump<\/strong><\/a>, nas \u00faltimas semanas ap\u00f3s tomar conhecimento de um&nbsp;<a href=\"https:\/\/noticias.r7.com\/record-news\/video\/fbi-assume-investigacao-apos-falha-do-servico-secreto-no-atentado-a-trump-16072024\/\"><strong>suposto plano do Ir\u00e3 para assassinar<\/strong><\/a>&nbsp;o postulante \u00e0 Casa Branca.<\/p>\n\n\n\n<p>A informa\u00e7\u00e3o partiu da ag\u00eancia de not\u00edcias americana Associated Press. As primeiras informa\u00e7\u00f5es indicam que a trama iraniana n\u00e3o tenha rela\u00e7\u00e3o com o ataque sofrido por Trump no com\u00edcio do \u00faltimo s\u00e1bado (13), segundo duas autoridades americanas ouvidas pela ag\u00eancia.<\/p>\n\n\n\n<p>Ao saber da amea\u00e7a, a administra\u00e7\u00e3o Biden procurou funcion\u00e1rios do Servi\u00e7o Secreto para os alertar. A informa\u00e7\u00e3o, ent\u00e3o, foi compartilhada com o principal agente da equipe e da campanha de Trump. Isso levou a ag\u00eancia a aumentar recursos e ativos. As autoridades falaram \u00e0 AP sob condi\u00e7\u00e3o de anonimato.<\/p>\n\n\n\n<p>Mesmo diante das informa\u00e7\u00f5es, o Servi\u00e7o Secreto n\u00e3o conseguiu impedir o ataque sofrido por Trump no s\u00e1bado, durante um com\u00edcio, na Pensilv\u00e2nia. Na ocasi\u00e3o, Trump sofreu um ferimento na orelha, um participante foi assassinado, e outras duas pessoas se feriram com gravidade. Um rapaz de 20 anos, autor do atentado, foi morto por agentes de seguran\u00e7a americano.<\/p>\n\n\n\n<h3 class=\"wp-block-heading\">Morte de Qassem Soleimani<\/h3>\n\n\n\n<p>Em janeiro de 2020, quando os Estados Unidos eram governados por Trump, um bombardeio ordenado pelo ent\u00e3o presidente&nbsp;<a href=\"https:\/\/noticias.r7.com\/internacional\/general-do-ira-morto-pelos-eua-foi-responsavel-por-milhares-de-mortes-28062022\/\"><strong>matou o major-general Qasem Soleimani<\/strong><\/a>, que tinha 62 anos e comandou por mais de 20 anos as For\u00e7as Quds, unidade especial da Guarda Revolucion\u00e1ria Iraniana. Soleimani tinha elo com milhares de mortes no Oriente M\u00e9dio.<\/p>\n\n\n\n<p>\u201cComo j\u00e1 dissemos muitas vezes, h\u00e1 anos acompanhamos as amea\u00e7as iranianas contra antigos funcion\u00e1rios da administra\u00e7\u00e3o Trump\u201d, disse a porta-voz do Conselho de Seguran\u00e7a Nacional, Adrienne Watson.<\/p>\n\n\n\n<p>\u201cEstas amea\u00e7as surgem do desejo do Ir\u00e3 de procurar vingan\u00e7a pelo assassinato de Qassem Soleimani. Consideramos esta uma quest\u00e3o de seguran\u00e7a nacional e interna da mais alta prioridade\u201d, completou em entrevista \u00e0 AP. \u201cAs autoridades policiais relataram que a investiga\u00e7\u00e3o n\u00e3o identificou liga\u00e7\u00f5es entre o atirador e qualquer c\u00famplice ou conspirador, estrangeiro ou nacional\u201d, acrescentou Watson.<\/p>\n\n\n\n<p>Fonte R7<\/p>\n\n\n\n<p><\/p>\n","protected":false},"excerpt":{"rendered":"<p>Associated Press informou que, nas \u00faltimas semanas, prote\u00e7\u00e3o ao republicano cresceu com suposta trama do regime dos aiatol\u00e1s O&nbsp;Servi\u00e7o Secreto dos Estados Unidos&nbsp;aumentou a prote\u00e7\u00e3o para o&nbsp;candidato do partido Republicano&nbsp;\u00e0 Presid\u00eancia do pa\u00eds,&nbsp;Donald Trump, nas \u00faltimas semanas ap\u00f3s tomar conhecimento de um&nbsp;suposto plano do Ir\u00e3 para assassinar&nbsp;o postulante \u00e0 Casa Branca. A informa\u00e7\u00e3o partiu da [&hellip;]<\/p>\n","protected":false},"author":8,"featured_media":23634,"comment_status":"closed","ping_status":"open","sticky":false,"template":"","format":"standard","meta":{"rop_custom_images_group":[],"rop_custom_messages_group":[],"rop_publish_now":"initial","rop_publish_now_accounts":[],"rop_publish_now_history":[],"rop_publish_now_status":"pending","footnotes":""},"categories":[212],"tags":[73],"class_list":["post-23633","post","type-post","status-publish","format-standard","has-post-thumbnail","hentry","category-internacional","tag-featured"],"amp_enabled":true,"_links":{"self":[{"href":"https:\/\/imais.online\/portal\/wp-json\/wp\/v2\/posts\/23633","targetHints":{"allow":["GET"]}}],"collection":[{"href":"https:\/\/imais.online\/portal\/wp-json\/wp\/v2\/posts"}],"about":[{"href":"https:\/\/imais.online\/portal\/wp-json\/wp\/v2\/types\/post"}],"author":[{"embeddable":true,"href":"https:\/\/imais.online\/portal\/wp-json\/wp\/v2\/users\/8"}],"replies":[{"embeddable":true,"href":"https:\/\/imais.online\/portal\/wp-json\/wp\/v2\/comments?post=23633"}],"version-history":[{"count":1,"href":"https:\/\/imais.online\/portal\/wp-json\/wp\/v2\/posts\/23633\/revisions"}],"predecessor-version":[{"id":23635,"href":"https:\/\/imais.online\/portal\/wp-json\/wp\/v2\/posts\/23633\/revisions\/23635"}],"wp:featuredmedia":[{"embeddable":true,"href":"https:\/\/imais.online\/portal\/wp-json\/wp\/v2\/media\/23634"}],"wp:attachment":[{"href":"https:\/\/imais.online\/portal\/wp-json\/wp\/v2\/media?parent=23633"}],"wp:term":[{"taxonomy":"category","embeddable":true,"href":"https:\/\/imais.online\/portal\/wp-json\/wp\/v2\/categories?post=23633"},{"taxonomy":"post_tag","embeddable":true,"href":"https:\/\/imais.online\/portal\/wp-json\/wp\/v2\/tags?post=23633"}],"curies":[{"name":"wp","href":"https:\/\/api.w.org\/{rel}","templated":true}]}}