{"id":23639,"date":"2024-07-18T10:13:53","date_gmt":"2024-07-18T13:13:53","guid":{"rendered":"https:\/\/imais.online\/portal\/?p=23639"},"modified":"2024-07-18T10:13:54","modified_gmt":"2024-07-18T13:13:54","slug":"cotada-para-substituir-biden-kamala-harris-vira-alvo-de-republicanos-na-convencao","status":"publish","type":"post","link":"https:\/\/imais.online\/portal\/cotada-para-substituir-biden-kamala-harris-vira-alvo-de-republicanos-na-convencao\/","title":{"rendered":"Cotada para substituir Biden, Kamala Harris vira alvo de republicanos na conven\u00e7\u00e3o"},"content":{"rendered":"<div class=\"imais-before-content-placement\" id=\"imais-1854444304\"><script async src=\"\/\/pagead2.googlesyndication.com\/pagead\/js\/adsbygoogle.js?client=ca-pub-8787528412751566\" crossorigin=\"anonymous\"><\/script><ins class=\"adsbygoogle\" style=\"display:block;\" data-ad-client=\"ca-pub-8787528412751566\" \ndata-ad-slot=\"\" \ndata-ad-format=\"auto\"><\/ins>\n<script> \n(adsbygoogle = window.adsbygoogle || []).push({}); \n<\/script>\n<\/div>\n<h2 class=\"wp-block-heading\">V\u00e1rios oradores responsabilizaram a vice-presidente pelo fluxo de imigrantes que entram nos EUA e o aumento nos \u00edndices de viol\u00eancia<\/h2>\n\n\n\n<p>O\u00a0<a class=\"\" href=\"https:\/\/oglobo.globo.com\/mundo\/eleicoes-eua\/noticia\/2024\/07\/05\/khive-kamala-harris-ve-apoio-crescer-apos-desempenho-desastroso-de-biden-no-debate.ghtml\">protagonismo crescente<\/a>\u00a0<a class=\"\" href=\"https:\/\/oglobo.globo.com\/tudo-sobre\/politico\/kamala-harris\/\">Kamala Harris<\/a>\u00a0nas elei\u00e7\u00f5es americanas transformou a vice-presidente em um dos alvos preferidos dos republicanos. Embora os ataques j\u00e1 viessem ganhando for\u00e7a nas \u00faltimas semanas, quando\u00a0<a class=\"\" href=\"https:\/\/oglobo.globo.com\/mundo\/noticia\/2024\/07\/03\/apos-desastre-em-debate-biden-tenta-conter-pressao-de-democratas-pesos-pesados-e-porta-voz-rechaca-teste-cognitivo.ghtml\">o fracasso do presidente Joe Biden no debate<\/a>\u00a0contra o ex-presidente\u00a0<a class=\"\" href=\"https:\/\/oglobo.globo.com\/tudo-sobre\/politico\/donald-trump\/\">Donald Trump<\/a>\u00a0impulsionou os apelos para que ela o substitua na corrida eleitoral, foi durante Conven\u00e7\u00e3o Nacional Republicana que movimento ficou ainda mais claro. Um discurso ap\u00f3s o outro, Kamala \u2014 que ganhou a alcunha de &#8220;czar da fronteira&#8221; pelos oponentes \u2014 \u00e9 responsabilizada pelo alto fluxo de imigrantes no pa\u00eds e pela crise de seguran\u00e7a que, na vis\u00e3o da sigla, \u00e9 fruto disso.<\/p>\n\n\n\n<p>\u2014 Por mais de um ano eu disse que o voto no Biden era um voto na Kamala Harris. Depois do debate, todo mundo sabe que isso \u00e9 verdade. Se n\u00f3s tivermos mais 4 anos de Biden ou um dia de Harris, nosso pais vai ficar na pior \u2014 disse a ex-governadora da Carolina do Sul Nikki Haley, que disputou as prim\u00e1rias republicanas contra Trump, durante seu discurso na conven\u00e7\u00e3o na ter\u00e7a-feira. \u2014 Kamala tinha um trabalho, s\u00f3 um: consertar a fronteira. Imagina o que ela pode fazer governando todo o pa\u00eds.<\/p>\n\n\n\n<p>Sob o tema &#8220;Make America Safe Again&#8221; (&#8220;Torne a Am\u00e9rica Segura Novamente&#8221;, em tradu\u00e7\u00e3o livre), o segundo dia de conven\u00e7\u00e3o voltou os olhares para a crise migrat\u00f3ria e o papel do governo, sobretudo de Kamala, nisso. Adotando cartilha trumpista, diversos parlamentares associaram a quest\u00e3o na fronteira com outros problemas, como a crise de fentanil e o aumento nos crimes violentos que, segundo eles, s\u00e3o cometidos por imigrante sem documenta\u00e7\u00e3o.<\/p>\n\n\n\n<p>Mike Rogers, candidato ao Senado no Michigan, disse que &#8220;nunca tinha visto nada como a pol\u00edtica de fronteira aberta de Biden-Harris&#8221;. J\u00e1 senador Eric Schmitt, do Missouri, acusou a Casa Branca de abrir a fronteira &#8220;para terroristas e para criminosos&#8221;. O senador Tom Cotton, do Arkansas, foi al\u00e9m e disse que a chapa democrata permitiu &#8220;uma invas\u00e3o do terceiro mundo&#8221;.<\/p>\n\n\n\n<p>\u2014 Quando Minneapolis estava em chamas e as empresas estavam em ru\u00ednas, Kamala Harris incentivou e permitiu os criminosos e os desordeiros \u2014 afirmou o deputado Tom Emmer, de Minnesota, lembrando da onda de protestos antirracistas que tomaram o pa\u00eds em 2020 ap\u00f3s o assassinato de George Floyd.<\/p>\n\n\n\n<h2 class=\"wp-block-heading\">O papel de Kamala no combate \u00e0 crise migrat\u00f3ria<\/h2>\n\n\n\n<p>Os oradores republicanos se referem a uma medida de 2021, quando Biden nomeou Harris para liderar os esfor\u00e7os da Casa Branca no enfrentamento da crise migrat\u00f3ria na fronteira sul dos EUA com o M\u00e9xico trabalhando com na\u00e7\u00f5es da Am\u00e9rica Central para mitigar as principais causas do problema. Na pr\u00e1tica, um papel muito mais diplom\u00e1tico do que executivo \u2014 uma diferen\u00e7a que pouco importa para os republicanos.<\/p>\n\n\n\n<p>De l\u00e1 para c\u00e1, a imigra\u00e7\u00e3o irregular nos\u00a0<a class=\"\" href=\"https:\/\/oglobo.globo.com\/tudo-sobre\/pais\/estados-unidos\">Estados Unidos<\/a>\u00a0<a class=\"\" href=\"https:\/\/oglobo.globo.com\/mundo\/eleicoes-eua\/noticia\/2024\/02\/29\/duelo-no-texas-biden-e-trump-visitam-fronteira-eua-mexico-nesta-quinta-em-meio-a-recorde-de-imigracao-ilegal.ghtml\">atingiu n\u00edveis recordes<\/a>. Em dezembro do ano passado, o fluxo alcan\u00e7ou o pico hist\u00f3rico de 370 mil apreens\u00f5es em apenas um m\u00eas. Para al\u00e9m da compet\u00eancia de Kamala em resolver ou n\u00e3o a quest\u00e3o, diversos fatores est\u00e3o por tr\u00e1s do boom migrat\u00f3rio no final do governo Biden, em especial\u00a0<a class=\"\" href=\"https:\/\/oglobo.globo.com\/mundo\/noticia\/2023\/05\/fim-do-titulo-42-entenda-a-tempestade-perfeita-que-fez-a-migracao-irregular-para-os-eua-bater-recordes.ghtml\">a revoga\u00e7\u00e3o do T\u00edtulo 42<\/a>, uma pol\u00edtica que foi usada na Era Trump para expulsar automaticamente migrantes n\u00e3o-documentados que tentassem entrar no pa\u00eds durante a pandemia. A iniciativa levou \u00e0 deporta\u00e7\u00e3o de mais de 2,8 milh\u00f5es pessoas no per\u00edodo em que esteve em vigor, de mar\u00e7o de 2020 a maio de 2023.<\/p>\n\n\n\n<p>As estat\u00edsticas s\u00f3 come\u00e7aram a cair h\u00e1 seis meses, quando o governo levou a cabo uma ordem executiva estabelecendo uma s\u00e9rie de medidas r\u00edgidas para frear o movimento, incluindo o eventual fechamento tempor\u00e1rio da fronteira quando o fluxo de cruzamentos ultrapassasse um determinado limite \u2014 medida que fazia parte do projeto de lei bipartid\u00e1rio impulsionado pelo presidente democrata no auge da crise em 2023. A proposta, por\u00e9m, foi rejeitada pela bancada republicano a pedido de Trump.<\/p>\n\n\n\n<p>O discurso do magnata, que foi nomeado oficialmente candidato republicano na conven\u00e7\u00e3o, est\u00e1 previsto para acontecer somente na quinta-feira, noite de encerramento. No entanto, desde que o nome de Kamala come\u00e7ou a ganhar for\u00e7a nas bolsas de apostas, Trump tem intensificado as cr\u00edticas contra a vice, afirmando que ela faz parte da &#8220;esquerda radical&#8221; democrata.<\/p>\n\n\n\n<p>\u2014 Depois de arruinar o acordo bipartid\u00e1rio sobre a fronteira, Donald Trump recorreu \u00e0 mentira sobre o hist\u00f3rico da vice-presidente \u2014 respondeu Brian Fallon, porta-voz da campanha de Harris, ao jornal americano Politico. \u2014 Como ex-procuradora distrital e procuradora-geral, ela enfrentou fraudadores e criminosos como Trump durante toda a sua carreira. As mentiras de Trump n\u00e3o a impedir\u00e3o de continuar enfrentando-o nas principais quest\u00f5es desta disputa.<\/p>\n\n\n\n<p>Fonte O Globo<\/p>\n","protected":false},"excerpt":{"rendered":"<p>V\u00e1rios oradores responsabilizaram a vice-presidente pelo fluxo de imigrantes que entram nos EUA e o aumento nos \u00edndices de viol\u00eancia O\u00a0protagonismo crescente\u00a0Kamala Harris\u00a0nas elei\u00e7\u00f5es americanas transformou a vice-presidente em um dos alvos preferidos dos republicanos. Embora os ataques j\u00e1 viessem ganhando for\u00e7a nas \u00faltimas semanas, quando\u00a0o fracasso do presidente Joe Biden no debate\u00a0contra o ex-presidente\u00a0Donald [&hellip;]<\/p>\n","protected":false},"author":8,"featured_media":23640,"comment_status":"closed","ping_status":"open","sticky":false,"template":"","format":"standard","meta":{"rop_custom_images_group":[],"rop_custom_messages_group":[],"rop_publish_now":"initial","rop_publish_now_accounts":[],"rop_publish_now_history":[],"rop_publish_now_status":"pending","footnotes":""},"categories":[212],"tags":[],"class_list":["post-23639","post","type-post","status-publish","format-standard","has-post-thumbnail","hentry","category-internacional"],"amp_enabled":true,"_links":{"self":[{"href":"https:\/\/imais.online\/portal\/wp-json\/wp\/v2\/posts\/23639","targetHints":{"allow":["GET"]}}],"collection":[{"href":"https:\/\/imais.online\/portal\/wp-json\/wp\/v2\/posts"}],"about":[{"href":"https:\/\/imais.online\/portal\/wp-json\/wp\/v2\/types\/post"}],"author":[{"embeddable":true,"href":"https:\/\/imais.online\/portal\/wp-json\/wp\/v2\/users\/8"}],"replies":[{"embeddable":true,"href":"https:\/\/imais.online\/portal\/wp-json\/wp\/v2\/comments?post=23639"}],"version-history":[{"count":1,"href":"https:\/\/imais.online\/portal\/wp-json\/wp\/v2\/posts\/23639\/revisions"}],"predecessor-version":[{"id":23641,"href":"https:\/\/imais.online\/portal\/wp-json\/wp\/v2\/posts\/23639\/revisions\/23641"}],"wp:featuredmedia":[{"embeddable":true,"href":"https:\/\/imais.online\/portal\/wp-json\/wp\/v2\/media\/23640"}],"wp:attachment":[{"href":"https:\/\/imais.online\/portal\/wp-json\/wp\/v2\/media?parent=23639"}],"wp:term":[{"taxonomy":"category","embeddable":true,"href":"https:\/\/imais.online\/portal\/wp-json\/wp\/v2\/categories?post=23639"},{"taxonomy":"post_tag","embeddable":true,"href":"https:\/\/imais.online\/portal\/wp-json\/wp\/v2\/tags?post=23639"}],"curies":[{"name":"wp","href":"https:\/\/api.w.org\/{rel}","templated":true}]}}