{"id":23645,"date":"2024-07-18T10:22:48","date_gmt":"2024-07-18T13:22:48","guid":{"rendered":"https:\/\/imais.online\/portal\/?p=23645"},"modified":"2024-07-18T10:22:49","modified_gmt":"2024-07-18T13:22:49","slug":"arqueologos-encontram-jardim-do-imperador-romano-caligula-proximo-ao-vaticano","status":"publish","type":"post","link":"https:\/\/imais.online\/portal\/arqueologos-encontram-jardim-do-imperador-romano-caligula-proximo-ao-vaticano\/","title":{"rendered":"Arque\u00f3logos encontram jardim do Imperador romano Cal\u00edgula pr\u00f3ximo ao Vaticano"},"content":{"rendered":"<div class=\"imais-before-content-placement\" id=\"imais-1020816873\"><script async src=\"\/\/pagead2.googlesyndication.com\/pagead\/js\/adsbygoogle.js?client=ca-pub-8787528412751566\" crossorigin=\"anonymous\"><\/script><ins class=\"adsbygoogle\" style=\"display:block;\" data-ad-client=\"ca-pub-8787528412751566\" \ndata-ad-slot=\"\" \ndata-ad-format=\"auto\"><\/ins>\n<script> \n(adsbygoogle = window.adsbygoogle || []).push({}); \n<\/script>\n<\/div>\n<h2 class=\"wp-block-heading\">Os restos do local datados em 2 mil anos foram identificados devido a um cano de \u00e1gua com o nome oficial do governante<\/h2>\n\n\n\n<p>Um antigo jardim de 2 mil anos pertencente ao Imperador Romano Cal\u00edgula foi desenterrado por arque\u00f3logos em Roma, na It\u00e1lia, perto do\u00a0<a class=\"\" href=\"https:\/\/revistagalileu.globo.com\/Cultura\/noticia\/2016\/07\/vaticano-publica-obra-classica-de-1600-na-internet.html\">Vaticano.<\/a>\u00a0Essa descoberta aconteceu durante as obras de constru\u00e7\u00e3o de uma \u00e1rea para pedestres em Piazza Pia, a ser inaugurada no Ano Jubilar do Vaticano em 2025, que deve atrair milh\u00f5es de turistas \u00e0 cidade.<\/p>\n\n\n\n<p>Os arque\u00f3logos inicialmente encontraram uma instala\u00e7\u00e3o de lavanderia de 1.700 anos, mas ao realocarem as ru\u00ednas descobriram um vasto jardim na margem direita do rio Tibre. Um lugar com um caminho ladeado por colunas, uma ampla \u00e1rea aberta para o<a class=\"\" href=\"https:\/\/revistagalileu.globo.com\/um-so-planeta\/noticia\/2024\/06\/92percent-das-patentes-que-usam-plantas-da-mata-atlantica-foram-criadas-fora-do-brasil.ghtml\">&nbsp;cultivo de plantas<\/a>, uma parede de travertino e as funda\u00e7\u00f5es de um p\u00f3rtico, que, mesmo em ru\u00ednas, evidenciam sua grandiosidade.<\/p>\n\n\n\n<p>A identifica\u00e7\u00e3o do dono do local foi confirmada por um&nbsp;<a class=\"\" href=\"https:\/\/revistagalileu.globo.com\/ciencia\/meio-ambiente\/noticia\/2024\/05\/cidades-esponja-podem-mitigar-a-ocorrencia-de-enchentes-entenda.ghtml\">cano de \u00e1gua&nbsp;<\/a>de chumbo estampado com o nome oficial de Cal\u00edgula: &#8220;C(ai) Csaris Aug(usti) Germanici&#8221; (C\u00e9sar Augusto Germ\u00e2nico). O Minist\u00e9rio da Cultura da It\u00e1lia explicou, em&nbsp;<a class=\"\" href=\"https:\/\/www.beniculturali.it\/comunicato\/26552\" target=\"_blank\" rel=\"noreferrer noopener\">comunicado<\/a>, que descobertas anteriores na \u00e1rea, como canos inscritos com o nome de J\u00falia Augusta (L\u00edvia Drusila), indicam que esta luxuosa resid\u00eancia foi inicialmente herdada por Germ\u00e2nico, depois transferida para sua esposa Agripina, a Velha, e finalmente para seu filho Cal\u00edgula.<\/p>\n\n\n\n<figure class=\"wp-block-image\"><img decoding=\"async\" src=\"https:\/\/s2-galileu.glbimg.com\/2oCRrhzjrR1bh0Us4yShxdiWpn8=\/0x0:1140x760\/984x0\/smart\/filters:strip_icc()\/i.s3.glbimg.com\/v1\/AUTH_fde5cd494fb04473a83fa5fd57ad4542\/internal_photos\/bs\/2024\/7\/I\/GAYwqdRCmm7ALfLc0xAQ\/garden-of-caligula-3.webp\" alt=\"Cano de \u00e1gua com o nome oficial do imperador Cal\u00edgula inscrito: C(ai) C\u00e6saris Aug(usti) Germanici. \u2014 Foto: Minist\u00e9rio da Cultura Italiano\"\/><figcaption class=\"wp-element-caption\">Cano de \u00e1gua com o nome oficial do imperador Cal\u00edgula inscrito: C(ai) C\u00e6saris Aug(usti) Germanici. \u2014 Foto: Minist\u00e9rio da Cultura Italiano<\/figcaption><\/figure>\n\n\n\n<p>Cal\u00edgula foi o respons\u00e1vel por um per\u00edodo conturbado da hist\u00f3ria romana. Ele governou o Imp\u00e9rio de 37 a 41 d.C e ficou conhecido por suas extravag\u00e2ncias e tirania, que o levaram \u00e0 loucura at\u00e9 ser assassinado pela sua pr\u00f3pria Guarda Pretoriana, de acordo com fontes hist\u00f3ricas.<\/p>\n\n\n\n<h2 class=\"wp-block-heading\">Confirma\u00e7\u00e3o liter\u00e1ria<\/h2>\n\n\n\n<p>As fontes liter\u00e1rias antigas tamb\u00e9m confirmaram o pertencimento do jardim ao imperador, como uma passagem escrita por F\u00edlon de Alexandria, um historiador judeu de Alexandria no Egito, no texto &#8220;Embaixada a Caio&#8221;. Ele descreve Cal\u00edgula recebendo uma delega\u00e7\u00e3o de judeus alexandrinos nos Jardins de Agripina, um vasto local com vista para o Tibre, separado por um p\u00f3rtico monumental.<\/p>\n\n\n\n<p>\u201cA embaixada tinha como objetivo representar ao imperador as dificuldades e a crise que afetava a comunidade judaica de Alexandria nas rela\u00e7\u00f5es com a popula\u00e7\u00e3o greco-alexandrina: uma crise que se manifestava com&nbsp;<a class=\"\" href=\"https:\/\/revistagalileu.globo.com\/sociedade\/noticia\/2023\/09\/a-crise-climatica-tem-um-perigo-oculto-a-violencia-infantil-entenda.ghtml\">viol\u00eancia<\/a>, brigas, epis\u00f3dios de&nbsp;<a class=\"\" href=\"https:\/\/revistagalileu.globo.com\/Sociedade\/noticia\/2022\/07\/pesquisadores-brasileiros-estudam-os-origens-da-intolerancia-religiosa.html\">intoler\u00e2ncia religiosa<\/a>. Mas Cal\u00edgula, um imperador inspirado pelas teocracias orientais e apoiante da componente grega de Alexandria, rejeitou os pedidos\u201d, afirma o minist\u00e9rio.<\/p>\n\n\n\n<figure class=\"wp-block-image\"><img decoding=\"async\" src=\"https:\/\/s2-galileu.glbimg.com\/rVQh7GP6IImDVEFty9FLEIrjsAk=\/0x0:1140x760\/984x0\/smart\/filters:strip_icc()\/i.s3.glbimg.com\/v1\/AUTH_fde5cd494fb04473a83fa5fd57ad4542\/internal_photos\/bs\/2024\/I\/f\/Qn8YeuRBqFbFL9gcTIjw\/garden-of-caligula-2.webp\" alt=\"A foto mostra canos antigos, paredes e passarela do jardim em ru\u00ednas \u2014 Foto: Minist\u00e9rio da Cultura Italiano\"\/><figcaption class=\"wp-element-caption\">A foto mostra canos antigos, paredes e passarela do jardim em ru\u00ednas \u2014 Foto: Minist\u00e9rio da Cultura Italiano<\/figcaption><\/figure>\n\n\n\n<p>Relatos de F\u00edlon de Alexandria confirmam a exist\u00eancia de um jardim similar. Al\u00e9m disso, durante a escava\u00e7\u00e3o foram descobertos artefatos como lajes de pedra e decora\u00e7\u00f5es de telhado de terracota, representando cenas&nbsp;<a class=\"\" href=\"https:\/\/revistagalileu.globo.com\/ciencia\/arqueologia\/noticia\/2023\/10\/templo-egipcio-de-2-mil-anos-revela-cenas-mitologicas-e-ano-novo-divino.ghtml\">mitol\u00f3gicas<\/a>. Essas terracotas, originalmente utilizadas como tampas de esgoto, provavelmente decoravam estruturas dentro do jardim, de acordo com a&nbsp;<a class=\"\" href=\"https:\/\/abcnews.go.com\/International\/wireStory\/ruins-ancient-garden-owned-emperor-caligula-uncovered-vatican-111678019\" target=\"_blank\" rel=\"noreferrer noopener\">Associated Press<\/a>.<\/p>\n\n\n\n<p>A constru\u00e7\u00e3o na Piazza Pia est\u00e1 programada para ser finalizada at\u00e9 dezembro de 2024, mantendo o cronograma apesar das descobertas\u00a0<a class=\"\" href=\"https:\/\/revistagalileu.globo.com\/ciencia\/arqueologia\/\">arqueol\u00f3gicas<\/a>. Ap\u00f3s a conclus\u00e3o, os restos da antiga lavanderia romana ser\u00e3o exibidos pr\u00f3ximo ao Castel Sant&#8217;Angelo.<\/p>\n\n\n\n<p>Fonte Galileu <\/p>\n","protected":false},"excerpt":{"rendered":"<p>Os restos do local datados em 2 mil anos foram identificados devido a um cano de \u00e1gua com o nome oficial do governante Um antigo jardim de 2 mil anos pertencente ao Imperador Romano Cal\u00edgula foi desenterrado por arque\u00f3logos em Roma, na It\u00e1lia, perto do\u00a0Vaticano.\u00a0Essa descoberta aconteceu durante as obras de constru\u00e7\u00e3o de uma \u00e1rea [&hellip;]<\/p>\n","protected":false},"author":8,"featured_media":23646,"comment_status":"closed","ping_status":"open","sticky":false,"template":"","format":"standard","meta":{"rop_custom_images_group":[],"rop_custom_messages_group":[],"rop_publish_now":"initial","rop_publish_now_accounts":[],"rop_publish_now_history":[],"rop_publish_now_status":"pending","footnotes":""},"categories":[212],"tags":[],"class_list":["post-23645","post","type-post","status-publish","format-standard","has-post-thumbnail","hentry","category-internacional"],"amp_enabled":true,"_links":{"self":[{"href":"https:\/\/imais.online\/portal\/wp-json\/wp\/v2\/posts\/23645","targetHints":{"allow":["GET"]}}],"collection":[{"href":"https:\/\/imais.online\/portal\/wp-json\/wp\/v2\/posts"}],"about":[{"href":"https:\/\/imais.online\/portal\/wp-json\/wp\/v2\/types\/post"}],"author":[{"embeddable":true,"href":"https:\/\/imais.online\/portal\/wp-json\/wp\/v2\/users\/8"}],"replies":[{"embeddable":true,"href":"https:\/\/imais.online\/portal\/wp-json\/wp\/v2\/comments?post=23645"}],"version-history":[{"count":1,"href":"https:\/\/imais.online\/portal\/wp-json\/wp\/v2\/posts\/23645\/revisions"}],"predecessor-version":[{"id":23647,"href":"https:\/\/imais.online\/portal\/wp-json\/wp\/v2\/posts\/23645\/revisions\/23647"}],"wp:featuredmedia":[{"embeddable":true,"href":"https:\/\/imais.online\/portal\/wp-json\/wp\/v2\/media\/23646"}],"wp:attachment":[{"href":"https:\/\/imais.online\/portal\/wp-json\/wp\/v2\/media?parent=23645"}],"wp:term":[{"taxonomy":"category","embeddable":true,"href":"https:\/\/imais.online\/portal\/wp-json\/wp\/v2\/categories?post=23645"},{"taxonomy":"post_tag","embeddable":true,"href":"https:\/\/imais.online\/portal\/wp-json\/wp\/v2\/tags?post=23645"}],"curies":[{"name":"wp","href":"https:\/\/api.w.org\/{rel}","templated":true}]}}