{"id":23648,"date":"2024-07-18T10:26:32","date_gmt":"2024-07-18T13:26:32","guid":{"rendered":"https:\/\/imais.online\/portal\/?p=23648"},"modified":"2024-07-18T10:26:33","modified_gmt":"2024-07-18T13:26:33","slug":"silvio-santos-segue-internado-em-sao-paulo-com-h1n1","status":"publish","type":"post","link":"https:\/\/imais.online\/portal\/silvio-santos-segue-internado-em-sao-paulo-com-h1n1\/","title":{"rendered":"Silvio Santos segue internado em S\u00e3o Paulo com H1N1"},"content":{"rendered":"<div class=\"imais-before-content-placement\" id=\"imais-3736223781\"><script async src=\"\/\/pagead2.googlesyndication.com\/pagead\/js\/adsbygoogle.js?client=ca-pub-8787528412751566\" crossorigin=\"anonymous\"><\/script><ins class=\"adsbygoogle\" style=\"display:block;\" data-ad-client=\"ca-pub-8787528412751566\" \ndata-ad-slot=\"\" \ndata-ad-format=\"auto\"><\/ins>\n<script> \n(adsbygoogle = window.adsbygoogle || []).push({}); \n<\/script>\n<\/div>\n<h2 class=\"wp-block-heading\">Assessoria do apresentador chegou a negar a informa\u00e7\u00e3o<\/h2>\n\n\n\n<p>Um dos maiores apresentadores do Brasil, Silvio Santos, 93 anos, est\u00e1 internado em S\u00e3o Paulo desde ter\u00e7a-feira no Hospital Albert Einstein, ap\u00f3s ser diagnosticado com H1N1.<\/p>\n\n\n\n<p>Procurados pela imprensa, a assessoria do SBT chegou a negar. Por\u00e9m, as informa\u00e7\u00f5es de que ele estaria realizando uma bateria de exames chegaram. A H1N1 \u00e9 uma gripe causada pelo v\u00edrus influenza.<\/p>\n\n\n\n<figure class=\"wp-block-image\"><img decoding=\"async\" src=\"https:\/\/newr7-r7-prod.web.arc-cdn.net\/resizer\/v2\/OGBZR4VO4ZFNRH4NF5Y4BQYY4I.jpg?auth=da2f1545e25cafb0f060106ec7a1eee3a707872083993867973e442341b74655&amp;width=1862&amp;height=1047\" alt=\"\"\/><figcaption class=\"wp-element-caption\">Silvio Santos em seu programa no SBTDivulga\u00e7\u00e3o\/Lourival Ribeiro\/SBT<\/figcaption><\/figure>\n\n\n\n<p>Pessoas pr\u00f3ximas da fam\u00edlia Abravanel, tamb\u00e9m confirmaram a interna\u00e7\u00e3o. A equipe m\u00e9dica ficou preocupada com a situa\u00e7\u00e3o de Silvio, j\u00e1 que ele apresenta uma idade bem avan\u00e7ada e os cuidados t\u00eam que ser redobrados.<\/p>\n\n\n\n<p>Desejamos que ele melhore quanto antes e retorne para casa.<\/p>\n\n\n\n<p>Fonte R7<\/p>\n","protected":false},"excerpt":{"rendered":"<p>Assessoria do apresentador chegou a negar a informa\u00e7\u00e3o Um dos maiores apresentadores do Brasil, Silvio Santos, 93 anos, est\u00e1 internado em S\u00e3o Paulo desde ter\u00e7a-feira no Hospital Albert Einstein, ap\u00f3s ser diagnosticado com H1N1. Procurados pela imprensa, a assessoria do SBT chegou a negar. Por\u00e9m, as informa\u00e7\u00f5es de que ele estaria realizando uma bateria de [&hellip;]<\/p>\n","protected":false},"author":8,"featured_media":23649,"comment_status":"closed","ping_status":"open","sticky":false,"template":"","format":"standard","meta":{"rop_custom_images_group":[],"rop_custom_messages_group":[],"rop_publish_now":"initial","rop_publish_now_accounts":[],"rop_publish_now_history":[],"rop_publish_now_status":"pending","footnotes":""},"categories":[16],"tags":[],"class_list":["post-23648","post","type-post","status-publish","format-standard","has-post-thumbnail","hentry","category-entertainment"],"amp_enabled":true,"_links":{"self":[{"href":"https:\/\/imais.online\/portal\/wp-json\/wp\/v2\/posts\/23648","targetHints":{"allow":["GET"]}}],"collection":[{"href":"https:\/\/imais.online\/portal\/wp-json\/wp\/v2\/posts"}],"about":[{"href":"https:\/\/imais.online\/portal\/wp-json\/wp\/v2\/types\/post"}],"author":[{"embeddable":true,"href":"https:\/\/imais.online\/portal\/wp-json\/wp\/v2\/users\/8"}],"replies":[{"embeddable":true,"href":"https:\/\/imais.online\/portal\/wp-json\/wp\/v2\/comments?post=23648"}],"version-history":[{"count":1,"href":"https:\/\/imais.online\/portal\/wp-json\/wp\/v2\/posts\/23648\/revisions"}],"predecessor-version":[{"id":23650,"href":"https:\/\/imais.online\/portal\/wp-json\/wp\/v2\/posts\/23648\/revisions\/23650"}],"wp:featuredmedia":[{"embeddable":true,"href":"https:\/\/imais.online\/portal\/wp-json\/wp\/v2\/media\/23649"}],"wp:attachment":[{"href":"https:\/\/imais.online\/portal\/wp-json\/wp\/v2\/media?parent=23648"}],"wp:term":[{"taxonomy":"category","embeddable":true,"href":"https:\/\/imais.online\/portal\/wp-json\/wp\/v2\/categories?post=23648"},{"taxonomy":"post_tag","embeddable":true,"href":"https:\/\/imais.online\/portal\/wp-json\/wp\/v2\/tags?post=23648"}],"curies":[{"name":"wp","href":"https:\/\/api.w.org\/{rel}","templated":true}]}}