{"id":23671,"date":"2024-07-19T10:32:48","date_gmt":"2024-07-19T13:32:48","guid":{"rendered":"https:\/\/imais.online\/portal\/?p=23671"},"modified":"2024-07-19T10:32:49","modified_gmt":"2024-07-19T13:32:49","slug":"joe-biden-cogita-desistir-da-reeleicao-afirmam-pessoas-proximas-ao-presidente","status":"publish","type":"post","link":"https:\/\/imais.online\/portal\/joe-biden-cogita-desistir-da-reeleicao-afirmam-pessoas-proximas-ao-presidente\/","title":{"rendered":"Joe Biden cogita desistir da reelei\u00e7\u00e3o, afirmam pessoas pr\u00f3ximas ao presidente"},"content":{"rendered":"<div class=\"imais-before-content-placement\" id=\"imais-146255220\"><script async src=\"\/\/pagead2.googlesyndication.com\/pagead\/js\/adsbygoogle.js?client=ca-pub-8787528412751566\" crossorigin=\"anonymous\"><\/script><ins class=\"adsbygoogle\" style=\"display:block;\" data-ad-client=\"ca-pub-8787528412751566\" \ndata-ad-slot=\"\" \ndata-ad-format=\"auto\"><\/ins>\n<script> \n(adsbygoogle = window.adsbygoogle || []).push({}); \n<\/script>\n<\/div>\n<h2 class=\"wp-block-heading\">Doadores do partido afirmam que o democrata estaria cogitando a hip\u00f3tese de uma derrota para o ex-presidente Donald Trump<\/h2>\n\n\n\n<p>Em meio \u00e0 press\u00e3o do partido democrata para que Joe Biden desista da reelei\u00e7\u00e3o, pessoas pr\u00f3ximas ao presidente afirmam que ele estaria cogitando deixar a corrida \u00e0 Casa Branca.<\/p>\n\n\n\n<p>Segundo a imprensa estadunidense, doadores do partido de Biden dizem que o democrata est\u00e1 cogitando a hip\u00f3tese de derrota para Donald Trump.<\/p>\n\n\n\n<p>As reportagens dizem que o presidente est\u00e1 mais isolado do que nunca. Agora, a expectativa \u00e9 de que ele abandone a campanha nos pr\u00f3ximos dias. Biden ainda n\u00e3o se manifestou.<\/p>\n\n\n\n<p><strong>Biden diz que cogitaria desistir de candidatura se m\u00e9dicos apontassem alguma &#8216;condi\u00e7\u00e3o m\u00e9dica&#8217;<\/strong><\/p>\n\n\n\n<p>O presidente dos EUA,\u00a0<a class=\"\" href=\"https:\/\/g1.globo.com\/tudo-sobre\/joe-biden\/\">Joe Biden<\/a>, disse que consideraria abandonar sua candidatura \u00e0 reelei\u00e7\u00e3o caso seus m\u00e9dicos apontassem o surgimento de alguma &#8220;condi\u00e7\u00e3o m\u00e9dica&#8221; que o impedisse de servir um novo mandato presidencial.<\/p>\n\n\n\n<p>A declara\u00e7\u00e3o de Biden ocorreu durante entrevista ao apresentador Ed Gordon, do canal BET News, divulgada nesta quarta-feira (17).<\/p>\n\n\n\n<blockquote class=\"wp-block-quote is-layout-flow wp-block-quote-is-layout-flow\">\n<p>Na conversa, o presidente disse que reavaliaria sua perman\u00eancia na corrida \u201cse eu tivesse alguma condi\u00e7\u00e3o m\u00e9dica que surgisse, se algu\u00e9m, se os m\u00e9dicos viessem at\u00e9 mim e dissessem, voc\u00ea tem esse problema e aquele problema\u201d, disse Biden.<\/p>\n<\/blockquote>\n\n\n\n<p>Desde que perdeu o debate contra\u00a0Donald Trump\u00a0e teve suas aptid\u00f5es f\u00edsica e mental questionadas, Biden vem afirmando repetidamente em diversas entrevistas e coletivas que n\u00e3o tem nenhuma condi\u00e7\u00e3o m\u00e9dica grave, segundo seus m\u00e9dicos, e que &#8220;faz testes cognitivos todos os dias&#8221; em suas fun\u00e7\u00f5es como presidente.<\/p>\n\n\n\n<p>O Dr. Kevin O\u2019Connor, m\u00e9dico da Casa Branca, escreveu que Biden \u00e9 \u201cum homem saud\u00e1vel, ativo e robusto de 81 anos, que continua apto para executar com sucesso as fun\u00e7\u00f5es da presid\u00eancia&#8221; ap\u00f3s seu exame f\u00edsico anual realizado em fevereiro.<\/p>\n\n\n\n<p>O coment\u00e1rio de Biden \u00e0 BET News \u00e9 o mais recente em uma s\u00e9rie de explica\u00e7\u00f5es do presidente sobre sua aptid\u00e3o f\u00edsica e mental e o que poderia lev\u00e1-lo a reconsiderar sua posi\u00e7\u00e3o na corrida presidencial. Em uma entrevista \u00e0 ABC News neste m\u00eas, Biden disse que desistiria da corrida apenas se o \u201cSenhor Todo-Poderoso\u201d o obrigasse a faz\u00ea-lo.<\/p>\n\n\n\n<p>Na semana passada, em uma coletiva de imprensa em Washington, Biden disse que permaneceria na corrida a menos que seus assessores lhe mostrassem provas de que ele n\u00e3o teria chances de vencer as elei\u00e7\u00f5es.<\/p>\n\n\n\n<p>Na conversa com a BET News, Biden tamb\u00e9m disse pela primeira vez de forma expl\u00edcita que esperava \u201cseguir em frente\u201d ap\u00f3s seu primeiro mandato e \u201cpassar o bast\u00e3o para outra pessoa\u201d, como havia dito quando concorreu em 2020, mas decidiu concorrer novamente porque acreditava que sua \u201csabedoria\u201d e experi\u00eancia ajudariam a curar as crescentes divis\u00f5es do pa\u00eds. O presidente tamb\u00e9m falou repetidamente em entrevistas anteriores acreditar ser a pessoa mais capaz para liderar os EUA.<\/p>\n\n\n\n<blockquote class=\"wp-block-quote is-layout-flow wp-block-quote-is-layout-flow\">\n<p>\u201cVoc\u00ea deve se lembrar, Ed, eu disse que seria um candidato de transi\u00e7\u00e3o, e pensei que poderia seguir em frente e passar o bast\u00e3o para outra pessoa\u201d, disse o presidente. \u201cMas eu n\u00e3o antecipei que as coisas ficariam t\u00e3o, t\u00e3o, t\u00e3o divididas. E, francamente, acho que a \u00fanica coisa que a idade traz \u00e9 um pouco de sabedoria.\u201d<\/p>\n<\/blockquote>\n\n\n\n<h2 class=\"wp-block-heading\">Adiantamento de nomea\u00e7\u00e3o de Biden e press\u00e3o<\/h2>\n\n\n\n<p>Os democratas planejam adiantar a oficializa\u00e7\u00e3o a candidatura do presidente Joe Biden \u00e0 Casa Branca realizar por meio de uma vota\u00e7\u00e3o virtual na primeira semana de agosto, segundo uma carta obtida pela Associated Press nesta quarta (17). A movimenta\u00e7\u00e3o ocorre ap\u00f3s a\u00a0oficializa\u00e7\u00e3o do republicano Donald Trump para a corrida eleitoral\u00a0nesta semana.<\/p>\n\n\n\n<p>A vota\u00e7\u00e3o virtual n\u00e3o ocorrer\u00e1 at\u00e9 agosto, mas&nbsp;o Partido Democrata est\u00e1 comprometido em realizar essa vota\u00e7\u00e3o antes de 7 de agosto, prazo limite de inscri\u00e7\u00e3o de candidaturas no estado de Ohio, segundo uma carta enviada aos membros do comit\u00ea de regras da Conven\u00e7\u00e3o Nacional Democrata obtida nesta quarta (17) pela ag\u00eancia de not\u00edcias Associated Press.<\/p>\n\n\n\n<p>Caso isso aconte\u00e7a, a nomea\u00e7\u00e3o de Biden como candidato do partido ocorreria antes do previsto &#8212; normalmente essa formaliza\u00e7\u00e3o acontece durante a Conven\u00e7\u00e3o Nacional Democrata, que est\u00e1 agendada para 19 a 22 de agosto em Chicago.<\/p>\n\n\n\n<p>Ao mesmo tempo,\u00a0<strong>uma nova pesquisa indica que quase dois ter\u00e7os dos eleitores democratas (65%) querem que o presidente Joe Biden desista da candidatura.<\/strong>\u00a0A consulta foi realizada pelo Centro de Pesquisa de Assuntos P\u00fablicos AP-NORC e a maioria das entrevistas foi realizada antes do atentado contra Trump.\u00a0<strong><em>(Leia mais abaixo)<\/em><\/strong><\/p>\n\n\n\n<p>Apesar do aumento da press\u00e3o em Biden pela desist\u00eancia da candidatura \u00e0 reelei\u00e7\u00e3o, a\u00a0pesquisa de inten\u00e7\u00e3o de voto mais recente realizada pela Ipsos indica que Trump e Biden est\u00e3o empatados\u00a0tecnicamente, com 43% e 41%, respectivamente.<\/p>\n\n\n\n<p>O comit\u00ea de regras da conven\u00e7\u00e3o democrata se reunir\u00e1 nesta sexta-feira (19) para discutir seus planos e os finalizar\u00e1 na pr\u00f3xima semana, ainda de acordo com a carta, escrita pelos co-presidentes do comit\u00ea Leah D. Daughtry e o governador de Minnesota, Tim Walz.<\/p>\n\n\n\n<blockquote class=\"wp-block-quote is-layout-flow wp-block-quote-is-layout-flow\">\n<p>&#8220;N\u00e3o implementaremos um processo de vota\u00e7\u00e3o virtual apressado, embora comecemos nossa importante considera\u00e7\u00e3o de como um processo de vota\u00e7\u00e3o virtual funcionaria&#8221;, escreveram Daughtry e Walz.<\/p>\n<\/blockquote>\n\n\n\n<p>O partido democrata anunciou em maio que realizaria uma chamada de votos antecipada para garantir que Biden qualificasse para a c\u00e9dula em Ohio, que originalmente tinha um prazo at\u00e9 7 de agosto, mas o estado desde ent\u00e3o mudou suas regras. A campanha de Biden insiste que o partido deve operar sob as regras iniciais de Ohio para impedir qualquer possibilidade de legisladores republicanos imponham desafios legais para ter o presidente na c\u00e9dula do estado.<\/p>\n\n\n\n<p>A carta de Daughtry e Walz chega um dia ap\u00f3s not\u00edcias de que ao menos tr\u00eas pol\u00edticos democratas da C\u00e2mara, contr\u00e1rios a uma r\u00e1pida nomea\u00e7\u00e3o de Biden como candidato do partido \u00e0s elei\u00e7\u00f5es, preparavam outra carta levantando \u201cs\u00e9rias preocupa\u00e7\u00f5es\u201d sobre os planos para uma chamada virtual de votos.<\/p>\n\n\n\n<p>Essa outra carta, que teria como signat\u00e1rios os deputados Susan Wild, Mike Quigley e Jared Huffman, segundo a Reuters, diz que seria uma \u201cp\u00e9ssima ideia\u201d sufocar o debate sobre o candidato do partido com a vota\u00e7\u00e3o antecipada. \u201cPoderia profundamente minar a moral e a unidade dos democratas\u201d, disse a carta, obtida pela AP.<\/p>\n\n\n\n<p>O ex-presidente Donald Trump foi oficializado como candidato republicano \u00e0 Casa Branca\u00a0na segunda-feira (15) durante a Conven\u00e7\u00e3o Nacional Republicana em Milwaukee, em Wisconsin. A formaliza\u00e7\u00e3o \u00e9 um processo padr\u00e3o ap\u00f3s vit\u00f3ria nas pr\u00e9vias do partido. No mesmo dia, Trump indicou o senador republicano J.D. Vance para ser seu vice e a chapa tamb\u00e9m foi formalizada.<\/p>\n\n\n\n<p>Fonte G1<\/p>\n","protected":false},"excerpt":{"rendered":"<p>Doadores do partido afirmam que o democrata estaria cogitando a hip\u00f3tese de uma derrota para o ex-presidente Donald Trump Em meio \u00e0 press\u00e3o do partido democrata para que Joe Biden desista da reelei\u00e7\u00e3o, pessoas pr\u00f3ximas ao presidente afirmam que ele estaria cogitando deixar a corrida \u00e0 Casa Branca. Segundo a imprensa estadunidense, doadores do partido [&hellip;]<\/p>\n","protected":false},"author":8,"featured_media":23672,"comment_status":"closed","ping_status":"open","sticky":false,"template":"","format":"standard","meta":{"rop_custom_images_group":[],"rop_custom_messages_group":[],"rop_publish_now":"initial","rop_publish_now_accounts":[],"rop_publish_now_history":[],"rop_publish_now_status":"pending","footnotes":""},"categories":[212],"tags":[],"class_list":["post-23671","post","type-post","status-publish","format-standard","has-post-thumbnail","hentry","category-internacional"],"amp_enabled":true,"_links":{"self":[{"href":"https:\/\/imais.online\/portal\/wp-json\/wp\/v2\/posts\/23671","targetHints":{"allow":["GET"]}}],"collection":[{"href":"https:\/\/imais.online\/portal\/wp-json\/wp\/v2\/posts"}],"about":[{"href":"https:\/\/imais.online\/portal\/wp-json\/wp\/v2\/types\/post"}],"author":[{"embeddable":true,"href":"https:\/\/imais.online\/portal\/wp-json\/wp\/v2\/users\/8"}],"replies":[{"embeddable":true,"href":"https:\/\/imais.online\/portal\/wp-json\/wp\/v2\/comments?post=23671"}],"version-history":[{"count":1,"href":"https:\/\/imais.online\/portal\/wp-json\/wp\/v2\/posts\/23671\/revisions"}],"predecessor-version":[{"id":23673,"href":"https:\/\/imais.online\/portal\/wp-json\/wp\/v2\/posts\/23671\/revisions\/23673"}],"wp:featuredmedia":[{"embeddable":true,"href":"https:\/\/imais.online\/portal\/wp-json\/wp\/v2\/media\/23672"}],"wp:attachment":[{"href":"https:\/\/imais.online\/portal\/wp-json\/wp\/v2\/media?parent=23671"}],"wp:term":[{"taxonomy":"category","embeddable":true,"href":"https:\/\/imais.online\/portal\/wp-json\/wp\/v2\/categories?post=23671"},{"taxonomy":"post_tag","embeddable":true,"href":"https:\/\/imais.online\/portal\/wp-json\/wp\/v2\/tags?post=23671"}],"curies":[{"name":"wp","href":"https:\/\/api.w.org\/{rel}","templated":true}]}}