{"id":23697,"date":"2024-07-21T20:15:03","date_gmt":"2024-07-21T23:15:03","guid":{"rendered":"https:\/\/imais.online\/portal\/?p=23697"},"modified":"2024-07-21T20:15:04","modified_gmt":"2024-07-21T23:15:04","slug":"trump-comenta-desistencia-de-biden-nao-estava-apto-para-concorrer-a-presidencia","status":"publish","type":"post","link":"https:\/\/imais.online\/portal\/trump-comenta-desistencia-de-biden-nao-estava-apto-para-concorrer-a-presidencia\/","title":{"rendered":"Trump comenta desist\u00eancia de Biden: \u2018N\u00e3o estava apto para concorrer \u00e0 Presid\u00eancia\u2019"},"content":{"rendered":"<div class=\"imais-before-content-placement\" id=\"imais-2907853270\"><script async src=\"\/\/pagead2.googlesyndication.com\/pagead\/js\/adsbygoogle.js?client=ca-pub-8787528412751566\" crossorigin=\"anonymous\"><\/script><ins class=\"adsbygoogle\" style=\"display:block;\" data-ad-client=\"ca-pub-8787528412751566\" \ndata-ad-slot=\"\" \ndata-ad-format=\"auto\"><\/ins>\n<script> \n(adsbygoogle = window.adsbygoogle || []).push({}); \n<\/script>\n<\/div>\n<h2 class=\"wp-block-heading\">O candidato republicano tamb\u00e9m chamou o atual presidente de corrupto e disse que ele chegou \u00e0 Casa Branca gra\u00e7as a \u2018fake news\u2019<\/h2>\n\n\n\n<p>O ex-presidente dos Estados Unidos e atual candidato republicano \u00e0 Casa Branca,\u00a0<strong>Donald Trump<\/strong>, comentou neste domingo (21) a\u00a0<strong>desist\u00eancia de seu oponente, o democrata Joe Biden, de concorrer \u00e0 reelei\u00e7\u00e3o<\/strong>. O atual presidente de 81 anos estava\u00a0<strong>sob press\u00e3o de aliados do partido<\/strong>\u00a0para desistir da disputa ap\u00f3s o mau desempenho em um debate, al\u00e9m de uma s\u00e9rie de gafes que colocaram e d\u00favida a sua capacidade cognitiva.<\/p>\n\n\n\n<p>Em uma rede social, Trump chamou Biden de corrupto e disse que ele n\u00e3o estava apto para concorrer \u00e0 presid\u00eancia dos EUA. \u201cEle s\u00f3 alcan\u00e7ou o cargo de presidente atrav\u00e9s de mentiras, fake news [&#8230;] Todos aqueles ao seu redor, incluindo o seu m\u00e9dico e a m\u00eddia, sabiam que ele n\u00e3o era capaz de ser presidente, e ele n\u00e3o era\u201d, escreveu Trump.<\/p>\n\n\n\n<p>O ex-presidente disse ainda que a administra\u00e7\u00e3o Biden fez com que milh\u00f5es de pessoas atravessassem a fronteira dos EUA sem controle. \u201cMuitos provenientes de pris\u00f5es, institui\u00e7\u00f5es psiqui\u00e1tricas e um n\u00famero recorde de terroristas. Sofreremos muito por causa da sua presid\u00eancia, mas remediaremos muito rapidamente os danos que ele causou,\u201d acrescentou.<\/p>\n\n\n\n<p>A sa\u00fade e a capacidade cognitiva de Biden vinham sendo questionadas dentro e fora do partido dele. Alguns doadores haviam suspendido repasses financeiros \u00e0 campanha, como forma de pression\u00e1-lo a desistir.<\/p>\n\n\n\n<p>O an\u00fancio da desist\u00eancia foi\u00a0<strong>publicado<\/strong>\u00a0em uma rede social. \u201cAcredito que \u00e9 do interesse do meu partido e do pa\u00eds que eu me demita e me concentre apenas no cumprimento dos meus deveres como presidente durante o resto do meu mandato\u201d, afirma ele no comunicado, onde afirma que \u201cdar\u00e1 mais detalhes sobre a decis\u00e3o\u201d ainda esta semana.<\/p>\n\n\n\n<p>Minutos depois, Biden endossou Kamala Harris, vice-presidente do pa\u00eds, como candidata do Partido Democrata. \u201cHoje quero oferecer todo o meu apoio e endosso para que Kamala seja a indicada do nosso partido este ano. Democratas \u2013 \u00e9 hora de nos unirmos e derrotar Trump\u201d, afirmou\u00a0<strong>Biden na rede social<\/strong>.<\/p>\n\n\n\n<h3 class=\"wp-block-heading\">Candidatura questionada<\/h3>\n\n\n\n<p>A candidatura de Biden, que est\u00e1 com 81 anos, passou a ser questionada no fim de junho, quando ele se enrolou nas falas e n\u00e3o conseguiu completar frases durante um debate contra Trump. O pr\u00f3prio presidente admitiu que seu desempenho havia sido ruim, mas recha\u00e7ou abandonar a disputa.<\/p>\n\n\n\n<p>A c\u00fapula da Otan (Organiza\u00e7\u00e3o do Tratado do Atl\u00e2ntico Norte), em 11 de julho, poderia ser uma possibilidade para que ele revertesse a opini\u00e3o p\u00fablica sobre suas condi\u00e7\u00f5es cognitivas, mas o oposto aconteceu.<\/p>\n\n\n\n<p>Anfitri\u00e3o do evento, em Washington, Biden confundiu o nome do presidente da Ucr\u00e2nia, Volodymyr Zelensky, e o chamou de \u201cpresidente Putin\u201d, com o ucraniano ao seu lado no palco.<\/p>\n\n\n\n<p>Pouco depois disso, em uma entrevista, disse que havia escolhido sua\u00a0\u201cvice-presidente Trump\u201d, em vez de mencionar Kamala Harris.<\/p>\n\n\n\n<p>O jornal The New York Times noticiou recentemente que um neurologista especializado em dist\u00farbios de movimento, incluindo a doen\u00e7a de Parkinson, esteve na Casa Branca oito vezes em um per\u00edodo de oito meses.<\/p>\n\n\n\n<p>O governo americano, por\u00e9m, negou que essas visitas tivessem rela\u00e7\u00e3o com o presidente e disse que ele foi submetido a check-ups anuais desde que assumiu o cargo, sendo descartada em todos eles qualquer doen\u00e7a neurol\u00f3gica.<\/p>\n\n\n\n<p>O ex-presidente Barack Obama, at\u00e9 ent\u00e3o um defensor da candidatura de Biden, falou a aliados que ele deveria\u00a0\u201cconsiderar seriamente a viabilidade\u201d da perman\u00eancia na corrida, informou o jornal The Washington Post, na quinta-feira (18).<\/p>\n\n\n\n<p>Fonte R7<\/p>\n","protected":false},"excerpt":{"rendered":"<p>O candidato republicano tamb\u00e9m chamou o atual presidente de corrupto e disse que ele chegou \u00e0 Casa Branca gra\u00e7as a \u2018fake news\u2019 O ex-presidente dos Estados Unidos e atual candidato republicano \u00e0 Casa Branca,\u00a0Donald Trump, comentou neste domingo (21) a\u00a0desist\u00eancia de seu oponente, o democrata Joe Biden, de concorrer \u00e0 reelei\u00e7\u00e3o. O atual presidente de [&hellip;]<\/p>\n","protected":false},"author":8,"featured_media":23698,"comment_status":"closed","ping_status":"open","sticky":false,"template":"","format":"standard","meta":{"rop_custom_images_group":[],"rop_custom_messages_group":[],"rop_publish_now":"initial","rop_publish_now_accounts":[],"rop_publish_now_history":[],"rop_publish_now_status":"pending","footnotes":""},"categories":[212],"tags":[],"class_list":["post-23697","post","type-post","status-publish","format-standard","has-post-thumbnail","hentry","category-internacional"],"amp_enabled":true,"_links":{"self":[{"href":"https:\/\/imais.online\/portal\/wp-json\/wp\/v2\/posts\/23697","targetHints":{"allow":["GET"]}}],"collection":[{"href":"https:\/\/imais.online\/portal\/wp-json\/wp\/v2\/posts"}],"about":[{"href":"https:\/\/imais.online\/portal\/wp-json\/wp\/v2\/types\/post"}],"author":[{"embeddable":true,"href":"https:\/\/imais.online\/portal\/wp-json\/wp\/v2\/users\/8"}],"replies":[{"embeddable":true,"href":"https:\/\/imais.online\/portal\/wp-json\/wp\/v2\/comments?post=23697"}],"version-history":[{"count":1,"href":"https:\/\/imais.online\/portal\/wp-json\/wp\/v2\/posts\/23697\/revisions"}],"predecessor-version":[{"id":23699,"href":"https:\/\/imais.online\/portal\/wp-json\/wp\/v2\/posts\/23697\/revisions\/23699"}],"wp:featuredmedia":[{"embeddable":true,"href":"https:\/\/imais.online\/portal\/wp-json\/wp\/v2\/media\/23698"}],"wp:attachment":[{"href":"https:\/\/imais.online\/portal\/wp-json\/wp\/v2\/media?parent=23697"}],"wp:term":[{"taxonomy":"category","embeddable":true,"href":"https:\/\/imais.online\/portal\/wp-json\/wp\/v2\/categories?post=23697"},{"taxonomy":"post_tag","embeddable":true,"href":"https:\/\/imais.online\/portal\/wp-json\/wp\/v2\/tags?post=23697"}],"curies":[{"name":"wp","href":"https:\/\/api.w.org\/{rel}","templated":true}]}}