{"id":23709,"date":"2024-07-22T10:12:22","date_gmt":"2024-07-22T13:12:22","guid":{"rendered":"https:\/\/imais.online\/portal\/?p=23709"},"modified":"2024-07-22T10:12:23","modified_gmt":"2024-07-22T13:12:23","slug":"governo-detalha-nesta-segunda-areas-afetadas-por-congelamento-de-r-15-bilhoes","status":"publish","type":"post","link":"https:\/\/imais.online\/portal\/governo-detalha-nesta-segunda-areas-afetadas-por-congelamento-de-r-15-bilhoes\/","title":{"rendered":"Governo detalha nesta segunda \u00e1reas afetadas por congelamento de R$ 15 bilh\u00f5es"},"content":{"rendered":"<div class=\"imais-before-content-placement\" id=\"imais-103456987\"><script async src=\"\/\/pagead2.googlesyndication.com\/pagead\/js\/adsbygoogle.js?client=ca-pub-8787528412751566\" crossorigin=\"anonymous\"><\/script><ins class=\"adsbygoogle\" style=\"display:block;\" data-ad-client=\"ca-pub-8787528412751566\" \ndata-ad-slot=\"\" \ndata-ad-format=\"auto\"><\/ins>\n<script> \n(adsbygoogle = window.adsbygoogle || []).push({}); \n<\/script>\n<\/div>\n<h2 class=\"wp-block-heading\">Conten\u00e7\u00e3o ser\u00e1 dividida em duas partes, para seguir arcabou\u00e7o e respeitar meta de d\u00e9ficit zero, ou seja, gastos equivalentes \u00e0 arrecada\u00e7\u00e3o<\/h2>\n\n\n\n<p>O governo federal vai detalhar nesta segunda-feira (22) as \u00e1reas que ser\u00e3o afetadas pelo congelamento de R$ 15 bilh\u00f5es no Or\u00e7amento de 2024. A conten\u00e7\u00e3o, confirmada para\u00a0respeitar as novas regras fiscais, foi anunciada pelo ministro da Fazenda, Fernando Haddad,\u00a0na \u00faltima quinta-feira (18), depois de reuni\u00e3o da equipe econ\u00f4mica com o\u00a0presidente Luiz In\u00e1cio Lula da Silva. O detalhamento estar\u00e1 no Relat\u00f3rio de Avalia\u00e7\u00e3o de Receitas e Despesas Prim\u00e1rias do 3\u00ba bimestre, do Minist\u00e9rio do Planejamento e Or\u00e7amento, com divulga\u00e7\u00e3o marcada para \u00e0s 16h.<\/p>\n\n\n\n<p>O congelamento ser\u00e1 dividido em duas partes \u2014 bloqueio de R$ 11,2 bilh\u00f5es em despesas acima do valor permitido pelo arcabou\u00e7o fiscal e contingenciamento de R$ 3,8 bilh\u00f5es, isto \u00e9, como o governo n\u00e3o arrecadou o que esperava, parte dos gastos \u00e9 congelada para cumprir, at\u00e9 o fim do ano, a meta fiscal de d\u00e9ficit zero \u2014 ou seja, n\u00e3o gastar mais do que o arrecadado.<\/p>\n\n\n\n<p>No entanto, apesar do congelamento, o ano deve ser fechado com d\u00e9ficit fiscal \u2014 que n\u00e3o deve ultrapassar o intervalo previsto nas novas regras, de at\u00e9 0,25% do PIB (produto interno bruto), conforme destacou Haddad. \u201c[O d\u00e9ficit vai estar] dentro da banda\u201d, garantiu o ministro, ao frisar que a previs\u00e3o deficit\u00e1ria considera a falta de acordo em torno da compensa\u00e7\u00e3o arrecadat\u00f3ria da desonera\u00e7\u00e3o da folha de pagamento de 17 setores da economia e de pequenos munic\u00edpios.<\/p>\n\n\n\n<p>Os R$ 15 bilh\u00f5es foram separados para cumprir as defini\u00e7\u00f5es de cada termo. O governo precisa bloquear verbas quando as despesas obrigat\u00f3rias aumentam. Para evitar que o or\u00e7amento estoure, \u00e9 preciso controlar os gastos que n\u00e3o s\u00e3o essenciais. J\u00e1 o contingenciamento ocorre quando a administra\u00e7\u00e3o p\u00fablica arrecada menos dinheiro do que esperava, ent\u00e3o precisa reduzir ou adiar despesas para ajustar o or\u00e7amento.<\/p>\n\n\n\n<p>\u201cO bloqueio [ocorre] em virtude de um excesso de disp\u00eandio [gasto] acima dos 2,5% previstos no arcabou\u00e7o fiscal [acima da infla\u00e7\u00e3o]. O contingenciamento [\u00e9] em virtude da receita, particularmente em fun\u00e7\u00e3o do fato de que ainda n\u00e3o foram resolvidos os problemas pendentes junto ao Supremo Tribunal Federal e ao Senado [em rela\u00e7\u00e3o \u00e0 desonera\u00e7\u00e3o da folha e de pequenos munic\u00edpios]. Ent\u00e3o, tomamos a decis\u00e3o de j\u00e1 incorporar uma eventual perda para contemplar o arcabou\u00e7o fiscal dentro da banda prevista na LDO [lei de diretrizes or\u00e7ament\u00e1rias]\u201d, explicou Haddad, ao lado dos ministros Rui Costa (Casa Civil), Simone Tebet (Planejamento e Or\u00e7amento) e Esther Dweck (Gest\u00e3o e da Inova\u00e7\u00e3o em Servi\u00e7os P\u00fablicos).<\/p>\n\n\n\n<h3 class=\"wp-block-heading\">Execu\u00e7\u00e3o or\u00e7ament\u00e1ria do pr\u00f3ximo ano<\/h3>\n\n\n\n<p>No in\u00edcio do m\u00eas, Haddad anunciou corte de R$ 25,9 bilh\u00f5es em despesas obrigat\u00f3rias dos minist\u00e9rios para o Or\u00e7amento de 2025. \u00c0 \u00e9poca, o ministro afirmou que a determina\u00e7\u00e3o de Lula \u00e9 \u201cseguir o arcabou\u00e7o \u00e0 risca\u201d e adiantou que tamb\u00e9m poderia haver congelamento para a execu\u00e7\u00e3o or\u00e7ament\u00e1ria de 2024.<\/p>\n\n\n\n<p>\u201cA determina\u00e7\u00e3o \u00e9 que o arcabou\u00e7o seja preservado a todo custo\u201d, explicou Haddad. Na quinta (18), o ministro mencionou a determina\u00e7\u00e3o de seguir as regras fiscais \u201c\u00e0 risca\u201d feita por Lula e destacou que o valor de R$ 15 bilh\u00f5es \u00e9 suficiente para cumprir a ordem do presidente.<\/p>\n\n\n\n<p>Lula tem\u00a0refor\u00e7ado o compromisso do Executivo em obedecer \u00e0 meta fiscal em diversas falas nas \u00faltimas semanas.\u00a0A mudan\u00e7a de comportamento ocorreu depois das\u00a0revis\u00f5es que a equipe econ\u00f4mica do governo tem feito sobre o gasto p\u00fablico\u00a0e da rea\u00e7\u00e3o do mercado \u00e0s\u00a0cr\u00edticas do petista direcionadas ao presidente do Banco Central, Roberto Campos Neto, \u2014 que derrubaram a bolsa brasileira e\u00a0fizeram o d\u00f3lar disparar, em junho.<\/p>\n\n\n\n<p>Fonte R7<\/p>\n","protected":false},"excerpt":{"rendered":"<p>Conten\u00e7\u00e3o ser\u00e1 dividida em duas partes, para seguir arcabou\u00e7o e respeitar meta de d\u00e9ficit zero, ou seja, gastos equivalentes \u00e0 arrecada\u00e7\u00e3o O governo federal vai detalhar nesta segunda-feira (22) as \u00e1reas que ser\u00e3o afetadas pelo congelamento de R$ 15 bilh\u00f5es no Or\u00e7amento de 2024. A conten\u00e7\u00e3o, confirmada para\u00a0respeitar as novas regras fiscais, foi anunciada pelo [&hellip;]<\/p>\n","protected":false},"author":8,"featured_media":23710,"comment_status":"closed","ping_status":"open","sticky":false,"template":"","format":"standard","meta":{"rop_custom_images_group":[],"rop_custom_messages_group":[],"rop_publish_now":"initial","rop_publish_now_accounts":[],"rop_publish_now_history":[],"rop_publish_now_status":"pending","footnotes":""},"categories":[192],"tags":[73],"class_list":["post-23709","post","type-post","status-publish","format-standard","has-post-thumbnail","hentry","category-economia","tag-featured"],"amp_enabled":true,"_links":{"self":[{"href":"https:\/\/imais.online\/portal\/wp-json\/wp\/v2\/posts\/23709","targetHints":{"allow":["GET"]}}],"collection":[{"href":"https:\/\/imais.online\/portal\/wp-json\/wp\/v2\/posts"}],"about":[{"href":"https:\/\/imais.online\/portal\/wp-json\/wp\/v2\/types\/post"}],"author":[{"embeddable":true,"href":"https:\/\/imais.online\/portal\/wp-json\/wp\/v2\/users\/8"}],"replies":[{"embeddable":true,"href":"https:\/\/imais.online\/portal\/wp-json\/wp\/v2\/comments?post=23709"}],"version-history":[{"count":1,"href":"https:\/\/imais.online\/portal\/wp-json\/wp\/v2\/posts\/23709\/revisions"}],"predecessor-version":[{"id":23711,"href":"https:\/\/imais.online\/portal\/wp-json\/wp\/v2\/posts\/23709\/revisions\/23711"}],"wp:featuredmedia":[{"embeddable":true,"href":"https:\/\/imais.online\/portal\/wp-json\/wp\/v2\/media\/23710"}],"wp:attachment":[{"href":"https:\/\/imais.online\/portal\/wp-json\/wp\/v2\/media?parent=23709"}],"wp:term":[{"taxonomy":"category","embeddable":true,"href":"https:\/\/imais.online\/portal\/wp-json\/wp\/v2\/categories?post=23709"},{"taxonomy":"post_tag","embeddable":true,"href":"https:\/\/imais.online\/portal\/wp-json\/wp\/v2\/tags?post=23709"}],"curies":[{"name":"wp","href":"https:\/\/api.w.org\/{rel}","templated":true}]}}