{"id":23727,"date":"2024-07-23T15:29:35","date_gmt":"2024-07-23T18:29:35","guid":{"rendered":"https:\/\/imais.online\/portal\/?p=23727"},"modified":"2024-07-23T15:29:36","modified_gmt":"2024-07-23T18:29:36","slug":"crianca-de-4-anos-foi-morta-apos-ouvir-gritos-da-mae-sendo-assassinada-no-quintal-de-casa-na-serra","status":"publish","type":"post","link":"https:\/\/imais.online\/portal\/crianca-de-4-anos-foi-morta-apos-ouvir-gritos-da-mae-sendo-assassinada-no-quintal-de-casa-na-serra\/","title":{"rendered":"Crian\u00e7a de 4 anos foi morta ap\u00f3s ouvir gritos da m\u00e3e sendo assassinada no quintal de casa, na Serra"},"content":{"rendered":"<div class=\"imais-before-content-placement\" id=\"imais-2604485484\"><script async src=\"\/\/pagead2.googlesyndication.com\/pagead\/js\/adsbygoogle.js?client=ca-pub-8787528412751566\" crossorigin=\"anonymous\"><\/script><ins class=\"adsbygoogle\" style=\"display:block;\" data-ad-client=\"ca-pub-8787528412751566\" \ndata-ad-slot=\"\" \ndata-ad-format=\"auto\"><\/ins>\n<script> \n(adsbygoogle = window.adsbygoogle || []).push({}); \n<\/script>\n<\/div>\n<h2 class=\"wp-block-heading\">Priscila dos Santos Deambr\u00f3sio, de 36 anos, e Higor Gabriel Deambr\u00f3sio, de 4 anos, foram encontrados mortos na varanda de casa. Motivo do crime foi d\u00edvida de R$ 10 mil, segundo pol\u00edcia.<\/h2>\n\n\n\n<p>O menino Higor Gabriel Deambr\u00f3sio, de 4 anos, foi atingido por marretadas e morto ap\u00f3s ouvir os gritos de socorro da m\u00e3e, enquanto ela estava sendo assassinada no quintal de casa, no bairro Nova Carapina I, na cidade de Serra, na Grande Vit\u00f3ria. A crian\u00e7a e a m\u00e3e, Priscila dos Santos Deambr\u00f3sio, de 36 anos, foram mortos por um casal. O motivo foi<a class=\"\" href=\"https:\/\/g1.globo.com\/es\/espirito-santo\/noticia\/2024\/07\/22\/casal-mata-agiota-e-filho-de-4-anos-com-marretadas-na-serra-para-nao-pagar-divida.ghtml\">\u00a0uma d\u00edvida de R$ 10 mil<\/a>.<\/p>\n\n\n\n<p>Ricardo Elias Santana, de 45 anos, teria planejado o assassinato com Iavelina Noemia de Oliveira, de 35 anos, que seria sua amante. Os dois tinham pedido um empr\u00e9stimo a Priscila, que, segundo a Pol\u00edcia Civil, era agiota. Para n\u00e3o pagar o valor que deviam, os criminosos resolveram matar a mulher.\u00a0<a class=\"\" href=\"https:\/\/g1.globo.com\/es\/espirito-santo\/noticia\/2024\/07\/20\/suspeitos-de-matar-mae-e-filho-em-varanda-de-casa-sao-presos-no-es-veja-video.ghtml\">O casal foi preso na sexta-feira (19).<\/a><\/p>\n\n\n\n<p>As investiga\u00e7\u00f5es apontaram que a crian\u00e7a, inicialmente, n\u00e3o seria um alvo da dupla.\u00a0A delegada-adjunta da Divis\u00e3o Especializada de Homic\u00eddios e Prote\u00e7\u00e3o \u00e0 Mulher (DHPM), Fernanda Diniz, explicou que Iavelina ficou dentro de casa com o menino, enquanto Ricardo foi para o quintal do im\u00f3vel com Priscila para mat\u00e1-la.<\/p>\n\n\n\n<figure class=\"wp-block-image\"><img decoding=\"async\" src=\"https:\/\/s2-g1.glbimg.com\/m5h-2SqD-9eqbZNpsy557ZPhbaE=\/0x0:1920x1080\/984x0\/smart\/filters:strip_icc()\/i.s3.glbimg.com\/v1\/AUTH_59edd422c0c84a879bd37670ae4f538a\/internal_photos\/bs\/2024\/I\/v\/R6DKDzSAOzFpMym19CwQ\/copia-de-thumb-videos-18-.jpg\" alt=\"Ricardo Elias Santana, 45 anos, e Iavelina mataram m\u00e3e e filho a marretadas na Serra, Esp\u00edrito Santo, conclui pol\u00edcia \u2014 Foto: Divulga\u00e7\u00e3o\"\/><\/figure>\n\n\n\n<p class=\"has-small-font-size\">Ricardo Elias Santana, 45 anos, e Iavelina mataram m\u00e3e e filho a marretadas na Serra, Esp\u00edrito Santo, conclui pol\u00edcia \u2014 Foto: Divulga\u00e7\u00e3o<\/p>\n\n\n\n<p>No momento em que come\u00e7ou a ouvir o pedido de ajuda, Higor Gabriel correu em dire\u00e7\u00e3o \u00e0 m\u00e3e. Segundo apontou a Pol\u00edcia Civil, Ricardo e Iavelina eram amigos da fam\u00edlia de Priscila.<\/p>\n\n\n\n<blockquote class=\"wp-block-quote is-layout-flow wp-block-quote-is-layout-flow\">\n<p>&#8220;A crian\u00e7a foi para a parte externa da casa e, vendo a m\u00e3e j\u00e1 sendo agredida, correu em dire\u00e7\u00e3o ao suspeito suplicando para que ele parasse. Ent\u00e3o, foi dada uma martelada na cabe\u00e7a da crian\u00e7a, justamente porque ela reconheceria eles nas investiga\u00e7\u00f5es&#8221;, explicou a delegada.<\/p>\n<\/blockquote>\n\n\n\n<p>Ap\u00f3s matar m\u00e3e e filho, Ricardo deixou um bilhete embaixo do corpo da mulher, para levar a pol\u00edcia \u00e0 outra linha de investiga\u00e7\u00e3o. A pol\u00edcia n\u00e3o divulgou o conte\u00fado do bilhete. Os criminosos tamb\u00e9m levaram celulares, joias e dinheiro da v\u00edtima.<\/p>\n\n\n\n<p>Ainda de acordo com a pol\u00edcia,\u00a0Ricardo e Iavelina respondem por outros dois assassinatos e uma tentativa de homic\u00eddio. Os dois foram presos em 19 de julho, em uma casa tamb\u00e9m em Nova Carapina I. No local, a marreta usada nos crimes foi apreendida.<\/p>\n\n\n\n<h2 class=\"wp-block-heading\">O crime<\/h2>\n\n\n\n<p>O duplo assassinato ocorreu em 15 de julho.&nbsp;<a class=\"\" href=\"https:\/\/g1.globo.com\/es\/espirito-santo\/noticia\/2024\/07\/15\/mae-e-filho-de-4-anos-sao-encontrados-mortos-em-varanda-de-casa-na-serra-es.ghtml\"><strong>Os corpos de Priscila e Higor Gabriel foram encontrados&nbsp;<\/strong><\/a>pelo marido da mulher e pai da crian\u00e7a cobertos de sangue na varanda da casa<strong>.<\/strong><\/p>\n\n\n\n<p>Inicialmente, a Pol\u00edcia Militar n\u00e3o conseguiu identificar o tipo de objeto utilizado para cometer os crimes. No entanto, os militares relataram que o menino apresentava ind\u00edcios de que foi agredido at\u00e9 a morte.<\/p>\n\n\n\n<p>Quatro dias ap\u00f3s o crime, na noite de 19 de julho, a pol\u00edcia prendeu Ricardo Elias Santana, suspeito de planejar o assassinato com a amante, Iavelina Noemia de Oliveira.<\/p>\n\n\n\n<p>Ricardo foi encaminhado para o Centro de Triagem de Viana; enquanto Iavelina Noemia de Oliveira foi para o Cento Prisional Feminino de Cariacica.<\/p>\n\n\n\n<figure class=\"wp-block-image\"><img decoding=\"async\" src=\"https:\/\/s2-g1.glbimg.com\/WTWGJrf9evjiH6s8C2cbENr8Yp4=\/0x0:856x483\/984x0\/smart\/filters:strip_icc()\/i.s3.glbimg.com\/v1\/AUTH_59edd422c0c84a879bd37670ae4f538a\/internal_photos\/bs\/2024\/s\/j\/ejG24bTvuHpIcLyua5gA\/whatsapp-image-2024-07-22-at-13.36.16.jpeg\" alt=\"Marreta utilizada para matar m\u00e3e e filho na Serra, Esp\u00edrito Santo \u2014 Foto: Divulga\u00e7\u00e3o\/PC\"\/><\/figure>\n\n\n\n<p class=\"has-small-font-size\">Marreta utilizada para matar m\u00e3e e filho na Serra, Esp\u00edrito Santo \u2014 Foto: Divulga\u00e7\u00e3o\/PC<\/p>\n\n\n\n<p>Fonte G1<\/p>\n","protected":false},"excerpt":{"rendered":"<p>Priscila dos Santos Deambr\u00f3sio, de 36 anos, e Higor Gabriel Deambr\u00f3sio, de 4 anos, foram encontrados mortos na varanda de casa. Motivo do crime foi d\u00edvida de R$ 10 mil, segundo pol\u00edcia. O menino Higor Gabriel Deambr\u00f3sio, de 4 anos, foi atingido por marretadas e morto ap\u00f3s ouvir os gritos de socorro da m\u00e3e, enquanto [&hellip;]<\/p>\n","protected":false},"author":8,"featured_media":23728,"comment_status":"closed","ping_status":"open","sticky":false,"template":"","format":"standard","meta":{"rop_custom_images_group":[],"rop_custom_messages_group":[],"rop_publish_now":"initial","rop_publish_now_accounts":[],"rop_publish_now_history":[],"rop_publish_now_status":"pending","footnotes":""},"categories":[199],"tags":[],"class_list":["post-23727","post","type-post","status-publish","format-standard","has-post-thumbnail","hentry","category-policia"],"amp_enabled":true,"_links":{"self":[{"href":"https:\/\/imais.online\/portal\/wp-json\/wp\/v2\/posts\/23727","targetHints":{"allow":["GET"]}}],"collection":[{"href":"https:\/\/imais.online\/portal\/wp-json\/wp\/v2\/posts"}],"about":[{"href":"https:\/\/imais.online\/portal\/wp-json\/wp\/v2\/types\/post"}],"author":[{"embeddable":true,"href":"https:\/\/imais.online\/portal\/wp-json\/wp\/v2\/users\/8"}],"replies":[{"embeddable":true,"href":"https:\/\/imais.online\/portal\/wp-json\/wp\/v2\/comments?post=23727"}],"version-history":[{"count":1,"href":"https:\/\/imais.online\/portal\/wp-json\/wp\/v2\/posts\/23727\/revisions"}],"predecessor-version":[{"id":23729,"href":"https:\/\/imais.online\/portal\/wp-json\/wp\/v2\/posts\/23727\/revisions\/23729"}],"wp:featuredmedia":[{"embeddable":true,"href":"https:\/\/imais.online\/portal\/wp-json\/wp\/v2\/media\/23728"}],"wp:attachment":[{"href":"https:\/\/imais.online\/portal\/wp-json\/wp\/v2\/media?parent=23727"}],"wp:term":[{"taxonomy":"category","embeddable":true,"href":"https:\/\/imais.online\/portal\/wp-json\/wp\/v2\/categories?post=23727"},{"taxonomy":"post_tag","embeddable":true,"href":"https:\/\/imais.online\/portal\/wp-json\/wp\/v2\/tags?post=23727"}],"curies":[{"name":"wp","href":"https:\/\/api.w.org\/{rel}","templated":true}]}}