{"id":23736,"date":"2024-07-23T15:46:41","date_gmt":"2024-07-23T18:46:41","guid":{"rendered":"https:\/\/imais.online\/portal\/?p=23736"},"modified":"2024-07-23T15:46:42","modified_gmt":"2024-07-23T18:46:42","slug":"principal-aeroporto-da-sicilia-fecha-por-causa-de-erupcao-do-etna","status":"publish","type":"post","link":"https:\/\/imais.online\/portal\/principal-aeroporto-da-sicilia-fecha-por-causa-de-erupcao-do-etna\/","title":{"rendered":"Principal aeroporto da Sic\u00edlia fecha por causa de erup\u00e7\u00e3o do Etna"},"content":{"rendered":"<div class=\"imais-before-content-placement\" id=\"imais-2939978006\"><script async src=\"\/\/pagead2.googlesyndication.com\/pagead\/js\/adsbygoogle.js?client=ca-pub-8787528412751566\" crossorigin=\"anonymous\"><\/script><ins class=\"adsbygoogle\" style=\"display:block;\" data-ad-client=\"ca-pub-8787528412751566\" \ndata-ad-slot=\"\" \ndata-ad-format=\"auto\"><\/ins>\n<script> \n(adsbygoogle = window.adsbygoogle || []).push({}); \n<\/script>\n<\/div>\n<p><strong>Coluna de cinzas chegou a uma altitude de 8 quil\u00f4metros<\/strong><\/p>\n\n\n\n<p>O aeroporto de Cat\u00e2nia, na Sic\u00edlia, suspendeu, nesta ter\u00e7a-feira (23), suas opera\u00e7\u00f5es devido \u00e0 erup\u00e7\u00e3o do Etna, o maior vulc\u00e3o ativo da Europa, cujas cinzas invadiram o espa\u00e7o a\u00e9reo.<\/p>\n\n\n\n<p>&#8220;Etna: devido \u00e0s erup\u00e7\u00f5es e \u00e0s emiss\u00f5es de cinzas, decidiu-se pela suspens\u00e3o das opera\u00e7\u00f5es de voo&#8221;, indicou o gerente do aeroporto na rede X.<\/p>\n\n\n\n<p>A mensagem veio acompanhada de uma foto do Etna indicando &#8220;atividade vulc\u00e2nica em curso, alta intensidade&#8221;.<\/p>\n\n\n\n<p>O Instituto Nacional de Geof\u00edsica e Vulcanologia (INGV) informou inicialmente nesta ter\u00e7a sobre uma coluna de cinzas a uma altitude de 8 quil\u00f4metros e mais tarde explicou que as emiss\u00f5es de cinzas est\u00e3o agora limitadas acima do vulc\u00e3o.<\/p>\n\n\n\n<p>Milh\u00f5es de passageiros transitam todos os anos pelo aeroporto internacional de Cat\u00e2nia, que oferece servi\u00e7o \u00e0 parte oriental da Sic\u00edlia, um dos destinos tur\u00edsticos mais populares da It\u00e1lia.<\/p>\n\n\n\n<p>Fonte Correio do Povo<\/p>\n","protected":false},"excerpt":{"rendered":"<p>Coluna de cinzas chegou a uma altitude de 8 quil\u00f4metros O aeroporto de Cat\u00e2nia, na Sic\u00edlia, suspendeu, nesta ter\u00e7a-feira (23), suas opera\u00e7\u00f5es devido \u00e0 erup\u00e7\u00e3o do Etna, o maior vulc\u00e3o ativo da Europa, cujas cinzas invadiram o espa\u00e7o a\u00e9reo. &#8220;Etna: devido \u00e0s erup\u00e7\u00f5es e \u00e0s emiss\u00f5es de cinzas, decidiu-se pela suspens\u00e3o das opera\u00e7\u00f5es de voo&#8221;, [&hellip;]<\/p>\n","protected":false},"author":8,"featured_media":23737,"comment_status":"closed","ping_status":"open","sticky":false,"template":"","format":"standard","meta":{"rop_custom_images_group":[],"rop_custom_messages_group":[],"rop_publish_now":"initial","rop_publish_now_accounts":[],"rop_publish_now_history":[],"rop_publish_now_status":"pending","footnotes":""},"categories":[212],"tags":[],"class_list":["post-23736","post","type-post","status-publish","format-standard","has-post-thumbnail","hentry","category-internacional"],"amp_enabled":true,"_links":{"self":[{"href":"https:\/\/imais.online\/portal\/wp-json\/wp\/v2\/posts\/23736","targetHints":{"allow":["GET"]}}],"collection":[{"href":"https:\/\/imais.online\/portal\/wp-json\/wp\/v2\/posts"}],"about":[{"href":"https:\/\/imais.online\/portal\/wp-json\/wp\/v2\/types\/post"}],"author":[{"embeddable":true,"href":"https:\/\/imais.online\/portal\/wp-json\/wp\/v2\/users\/8"}],"replies":[{"embeddable":true,"href":"https:\/\/imais.online\/portal\/wp-json\/wp\/v2\/comments?post=23736"}],"version-history":[{"count":1,"href":"https:\/\/imais.online\/portal\/wp-json\/wp\/v2\/posts\/23736\/revisions"}],"predecessor-version":[{"id":23738,"href":"https:\/\/imais.online\/portal\/wp-json\/wp\/v2\/posts\/23736\/revisions\/23738"}],"wp:featuredmedia":[{"embeddable":true,"href":"https:\/\/imais.online\/portal\/wp-json\/wp\/v2\/media\/23737"}],"wp:attachment":[{"href":"https:\/\/imais.online\/portal\/wp-json\/wp\/v2\/media?parent=23736"}],"wp:term":[{"taxonomy":"category","embeddable":true,"href":"https:\/\/imais.online\/portal\/wp-json\/wp\/v2\/categories?post=23736"},{"taxonomy":"post_tag","embeddable":true,"href":"https:\/\/imais.online\/portal\/wp-json\/wp\/v2\/tags?post=23736"}],"curies":[{"name":"wp","href":"https:\/\/api.w.org\/{rel}","templated":true}]}}