{"id":23748,"date":"2024-07-24T10:10:06","date_gmt":"2024-07-24T13:10:06","guid":{"rendered":"https:\/\/imais.online\/portal\/?p=23748"},"modified":"2024-07-24T10:10:07","modified_gmt":"2024-07-24T13:10:07","slug":"mais-venezuelanos-prometem-deixar-o-pais-se-maduro-vencer-as-eleicoes","status":"publish","type":"post","link":"https:\/\/imais.online\/portal\/mais-venezuelanos-prometem-deixar-o-pais-se-maduro-vencer-as-eleicoes\/","title":{"rendered":"Mais venezuelanos prometem deixar o pa\u00eds se Maduro vencer as elei\u00e7\u00f5es"},"content":{"rendered":"<div class=\"imais-before-content-placement\" id=\"imais-1120556806\"><script async src=\"\/\/pagead2.googlesyndication.com\/pagead\/js\/adsbygoogle.js?client=ca-pub-8787528412751566\" crossorigin=\"anonymous\"><\/script><ins class=\"adsbygoogle\" style=\"display:block;\" data-ad-client=\"ca-pub-8787528412751566\" \ndata-ad-slot=\"\" \ndata-ad-format=\"auto\"><\/ins>\n<script> \n(adsbygoogle = window.adsbygoogle || []).push({}); \n<\/script>\n<\/div>\n<h2 class=\"wp-block-heading\">Dados da ONU indicam que cerca de 25% da popula\u00e7\u00e3o da Venezuela j\u00e1 migrou para o exterior<\/h2>\n\n\n\n<p>Uma jovem ativista de oposi\u00e7\u00e3o que planeja atravessar sete pa\u00edses e um trecho perigoso de selva a p\u00e9 para chegar aos EUA. Um jornalista pronto para abandonar tudo e construir vida nova no exterior. Uma advogada sexagen\u00e1ria com medo de que a \u00faltima filha esteja prestes a partir.<\/p>\n\n\n\n<p>Para milhares de venezuelanos, a decis\u00e3o de ir embora ou n\u00e3o depende de uma \u00fanica data: 28 de julho, dia em que o pa\u00eds ir\u00e1 \u00e0s urnas para definir uma elei\u00e7\u00e3o presidencial de alto risco. Se Nicol\u00e1s Maduro,\u00a0<u><strong>l\u00edder autorit\u00e1rio atual<\/strong><\/u>, declarar vit\u00f3ria, eles dizem que n\u00e3o ficam; se o candidato da oposi\u00e7\u00e3o levar a melhor, permanecer\u00e3o. \u201cTodo mundo est\u00e1 dizendo a mesma coisa, que se Maduro ganhar a debandada vai ser geral\u201d, conta Leonela Colmenares, a militante de 28 anos.<\/p>\n\n\n\n<p><strong>Na verdade, segundo a ONU, cerca de 25% da popula\u00e7\u00e3o j\u00e1 partiu: s\u00e3o quase oito milh\u00f5es vivendo no exterior, gerando com isso uma das maiores crises migrat\u00f3rias do mundo.<\/strong><\/p>\n\n\n\n<p>At\u00e9 agora, Maduro mostrou pouco interesse em deixar o poder, independentemente do resultado do pleito. Chegou mesmo a alertar, em com\u00edcio promovido dias atr\u00e1s, que a Venezuela mergulhar\u00e1 \u201cem um banho de sangue, em uma guerra civil fratricida\u201d se ele n\u00e3o ganhar.<\/p>\n\n\n\n<p>H\u00e1 v\u00e1rios anos, esse ex\u00edlio venezuelano separa familiares e rouba os talentos do pa\u00eds, al\u00e9m de representar um desafio imenso para Joe Biden, que teve de lidar com n\u00edveis recordes de imigra\u00e7\u00e3o durante seu governo \u2013 ainda que, devido \u00e0s iniciativas que implantou para desencorajar os pedidos de asilo na fronteira meridional, as entradas ilegais tenham ca\u00eddo ao longo dos \u00faltimos meses.<\/p>\n\n\n\n<figure class=\"wp-block-image\"><img decoding=\"async\" src=\"https:\/\/newr7-r7-prod.web.arc-cdn.net\/resizer\/v2\/TLZOJPNTRRDOHNBT4IAARYRKTU.jpg?auth=86313a10ddfd3fb0c6d3ff383976cb3ecd8ac2288ed4697752e97b7a139f17d2&amp;width=3000&amp;height=2000\" alt=\"\"\/><figcaption class=\"wp-element-caption\">A l\u00edder de oposi\u00e7\u00e3o Mar\u00eda Corina Machado, durante evento de campanha, em CaracasAdriana Loureiro Fernandez\/The New York Times &#8211; 04.07.2024<\/figcaption><\/figure>\n\n\n\n<p>Entretanto, agosto, setembro e outubro j\u00e1 tradicionalmente representam os meses mais movimentados na Regi\u00e3o de Dari\u00e9n, perigoso trecho de selva entre a Col\u00f4mbia e o Panam\u00e1 que se tornou uma das rotas migrat\u00f3rias mais movimentadas do mundo. \u00c9 claro que nem todos os venezuelanos ir\u00e3o para os EUA, e nem todos que chegam ao pa\u00eds o fazem pela fronteira do sul, mas qualquer aumento significativo no n\u00famero de estrangeiros ser\u00e1 um teste e tanto para os democratas antes da elei\u00e7\u00e3o.<\/p>\n\n\n\n<p><strong>Os venezuelanos que chegaram \u00e0s terras norte-americanas nos \u00faltimos anos lotam os abrigos de Nova York e comprometem o or\u00e7amento de cidades como Denver,<\/strong>&nbsp;mas a sa\u00edda em massa vem sendo mais sentida na pr\u00f3pria Venezuela, que continua perdendo professores, m\u00e9dicos e engenheiros, sem contar os familiares que se espalharam pelo mundo.<\/p>\n\n\n\n<p>Alguns que ficaram decidiram n\u00e3o sair porque acharam que poderiam promover mudan\u00e7as ou ajudar a na\u00e7\u00e3o; agora, depois de anos de protestos, um governo autocrata inflex\u00edvel e v\u00e1rios l\u00edderes oposicionistas que prometeram derrotar Maduro sem sucesso, eles dizem que esta elei\u00e7\u00e3o \u00e9 sua \u00faltima esperan\u00e7a.<\/p>\n\n\n\n<h3 class=\"wp-block-heading\">Pris\u00e3o de dissidentes<\/h3>\n\n\n\n<p><strong>N\u00e3o \u00e9 s\u00f3 a crise econ\u00f4mica arrasadora \u2013 agravada pela m\u00e1 administra\u00e7\u00e3o do governo e exacerbada pelas san\u00e7\u00f5es norte-americanas \u2013 que vem durando h\u00e1 mais de uma d\u00e9cada.<\/strong>\u00a0De uns meses para c\u00e1, o governo tamb\u00e9m tem aumentado as deten\u00e7\u00f5es de pessoas vistas como dissidentes, gerando temores de que a persegui\u00e7\u00e3o s\u00f3 fa\u00e7a aumentar se Maduro continuar no poder. Segundo o grupo de monitoramento Criminal Forum, h\u00e1 quase 300 prisioneiros pol\u00edticos nas m\u00e3os das autoridades. \u201cFiz tudo o que podia pelo meu pa\u00eds, n\u00e3o tenho condi\u00e7\u00f5es de ser preso por fazer meu trabalho\u201d, desabafa Jes\u00fas Zambrano, jornalista de 32 anos que est\u00e1 pensando em se mudar para a Alemanha.<\/p>\n\n\n\n<p><strong>Uma pesquisa feita pela empresa ORC Consultants em junho sugere que at\u00e9 um ter\u00e7o dos venezuelanos est\u00e1 pensando na possibilidade de partir se o governo atual permanecer no poder<\/strong>; destes, metade disse que o faria at\u00e9 seis meses depois da elei\u00e7\u00e3o de 28 de julho. J\u00e1 os analistas duvidam que o \u00eaxodo seja t\u00e3o grande ou ocorra t\u00e3o rapidamente; de qualquer forma, a imigra\u00e7\u00e3o \u00e9 uma quest\u00e3o que vai al\u00e9m dos limites socioecon\u00f4micos e pol\u00edticos, unindo um povo separado pela dist\u00e2ncia em um desejo coletivo de reunifica\u00e7\u00e3o. E se tornou um dos temas principais da elei\u00e7\u00e3o deste m\u00eas.<\/p>\n\n\n\n<p>A grande l\u00edder oposicionista \u00e9 Mar\u00eda Corina Machado, ex-parlamentar cuja principal mensagem \u00e9 a promessa de permitir que os venezuelanos voltem para casa, restaurando a democracia e recolocando a economia nos eixos. \u201cEsta luta \u00e9 para que voc\u00eas voltem!\u201d, gritou ela em um com\u00edcio na cidade de Matur\u00edn, onde uma mulher no meio da multid\u00e3o ficou o tempo todo com o bra\u00e7o erguido e o celular na m\u00e3o para que a filha, que vive em um pa\u00eds distante, pudesse ouvir.<\/p>\n\n\n\n<p>Acontece que Machado foi proibida de disputar a elei\u00e7\u00e3o e, por isso, seu nome n\u00e3o est\u00e1 na c\u00e9dula; sua coaliz\u00e3o optou por um representante na chapa, Edmundo Gonz\u00e1lez. Mesmo assim, ela sai em campanha pelo ex-diplomata, em eventos nos quais investe em uma presen\u00e7a quase religiosa, geralmente vestida de branco, com um crucifixo \u00e0 volta do pesco\u00e7o, abra\u00e7ando os apoiadores que n\u00e3o param de repetir seu nome aonde quer que v\u00e1. A chapa oposicionista investe em v\u00eddeos que mostram venezuelanos emocionados, desesperados por uma vit\u00f3ria da dupla, para poderem ter os familiares de volta. \u201cForam todos embora! Todos meus parentes!\u201d, gritou uma jovem para a c\u00e2mera em um evento pol\u00edtico recente, a voz tr\u00eamula carregada de tristeza. \u201cOnde est\u00e3o?\u201d, perguntou o cinegrafista. \u201cNos EUA, no Peru, no Equador, na Col\u00f4mbia&#8230; Estou cansada disso\u201d, ela desabafou, engolindo o choro.<\/p>\n\n\n\n<p>De uns anos para c\u00e1, as fotos de venezuelanos exaustos seguindo a p\u00e9 pela mata perigosa da Regi\u00e3o de Dari\u00e9n para chegar aos EUA come\u00e7aram a expor os problemas do pa\u00eds para o mundo. Entretanto, h\u00e1 tempos Maduro joga a culpa pela imigra\u00e7\u00e3o em massa nas san\u00e7\u00f5es impostas por aquele pa\u00eds, sendo as mais severas de 2019, sobre o setor petrol\u00edfero. Consciente do s\u00e9rio desafio eleitoral que enfrenta, passou a mencionar a di\u00e1spora com mais frequ\u00eancia, n\u00e3o s\u00f3 responsabilizando os norte-americanos como fazendo um apelo para que os conterr\u00e2neos voltem para casa.<\/p>\n\n\n\n<figure class=\"wp-block-image\"><img decoding=\"async\" src=\"https:\/\/newr7-r7-prod.web.arc-cdn.net\/resizer\/v2\/HMIN4BRAFFEUBCJZJV77E7535E.jpg?auth=dc879847c5b3eb1c73923c64d785c2915d9d133008e215c6364c6579c5d4cff2&amp;width=3340&amp;height=2227\" alt=\"\"\/><figcaption class=\"wp-element-caption\">A ativista da oposi\u00e7\u00e3o Leonela Colmenares mostrando como a vota\u00e7\u00e3o deve ser feita na c\u00e9dulaAdriana Loureiro Fernandez\/The New York Times &#8211; 28.06.2024<\/figcaption><\/figure>\n\n\n\n<p>Em junho, afirmou na TV que um novo programa, chamado A Grandiosa Miss\u00e3o do Retorno \u00e0 P\u00e1tria, oferecer\u00e1 aos exilados uma \u201cprote\u00e7\u00e3o socioecon\u00f4mica abrangente que s\u00f3 a revolu\u00e7\u00e3o bolivariana (seu movimento socialista), humanista e crist\u00e3, pode proporcionar\u201d. S\u00f3 que n\u00e3o deu detalhes concretos. \u201cA Venezuela est\u00e1 de volta em grande estilo!\u201d, garantiu.<\/p>\n\n\n\n<h3 class=\"wp-block-heading\">Poss\u00edvel mudan\u00e7a<\/h3>\n\n\n\n<p>Colmenares, a ativista de 28 anos, pede uma mudan\u00e7a de governo desde os 15. Ajudou a fundar um partido chamado Vontade Popular, e passou anos protestando contra tudo, desde os servi\u00e7os p\u00fablicos falidos at\u00e9 a pris\u00e3o de colegas militantes. Come\u00e7ou e parou a faculdade v\u00e1rias vezes, quase sempre por falta de condi\u00e7\u00f5es de pagar a mensalidade; tentou imigrar para a vizinha Col\u00f4mbia, onde trabalhou como gar\u00e7onete e disse que mal ganhava para comer.<\/p>\n\n\n\n<figure class=\"wp-block-image\"><img decoding=\"async\" src=\"https:\/\/newr7-r7-prod.web.arc-cdn.net\/resizer\/v2\/755JNWKKU5FIFCDXCAXWZZYNIM.jpg?auth=c0558d22d9dbabaccc2bff2c546d395813ac384953a1e7b1a72786f1d0eb3f0d&amp;width=3000&amp;height=2000\" alt=\"\"\/><figcaption class=\"wp-element-caption\">&#8216;A debandada vai ser geral&#8217;, diz a opositora Leonela ColmenaresAdriana Loureiro Fernandez\/The New York Times &#8211; 28.06.2024&#8242;<\/figcaption><\/figure>\n\n\n\n<p>Agora \u00e9 ela que tem de sustentar os pais, ambos com problemas de sa\u00fade. Trabalha na administra\u00e7\u00e3o de uma universidade, vende doces e transformou o carro em t\u00e1xi informal \u2013 e, apesar de tudo isso, n\u00e3o consegue pagar os rem\u00e9dios da m\u00e3e.<\/p>\n\n\n\n<p>Como muitos jovens, ela est\u00e1 dedicando toda a sua energia \u00e0 campanha de Gonz\u00e1lez-Machado, mas, se Maduro conquistar mais um mandato de seis anos, pretende voltar \u00e0 Col\u00f4mbia, para dali atravessar o Dari\u00e9n, a Am\u00e9rica Central e o M\u00e9xico para chegar \u00e0 fronteira dos EUA, onde quer pedir asilo. Chegou at\u00e9 a pensar em se inscrever no programa de entrada legal conhecido como \u201ccondicional\u201d, mas precisaria ter algu\u00e9m l\u00e1 para patrocin\u00e1-la. \u201cN\u00e3o tenho ningu\u00e9m l\u00e1 que possa me bancar, e, mesmo que tivesse, o pedido pode levar meses, anos, para ser aprovado \u2013 ou n\u00e3o ser\u201d, resumiu.<\/p>\n\n\n\n<p>Uma amiga sua, Zuleika Meneses, de 33 anos, tamb\u00e9m pensa em sair da Venezuela se Maduro permanecer no poder. Outra fundadora do Vontade Popular, \u00e9 ativista desde os 14. \u201cN\u00e3o quero ir embora. Na verdade, sonho em entrar para a pol\u00edtica, ser deputada, governadora, presidente.\u201d<\/p>\n\n\n\n<figure class=\"wp-block-image\"><img decoding=\"async\" src=\"https:\/\/newr7-r7-prod.web.arc-cdn.net\/resizer\/v2\/TQZGVPWANZHYJFJQSG6FY6ZTXA.jpg?auth=2aedb9630bfa947d08f53e1a4b0ba0c6493c88de7e5814c0dcc35fd47857c3a5&amp;width=3000&amp;height=2000\" alt=\"\"\/><figcaption class=\"wp-element-caption\">Zuleika Meneses, que vota na oposi\u00e7\u00e3o, pretende sair do pa\u00eds se Maduro vencerAdriana Loureiro Fernandez\/The New York Times &#8211; 09.07.2024<\/figcaption><\/figure>\n\n\n\n<p>N\u00e3o \u00e9 s\u00f3 a situa\u00e7\u00e3o econ\u00f4mica que a est\u00e1 for\u00e7ando a sair; Meneses teme uma repress\u00e3o mais severa nos pr\u00f3ximos meses. Ela recitou o nome de v\u00e1rios companheiros de milit\u00e2ncia, e concluiu: \u201cN\u00e3o quero meu nome nessa lista.\u201d<\/p>\n\n\n\n<p>Marisol R\u00edos, advogada de 62 anos, tem tr\u00eas filhas, sendo que duas j\u00e1 foram embora \u2013 uma est\u00e1 nos EUA, a outra na Col\u00f4mbia. Ela contou que, na casa onde mora, no estado de T\u00e1chira, por\u00e7\u00e3o ocidental do pa\u00eds, a ca\u00e7ula, Mar\u00eda Paulina, de 24 anos, tamb\u00e9m j\u00e1 come\u00e7ou a pensar na ideia.<\/p>\n\n\n\n<p>O namorado da mo\u00e7a, professor de violino, tocava uma m\u00fasica suave enquanto ela chorava, pensando na possibilidade de passar o resto da vida sem as filhas. \u201cVai me doer muito se Paulina for embora, porque ela \u00e9 meu bra\u00e7o direito. Mas n\u00e3o tenho o direito de lhe cortar as asas; ela tem o direito de viver.\u201d<\/p>\n\n\n\n<p><strong>c. 2024 The New York Times Company<\/strong><\/p>\n\n\n\n<p>Fonte R7<\/p>\n","protected":false},"excerpt":{"rendered":"<p>Dados da ONU indicam que cerca de 25% da popula\u00e7\u00e3o da Venezuela j\u00e1 migrou para o exterior Uma jovem ativista de oposi\u00e7\u00e3o que planeja atravessar sete pa\u00edses e um trecho perigoso de selva a p\u00e9 para chegar aos EUA. Um jornalista pronto para abandonar tudo e construir vida nova no exterior. Uma advogada sexagen\u00e1ria com [&hellip;]<\/p>\n","protected":false},"author":8,"featured_media":23749,"comment_status":"closed","ping_status":"open","sticky":false,"template":"","format":"standard","meta":{"rop_custom_images_group":[],"rop_custom_messages_group":[],"rop_publish_now":"initial","rop_publish_now_accounts":[],"rop_publish_now_history":[],"rop_publish_now_status":"pending","footnotes":""},"categories":[212],"tags":[73],"class_list":["post-23748","post","type-post","status-publish","format-standard","has-post-thumbnail","hentry","category-internacional","tag-featured"],"amp_enabled":true,"_links":{"self":[{"href":"https:\/\/imais.online\/portal\/wp-json\/wp\/v2\/posts\/23748","targetHints":{"allow":["GET"]}}],"collection":[{"href":"https:\/\/imais.online\/portal\/wp-json\/wp\/v2\/posts"}],"about":[{"href":"https:\/\/imais.online\/portal\/wp-json\/wp\/v2\/types\/post"}],"author":[{"embeddable":true,"href":"https:\/\/imais.online\/portal\/wp-json\/wp\/v2\/users\/8"}],"replies":[{"embeddable":true,"href":"https:\/\/imais.online\/portal\/wp-json\/wp\/v2\/comments?post=23748"}],"version-history":[{"count":1,"href":"https:\/\/imais.online\/portal\/wp-json\/wp\/v2\/posts\/23748\/revisions"}],"predecessor-version":[{"id":23750,"href":"https:\/\/imais.online\/portal\/wp-json\/wp\/v2\/posts\/23748\/revisions\/23750"}],"wp:featuredmedia":[{"embeddable":true,"href":"https:\/\/imais.online\/portal\/wp-json\/wp\/v2\/media\/23749"}],"wp:attachment":[{"href":"https:\/\/imais.online\/portal\/wp-json\/wp\/v2\/media?parent=23748"}],"wp:term":[{"taxonomy":"category","embeddable":true,"href":"https:\/\/imais.online\/portal\/wp-json\/wp\/v2\/categories?post=23748"},{"taxonomy":"post_tag","embeddable":true,"href":"https:\/\/imais.online\/portal\/wp-json\/wp\/v2\/tags?post=23748"}],"curies":[{"name":"wp","href":"https:\/\/api.w.org\/{rel}","templated":true}]}}