{"id":23761,"date":"2024-07-24T20:20:13","date_gmt":"2024-07-24T23:20:13","guid":{"rendered":"https:\/\/imais.online\/portal\/?p=23761"},"modified":"2024-07-24T20:20:15","modified_gmt":"2024-07-24T23:20:15","slug":"hq-fest-indaiatuba-acontece-em-setembro-no-shopping-jaragua-com-diversas-atracoes","status":"publish","type":"post","link":"https:\/\/imais.online\/portal\/hq-fest-indaiatuba-acontece-em-setembro-no-shopping-jaragua-com-diversas-atracoes\/","title":{"rendered":"HQ Fest Indaiatuba acontece em setembro no Shopping Jaragu\u00e1 com diversas atra\u00e7\u00f5es"},"content":{"rendered":"<div class=\"imais-before-content-placement\" id=\"imais-1725371511\"><script async src=\"\/\/pagead2.googlesyndication.com\/pagead\/js\/adsbygoogle.js?client=ca-pub-8787528412751566\" crossorigin=\"anonymous\"><\/script><ins class=\"adsbygoogle\" style=\"display:block;\" data-ad-client=\"ca-pub-8787528412751566\" \ndata-ad-slot=\"\" \ndata-ad-format=\"auto\"><\/ins>\n<script> \n(adsbygoogle = window.adsbygoogle || []).push({}); \n<\/script>\n<\/div>\n<p class=\"has-text-align-center\"><em>Evento est\u00e1 de casa nova&nbsp;<\/em><em>e j\u00e1 tem 50 artistas confirmados, al\u00e9m de pain\u00e9is especiais<br><\/em><\/p>\n\n\n\n<p>Com p\u00fablico estimado de quatro mil pessoas e agora em novo endere\u00e7o, no Shopping Jaragu\u00e1 Indaiatuba, a sexta edi\u00e7\u00e3o da HQ Fest Indaiatuba j\u00e1 tem data para acontecer: 14 de setembro, das 10h \u00e0s 19h, com promo\u00e7\u00e3o do Est\u00fadio EMT, do quadrinista Moacir Torres. O evento, que reunir\u00e1 50 artistas j\u00e1 confirmados, ter\u00e1 quadrinista e ilustrador L\u00edgia Zanella como convidada especial.<\/p>\n\n\n\n<p>O an\u00fancio da mudan\u00e7a para o Shopping Jaragu\u00e1 Indaiatuba foi realizado na manh\u00e3 da \u00faltima ter\u00e7a-feira, 23 de julho, em coletiva de imprensa no restaurante Ditto &amp; Xica, com a presen\u00e7a da imprensa e convidados. \u201cA HQ Fest cresce a cada ano e agora no Shopping Jaragu\u00e1 Indaiatuba, temos a expetativa de um aumento no p\u00fablico. Agrade\u00e7o a todos que est\u00e3o colaborando, especialmente ao Jaragu\u00e1 e aos nossos patrocinadores e colaboradores\u201d, destacou Moacir.<\/p>\n\n\n\n<p>A empreendedora Cinthia Tha\u00eds, diretora da HQ Fest, tamb\u00e9m comemorou a parceria com o Shopping Jaragu\u00e1. \u201cA HQ Fest vem atraindo um grande p\u00fablico a cada edi\u00e7\u00e3o e agora no Shopping Jaragu\u00e1, tenho certeza que teremos ainda mais apaixonados por este universo geek nos visitando, de Indaiatuba e toda a regi\u00e3o\u201d, apontou.<\/p>\n\n\n\n<p>Fernando Loggar, respons\u00e1vel pelo marketing do Shopping Jaragu\u00e1 Indaiatuba, tamb\u00e9m celebrou a nova parceria. \u201cEra uma vontade do Shopping Jaragu\u00e1 trazer a HQ Fest para o empreendimento e temos certeza que ser\u00e1 um grande sucesso\u201d, destacou. \u201cO evento celebra meses que ser\u00e3o especiais no empreendimento, que ter\u00e1 eventos especiais para celebrar o Dia dos Pais e seus 31 anos de hist\u00f3ria\u201d.<\/p>\n\n\n\n<p><strong>Atra\u00e7\u00f5es<\/strong><\/p>\n\n\n\n<p>Foram abertas 50 vagas para artistas na sexta edi\u00e7\u00e3o da HQ Fest, todas rapidamente preenchidas. Entres os nomes confirmados est\u00e3o, al\u00e9m da convidada especial L\u00edgia Zanella, quadrinistas e escritores como Pedro Mauro, Marcel Bartholo, Daniel Saks, Marco Lesko, Lillo Parra, Laudo Ferreira e Sun Sugiyama, entre outros.<\/p>\n\n\n\n<p>Todos montar\u00e3o suas mesas com trabalhos recentes para exposi\u00e7\u00e3o e venda e estar\u00e3o \u00e0 disposi\u00e7\u00e3o do p\u00fablico para conversar e trocar experi\u00eancias com o p\u00fablico da HQ Fest. \u201cNossas inspira\u00e7\u00f5es s\u00e3o eventos como a FIQ (Feira Internacional de Quadrinhos) de Belo Horizonte e a CCXP &#8211; Comic Con Experience, onde os profissionais dos quadrinhos ganham imenso destaque todos os anos. Dadas as devidas propor\u00e7\u00f5es, o intuito \u00e9 oferecer ao p\u00fablico um pouco desta experi\u00eancia sensacional para os f\u00e3s de quadrinhos\u201d, destaca F\u00e1bio Alexandre, editor do portal Nerd Interior, de Indaiatuba, parceiro do evento.<\/p>\n\n\n\n<p>\u201cAl\u00e9m dos nossos patrocinadores, que s\u00e3o essenciais para a realiza\u00e7\u00e3o do evento, gostar\u00edamos muito de agradecer nossos apoiadores, como o restaurante Ditto &amp; Xica e o Top\u00e1zio Cinemas, que abra\u00e7ou a HQ Fest\u201d, destacou Cinthia, que lembra: as cotas de patroc\u00ednio ainda est\u00e3o abertas. Mais informa\u00e7\u00f5es podem ser obtidas pelo telefone e WhatsApp (19) 98174-2895.<\/p>\n\n\n\n<p>Emulando os grandes eventos geek da atualidade, a HQ Fest contar\u00e1 ainda com pain\u00e9is com convidados muito especiais, falando um pouco sobre este universo, al\u00e9m do Desfile de Cosplay, com premia\u00e7\u00f5es oferecidas pela Canson do Brasil, sediada em Indaiatuba.<br><br>Outra atra\u00e7\u00e3o ser\u00e1 o painel com a equipe da Monolito Produ\u00e7\u00f5es, produtora de cinema de Indaiatuba, respons\u00e1vel pelo\u00a0<em>live-action\u00a0<\/em>de\u00a0<em>OGIVA<\/em>, quadrinho do selo independente da Editora Pipoca &amp; Nanquim, escrito por Bruno Zago e ilustrado por Guilherme Petreca, que teve roteiro de Zago e do tamb\u00e9m diretor Cadu Rosenfeld, que tem presen\u00e7a confirmada no evento.<br><br>O longa-metragem, vale lembrar, foi inteiramente gravado em Indaiatuba e ser\u00e1 a primeira adapta\u00e7\u00e3o de um quadrinho nacional do g\u00eanero fic\u00e7\u00e3o p\u00f3s-apocal\u00edptica da hist\u00f3ria do cinema nacional.<\/p>\n\n\n\n<p><strong>Convidada especial<\/strong><strong><\/strong><\/p>\n\n\n\n<p>L\u00edgia Zanella\u00a0\u00e9 natural de Sorocaba. Formada em Design Gr\u00e1fico e bacharel em Design de Produtos\u00a0pela\u00a0Universidade de Sorocaba (UNISO), sempre teve a escrita e a ilustra\u00e7\u00e3o como paix\u00e3o.<\/p>\n\n\n\n<figure class=\"wp-block-image size-full\"><img loading=\"lazy\" decoding=\"async\" width=\"879\" height=\"800\" src=\"https:\/\/imais.online\/portal\/wp-content\/uploads\/2024\/07\/Ligia-Zanella-no-Anime-Friends-2024-1.png\" alt=\"\" class=\"wp-image-23764\" srcset=\"https:\/\/imais.online\/portal\/wp-content\/uploads\/2024\/07\/Ligia-Zanella-no-Anime-Friends-2024-1.png 879w, https:\/\/imais.online\/portal\/wp-content\/uploads\/2024\/07\/Ligia-Zanella-no-Anime-Friends-2024-1-300x273.png 300w, https:\/\/imais.online\/portal\/wp-content\/uploads\/2024\/07\/Ligia-Zanella-no-Anime-Friends-2024-1-768x699.png 768w\" sizes=\"auto, (max-width: 879px) 100vw, 879px\" \/><\/figure>\n\n\n\n<p class=\"has-text-align-center\">L\u00edgia Zanella. Foto: divulga\u00e7\u00e3o<\/p>\n\n\n\n<p>Iniciou a caminhada como quadrinista em 2009 com a HQ autoral online&nbsp;GO!GO!GO! Felicity, encerrada em sete volumes completos. A partir desse t\u00edtulo surgiu&nbsp;Calendar, em 2015, sua segunda obra autoral e primeira HQ impressa, lan\u00e7ada no primeiro evento que participou:&nbsp;o Anime Friends.<\/p>\n\n\n\n<p>Em 2016 ilustrou a HQ impressa&nbsp;Melissa em Ellipsia,&nbsp;com roteiro de G.Profeta, onde foi indicada como artista revela\u00e7\u00e3o pelo&nbsp;Trof\u00e9u HQ Mix. At\u00e9 2022, lan\u00e7ou mais de dez t\u00edtulos que variam entre literatura infantil a jornalismo.<br>Um de seus \u00faltimos t\u00edtulos lan\u00e7ados em 2022, uma colet\u00e2nea onde Ligia participa com uma hist\u00f3ria fechada, intitulada&nbsp;N\u00e3o Ligue, Isso \u00e9 Coisa de Mulher,&nbsp;ganhou o&nbsp;38\u00b0 Trof\u00e9u Angelo Agostini&nbsp;de Melhor Lan\u00e7amento Independente.<br>Em 2023, lan\u00e7ou com a&nbsp;Editora JBC&nbsp;o volume \u00fanico de sua obra autoral&nbsp;Calendar em edi\u00e7\u00e3o especial. Com a&nbsp;editora Ultimato do bacon,&nbsp;ilustrou a HQ de terror&nbsp;Ilha dos Condenados,&nbsp;roteirizada por Eric Peleias.<\/p>\n\n\n\n<p>Em 2024, a colet\u00e2nea&nbsp;N\u00e3o Tema, Isso \u00e9 Coisa de Mulher! foi indicada ao&nbsp;Trof\u00e9u Angoul\u00eame&nbsp;na Categoria Alternative Comics Awards 2024 e sua mais recente HQ,&nbsp;O Incr\u00edvel Mundo de 36, foi lan\u00e7ada na&nbsp;FIQ&nbsp;em Belo Horizonte.<br>Atualmente, L\u00edgia participa ativamente de eventos, trabalha como freelancer de ilustra\u00e7\u00e3o para empresas e clientes finais e com a venda de produtos autorais em sua loja pessoal. Seu trabalho pode ser conferido em www.ligiazanella.com.br.<\/p>\n\n\n\n<p><strong>Sobre o Shopping\u00a0Jaragu\u00e1\u00a0Indaiatuba<\/strong><\/p>\n\n\n\n<p>O Shopping&nbsp;Jaragu\u00e1&nbsp;Indaiatuba \u00e9 uma empresa do Grupo Sol Panamby e administrado pela WE9, inaugurado em 1993, \u00e9 o destino preferido das fam\u00edlias em um ambiente confort\u00e1vel e seguro, conta com uma infraestrutura completa, com mix de lojas diversificado, estacionamento, pra\u00e7a de alimenta\u00e7\u00e3o com v\u00e1rias op\u00e7\u00f5es gastron\u00f4micas, al\u00e9m de opera\u00e7\u00f5es de servi\u00e7os e de lazer<\/p>\n\n\n\n<p><strong>HQ Fest 2024<\/strong><\/p>\n\n\n\n<p>Data: 14 de setembro<br>Hor\u00e1rio: 10h \u00e0s 19h<br>Local: Shopping Jaragu\u00e1 Indaiatuba<br>Endere\u00e7o: Rua 15 de Novembro, 1.200, Centro<\/p>\n\n\n\n<p>Atividades: bate-papo com quadrinistas; exposi\u00e7\u00e3o e venda de hist\u00f3rias em quadrinhos; desfile de cosplayers e workshops<br>Informa\u00e7\u00f5es: www.hqfest.com.br<br>Aberta ao p\u00fablico e com entrada gratuita<\/p>\n\n\n\n<p>PATROCINADORES<\/p>\n\n\n\n<p>Editora Mirarte<br>Projeto For\u00e7a BR<br>Canson do Brasil<br>Shopping Jaragu\u00e1 Indaiatuba<\/p>\n\n\n\n<p>APOIADORES<\/p>\n\n\n\n<p>Top\u00e1zio Cinemas<br>EPGrupo<br>MCL Studio<br>Nerd Interior<br>R\u00e1dio Jornal Indaiatuba<\/p>\n\n\n\n<p>PARTICIPANTES CONFIRMADOS<\/p>\n\n\n\n<p>01 \u2013 Ligia Zanella @ligiazanella<\/p>\n\n\n\n<p>02 \u2013 Pedro Mauro @pedromauroart<\/p>\n\n\n\n<p>03 \u2013 Marcel Bartholo @marcelbartholo<\/p>\n\n\n\n<p>04 \u2013 Lais Braga @lais.eduardoart<\/p>\n\n\n\n<p>05 \u2013 Mariana Tiye Sakaki Smit @dinorumi.craft<\/p>\n\n\n\n<p>06 \u2013 Claudia Akemi Ito @tabbycat_ink<\/p>\n\n\n\n<p>07 \u2013 Victoria Bracco @_vilusivi<\/p>\n\n\n\n<p>08 \u2013 Yugi Leonardo Ono @yugilono.art<\/p>\n\n\n\n<p>09 \u2013 Gabriela Mei Murakami @dodominart<\/p>\n\n\n\n<p>10 \u2013 Carlos Baku @carlos_baku<\/p>\n\n\n\n<p>11 \u2013 Vitor Rodrigues @demon0n0<\/p>\n\n\n\n<p>12 \u2013 Leonardo Pascoal @ljpascoal<\/p>\n\n\n\n<p>13 \u2013 Yara de Mauro @galghera.orld<\/p>\n\n\n\n<p>14 \u2013 Guilherme Feliciano de Oliveira<\/p>\n\n\n\n<p>15 \u2013 Fabio Ruiz @frstudio.decor<\/p>\n\n\n\n<p>16 \u2013 Lisa Miho Ito @arte.misaly<\/p>\n\n\n\n<p>17 \u2013 Marcela Nohama @marisolmaryline<\/p>\n\n\n\n<p>18 \u2013 Bianca Bruzzese @milkaa.biscuit<\/p>\n\n\n\n<p>19 \u2013 Rogerio Ferraz @rogerioferraz7<\/p>\n\n\n\n<p>20 \u2013 Valentina Fortes Manzini @ilustra.vavis<\/p>\n\n\n\n<p>21 \u2013 Thais Bulh\u00f5es da Silva @taiyakii_<\/p>\n\n\n\n<p>22 \u2013 Gabriela Carretto @lelacarretto<\/p>\n\n\n\n<p>23 \u2013 Caroline Carretto @carolcarretto<\/p>\n\n\n\n<p>24 \u2013 Juan Pablo Almeida Oliveira @pablitu.zzz<\/p>\n\n\n\n<p>25 \u2013 Regis Rocha @afrodinamic<\/p>\n\n\n\n<p>26 \u2013 Mauricio Owada Souza @mauricio.owada<\/p>\n\n\n\n<p>27 \u2013 Patricia Pereira Oliveira (Patynha Dice) @patynhadice<\/p>\n\n\n\n<p>28 \u2013 Veronica Mayol @xmeglex<\/p>\n\n\n\n<p>29 \u2013 Fabio Mikk @art_by_fabio_mikk<\/p>\n\n\n\n<p>30 \u2013 Nilson Felix @nilsonfellixcartuns<\/p>\n\n\n\n<p>31 \u2013 Gabriela Magri (Gabi Magri) @dreamer.ecriativo<\/p>\n\n\n\n<p>32 \u2013 Matheus Jorge Rosa Pereira @poposalto<\/p>\n\n\n\n<p>33 \u2013 Henrique Domingos Melo @meloodramatico<\/p>\n\n\n\n<p>34 \u2013 Nickolas Peres Zanini @nick.peresautor<\/p>\n\n\n\n<p>35 \u2013 Daniel Saks (Ink&amp;Blood Comics)<\/p>\n\n\n\n<p>36 \u2013 Marco Lesko @marco_lesko<\/p>\n\n\n\n<p>37 \u2013 Marcos Macedo<\/p>\n\n\n\n<p>38 \u2013 Juan Diego Silva Moreno @Drjuansilvablue<\/p>\n\n\n\n<p>39 \u2013 Vit\u00f3ria Amaral (Vikki) @vikkisonfire<\/p>\n\n\n\n<p>40 \u2013 Jairo Moreno @jairomorenoilustrador<\/p>\n\n\n\n<p>41 \u2013 Aya Andrade @aia_andrade<\/p>\n\n\n\n<p>42 \u2013 Flavio Artteiro @aresocao<\/p>\n\n\n\n<p>43 \u2013 Rafaella Vecchiato Fabri @koai.shop<\/p>\n\n\n\n<p>44 \u2013 Lillo Parra @lilloparra.bd<\/p>\n\n\n\n<p>45 \u2013 Paula Mya @paula.mya<\/p>\n\n\n\n<p>46 \u2013 Pedro Corin @apenasumpedro<\/p>\n\n\n\n<p>47 \u2013 Sun Sugiyama @junraiya<\/p>\n\n\n\n<p>48 \u2013 Lucas Matheus Santos<br>49 \u2013 Marcos Venceslau<br>50 \u2013 Carlos Ramalho<\/p>\n\n\n\n<p>ATRA\u00c7\u00d5ES CONFIRMADAS<\/p>\n\n\n\n<p>10h \u2013 Abertura Oficial da 6\u00aa edi\u00e7\u00e3o da HQ Fest<\/p>\n\n\n\n<p>11h \u2013 Ligia Zanella: lan\u00e7amento de Calendar, da Editora JBC, e painel<\/p>\n\n\n\n<p>Atua\u00e7\u00e3o das Mulheres no Mercado dos Quadrinhos<\/p>\n\n\n\n<p>12h \u2013 Pedro Mauro: lan\u00e7amento da revista TEX no Brasil e sua trajet\u00f3ria de sucesso nos quadrinhos<\/p>\n\n\n\n<p>13h \u2013 Cinthia Thais: Inova\u00e7\u00e3o e Cultura em O Papel das Empresas Privadas na Promo\u00e7\u00e3o de Novos Talentos Art\u00edsticos e Culturais<\/p>\n\n\n\n<p>14h \u2013 Atra\u00e7\u00e3o Surpresa<\/p>\n\n\n\n<p>15h \u2013 Painel com diretor Cadu Rosenfeld e equipe da Monolito Produ\u00e7\u00f5es sobre o longa-metragem live-action OGIVA, da Editora Pipoca &amp; Nanquim<\/p>\n\n\n\n<p>16h \u2013 Lan\u00e7amento oficial da HQ Crescer na Terra do Nunca, da Editora Mirarte, com a escritora Anna Osta e o quadrinhista Laudo Ferreira<\/p>\n\n\n\n<p>17h \u2013 Desfile de Cosplay com premia\u00e7\u00f5es da Canson do Brasil nas categorias Adulto e Infantojuvenil com j\u00fari t\u00e9cnico<\/p>\n","protected":false},"excerpt":{"rendered":"<p>Evento est\u00e1 de casa nova&nbsp;e j\u00e1 tem 50 artistas confirmados, al\u00e9m de pain\u00e9is especiais Com p\u00fablico estimado de quatro mil pessoas e agora em novo endere\u00e7o, no Shopping Jaragu\u00e1 Indaiatuba, a sexta edi\u00e7\u00e3o da HQ Fest Indaiatuba j\u00e1 tem data para acontecer: 14 de setembro, das 10h \u00e0s 19h, com promo\u00e7\u00e3o do Est\u00fadio EMT, do [&hellip;]<\/p>\n","protected":false},"author":7,"featured_media":23763,"comment_status":"closed","ping_status":"open","sticky":false,"template":"","format":"standard","meta":{"rop_custom_images_group":[],"rop_custom_messages_group":[],"rop_publish_now":"initial","rop_publish_now_accounts":[],"rop_publish_now_history":[],"rop_publish_now_status":"pending","footnotes":""},"categories":[188],"tags":[73],"class_list":["post-23761","post","type-post","status-publish","format-standard","has-post-thumbnail","hentry","category-indaiatuba","tag-featured"],"amp_enabled":true,"_links":{"self":[{"href":"https:\/\/imais.online\/portal\/wp-json\/wp\/v2\/posts\/23761","targetHints":{"allow":["GET"]}}],"collection":[{"href":"https:\/\/imais.online\/portal\/wp-json\/wp\/v2\/posts"}],"about":[{"href":"https:\/\/imais.online\/portal\/wp-json\/wp\/v2\/types\/post"}],"author":[{"embeddable":true,"href":"https:\/\/imais.online\/portal\/wp-json\/wp\/v2\/users\/7"}],"replies":[{"embeddable":true,"href":"https:\/\/imais.online\/portal\/wp-json\/wp\/v2\/comments?post=23761"}],"version-history":[{"count":1,"href":"https:\/\/imais.online\/portal\/wp-json\/wp\/v2\/posts\/23761\/revisions"}],"predecessor-version":[{"id":23765,"href":"https:\/\/imais.online\/portal\/wp-json\/wp\/v2\/posts\/23761\/revisions\/23765"}],"wp:featuredmedia":[{"embeddable":true,"href":"https:\/\/imais.online\/portal\/wp-json\/wp\/v2\/media\/23763"}],"wp:attachment":[{"href":"https:\/\/imais.online\/portal\/wp-json\/wp\/v2\/media?parent=23761"}],"wp:term":[{"taxonomy":"category","embeddable":true,"href":"https:\/\/imais.online\/portal\/wp-json\/wp\/v2\/categories?post=23761"},{"taxonomy":"post_tag","embeddable":true,"href":"https:\/\/imais.online\/portal\/wp-json\/wp\/v2\/tags?post=23761"}],"curies":[{"name":"wp","href":"https:\/\/api.w.org\/{rel}","templated":true}]}}