{"id":23775,"date":"2024-07-25T10:08:46","date_gmt":"2024-07-25T13:08:46","guid":{"rendered":"https:\/\/imais.online\/portal\/?p=23775"},"modified":"2024-07-25T10:08:47","modified_gmt":"2024-07-25T13:08:47","slug":"decidi-passar-a-tocha-para-uma-nova-geracao-diz-biden-em-primeiro-discurso-apos-desistencia","status":"publish","type":"post","link":"https:\/\/imais.online\/portal\/decidi-passar-a-tocha-para-uma-nova-geracao-diz-biden-em-primeiro-discurso-apos-desistencia\/","title":{"rendered":"&#8216;Decidi passar a tocha para uma nova gera\u00e7\u00e3o&#8217;, diz Biden em primeiro discurso ap\u00f3s desist\u00eancia"},"content":{"rendered":"<div class=\"imais-before-content-placement\" id=\"imais-2549330360\"><script async src=\"\/\/pagead2.googlesyndication.com\/pagead\/js\/adsbygoogle.js?client=ca-pub-8787528412751566\" crossorigin=\"anonymous\"><\/script><ins class=\"adsbygoogle\" style=\"display:block;\" data-ad-client=\"ca-pub-8787528412751566\" \ndata-ad-slot=\"\" \ndata-ad-format=\"auto\"><\/ins>\n<script> \n(adsbygoogle = window.adsbygoogle || []).push({}); \n<\/script>\n<\/div>\n<h2 class=\"wp-block-heading\">Presidente dos Estados Unidos afirmou que precisava unir o Partido Democrata e focar em seu trabalho como governante<\/h2>\n\n\n\n<p>O presidente dos Estados Unidos,&nbsp;<strong><a href=\"https:\/\/noticias.r7.com\/record-news\/video\/republicanos-acusam-kamala-harris-e-joe-biden-de-transferencia-ilegal-de-fundos-24072024\/\">Joe Biden,<\/a><\/strong>&nbsp;fez seu primeiro pronunciamento, na noite desta quarta-feira (24), no Sal\u00e3o Oval da Casa Branca, em Washington,&nbsp;<strong><a href=\"https:\/\/noticias.r7.com\/internacional\/joe-biden-abandona-a-corrida-presidencial-nos-estados-unidos-21072024\/\">ap\u00f3s desistir da corrida eleitoral americana<\/a><\/strong>. Durante o discurso, Biden afirmou que precisava unir o Partido Democrata e dar voz para os jovens. \u201cDecidi passar a tocha para uma nova gera\u00e7\u00e3o. \u00c9 um tempo para novas vozes, vozes frescas. E esse tempo \u00e9 agora\u201d, afirmou o presidente.<\/p>\n\n\n\n<p>O pol\u00edtico ainda reiterou que seu foco nos pr\u00f3ximos seis meses ser\u00e1 seguir o trabalho como presidente. Biden tamb\u00e9m elogiou a vice-presidente,&nbsp;<strong><a href=\"https:\/\/noticias.r7.com\/record-news\/video\/analise-kamala-harris-aposta-em-imagem-de-defensora-da-justica-e-ganha-eleitorado-feminino-23072024\/\">Kamala Harris<\/a><\/strong>, que indicou para representar o Partido Democrata nas elei\u00e7\u00f5es em seu lugar. \u201cFiz minha escolha. Deixei minhas opini\u00f5es conhecidas. Quero agradecer \u00e0 nossa grande vice-presidente Kamala Harris. Ela \u00e9 experiente. Ela \u00e9 forte. Ela \u00e9 capaz. Ela tem sido uma parceira incr\u00edvel para mim e l\u00edder do nosso pa\u00eds. Agora a escolha \u00e9 sua, do povo americano, voc\u00eas fazem essa escolha.\u201d<\/p>\n\n\n\n<p>No final, o presidente agradeceu aos americanos por permitirem que ele liderasse o pa\u00eds. \u201cFoi o privil\u00e9gio da minha vida servir esse pa\u00eds ao longo de mais de 50 anos. Nunca imaginei que um dia estaria aqui, no Sal\u00e3o Oval, como presidente dos Estados Unidos. Somos um pa\u00eds de promessas, de diversas possibilidades.\u201d<\/p>\n\n\n\n<p>Fonte R7<\/p>\n","protected":false},"excerpt":{"rendered":"<p>Presidente dos Estados Unidos afirmou que precisava unir o Partido Democrata e focar em seu trabalho como governante O presidente dos Estados Unidos,&nbsp;Joe Biden,&nbsp;fez seu primeiro pronunciamento, na noite desta quarta-feira (24), no Sal\u00e3o Oval da Casa Branca, em Washington,&nbsp;ap\u00f3s desistir da corrida eleitoral americana. Durante o discurso, Biden afirmou que precisava unir o Partido [&hellip;]<\/p>\n","protected":false},"author":8,"featured_media":23776,"comment_status":"closed","ping_status":"open","sticky":false,"template":"","format":"standard","meta":{"rop_custom_images_group":[],"rop_custom_messages_group":[],"rop_publish_now":"initial","rop_publish_now_accounts":[],"rop_publish_now_history":[],"rop_publish_now_status":"pending","footnotes":""},"categories":[212],"tags":[],"class_list":["post-23775","post","type-post","status-publish","format-standard","has-post-thumbnail","hentry","category-internacional"],"amp_enabled":true,"_links":{"self":[{"href":"https:\/\/imais.online\/portal\/wp-json\/wp\/v2\/posts\/23775","targetHints":{"allow":["GET"]}}],"collection":[{"href":"https:\/\/imais.online\/portal\/wp-json\/wp\/v2\/posts"}],"about":[{"href":"https:\/\/imais.online\/portal\/wp-json\/wp\/v2\/types\/post"}],"author":[{"embeddable":true,"href":"https:\/\/imais.online\/portal\/wp-json\/wp\/v2\/users\/8"}],"replies":[{"embeddable":true,"href":"https:\/\/imais.online\/portal\/wp-json\/wp\/v2\/comments?post=23775"}],"version-history":[{"count":1,"href":"https:\/\/imais.online\/portal\/wp-json\/wp\/v2\/posts\/23775\/revisions"}],"predecessor-version":[{"id":23777,"href":"https:\/\/imais.online\/portal\/wp-json\/wp\/v2\/posts\/23775\/revisions\/23777"}],"wp:featuredmedia":[{"embeddable":true,"href":"https:\/\/imais.online\/portal\/wp-json\/wp\/v2\/media\/23776"}],"wp:attachment":[{"href":"https:\/\/imais.online\/portal\/wp-json\/wp\/v2\/media?parent=23775"}],"wp:term":[{"taxonomy":"category","embeddable":true,"href":"https:\/\/imais.online\/portal\/wp-json\/wp\/v2\/categories?post=23775"},{"taxonomy":"post_tag","embeddable":true,"href":"https:\/\/imais.online\/portal\/wp-json\/wp\/v2\/tags?post=23775"}],"curies":[{"name":"wp","href":"https:\/\/api.w.org\/{rel}","templated":true}]}}