{"id":23826,"date":"2024-07-29T10:03:58","date_gmt":"2024-07-29T13:03:58","guid":{"rendered":"https:\/\/imais.online\/portal\/?p=23826"},"modified":"2024-07-29T10:03:59","modified_gmt":"2024-07-29T13:03:59","slug":"blinken-diz-que-eua-tem-serias-preocupacoes-sobre-resultado-das-eleicoes-na-venezuela","status":"publish","type":"post","link":"https:\/\/imais.online\/portal\/blinken-diz-que-eua-tem-serias-preocupacoes-sobre-resultado-das-eleicoes-na-venezuela\/","title":{"rendered":"Blinken diz que EUA t\u00eam \u2018s\u00e9rias preocupa\u00e7\u00f5es\u2019 sobre resultado das elei\u00e7\u00f5es na Venezuela"},"content":{"rendered":"<div class=\"imais-before-content-placement\" id=\"imais-3221224185\"><script async src=\"\/\/pagead2.googlesyndication.com\/pagead\/js\/adsbygoogle.js?client=ca-pub-8787528412751566\" crossorigin=\"anonymous\"><\/script><ins class=\"adsbygoogle\" style=\"display:block;\" data-ad-client=\"ca-pub-8787528412751566\" \ndata-ad-slot=\"\" \ndata-ad-format=\"auto\"><\/ins>\n<script> \n(adsbygoogle = window.adsbygoogle || []).push({}); \n<\/script>\n<\/div>\n<h2 class=\"wp-block-heading\">Secret\u00e1rio de Estado afirmou que vit\u00f3ria de Maduro n\u00e3o reflete \u201cnem a vontade, nem os votos do povo venezuelano\u201d<\/h2>\n\n\n\n<p>O secret\u00e1rio de Estado dos Estados Unidos, Antony Blinken, disse que o pa\u00eds tem \u201cs\u00e9rias preocupa\u00e7\u00f5es\u201d sobre o&nbsp;<a href=\"https:\/\/noticias.r7.com\/internacional\/maduro-e-reeleito-presidente-da-venezuela-anuncia-conselho-nacional-eleitoral-29072024\/\" target=\"_blank\" rel=\"noreferrer noopener\">resultado anunciado da elei\u00e7\u00e3o presidencial da Venezuela<\/a>, ap\u00f3s o an\u00fancio da vit\u00f3ria do ditador Nicol\u00e1s Maduro pelo Conselho Nacional Eleitoral (CNE). Blinken afirmou que preocupa o fato de o resultado n\u00e3o refletir \u201cnem a vontade, nem os votos do povo venezuelano\u201d.<\/p>\n\n\n\n<p>O secret\u00e1rio pediu que as autoridades eleitorais publicassem os resultados completos de forma transparente e imediata. \u201d\u00c9 fundamental que cada voto seja contado de forma justa e transparente, para que as autoridades eleitorais partilhem imediatamente informa\u00e7\u00f5es com a oposi\u00e7\u00e3o e observadores independentes sem demora\u201d, disse o secret\u00e1rio nesta segunda, durante visita a T\u00f3quio.<\/p>\n\n\n\n<p>Os governos do Uruguai, Argentina, Equador, Paraguai, Peru, Panam\u00e1, Costa Rica e Rep\u00fablica Dominicana&nbsp;<a href=\"https:\/\/noticias.r7.com\/internacional\/paises-da-america-latina-pedem-transparencia-na-apuracao-e-respeito-aos-resultados-29072024\/\" target=\"_blank\" rel=\"noreferrer noopener\">tamb\u00e9m pediram respeito e transpar\u00eancia<\/a>&nbsp;durante a apura\u00e7\u00e3o. Em nota divulgada, os governantes disseram que acompanham o desenrolar da apura\u00e7\u00e3o da elei\u00e7\u00e3o venezuelana neste domingo (28) e exigiram que os resultados sejam respeitados. Eles tamb\u00e9m pediram que seja liberado acesso dos fiscais de urna as atas de vota\u00e7\u00e3o.<\/p>\n\n\n\n<p>O movimento foi capitaneado pelo presidente do Panam\u00e1, Jos\u00e9 Ra\u00fal Mulino, e envolve governos de centro e centro-direita da regi\u00e3o. Mulino reiterou que respeito \u00e0 vontade do povo \u00e9 fundamental para o governo da democracia.<\/p>\n\n\n\n<p>Fonte R7<\/p>\n","protected":false},"excerpt":{"rendered":"<p>Secret\u00e1rio de Estado afirmou que vit\u00f3ria de Maduro n\u00e3o reflete \u201cnem a vontade, nem os votos do povo venezuelano\u201d O secret\u00e1rio de Estado dos Estados Unidos, Antony Blinken, disse que o pa\u00eds tem \u201cs\u00e9rias preocupa\u00e7\u00f5es\u201d sobre o&nbsp;resultado anunciado da elei\u00e7\u00e3o presidencial da Venezuela, ap\u00f3s o an\u00fancio da vit\u00f3ria do ditador Nicol\u00e1s Maduro pelo Conselho Nacional [&hellip;]<\/p>\n","protected":false},"author":8,"featured_media":23827,"comment_status":"closed","ping_status":"open","sticky":false,"template":"","format":"standard","meta":{"rop_custom_images_group":[],"rop_custom_messages_group":[],"rop_publish_now":"initial","rop_publish_now_accounts":[],"rop_publish_now_history":[],"rop_publish_now_status":"pending","footnotes":""},"categories":[212],"tags":[],"class_list":["post-23826","post","type-post","status-publish","format-standard","has-post-thumbnail","hentry","category-internacional"],"amp_enabled":true,"_links":{"self":[{"href":"https:\/\/imais.online\/portal\/wp-json\/wp\/v2\/posts\/23826","targetHints":{"allow":["GET"]}}],"collection":[{"href":"https:\/\/imais.online\/portal\/wp-json\/wp\/v2\/posts"}],"about":[{"href":"https:\/\/imais.online\/portal\/wp-json\/wp\/v2\/types\/post"}],"author":[{"embeddable":true,"href":"https:\/\/imais.online\/portal\/wp-json\/wp\/v2\/users\/8"}],"replies":[{"embeddable":true,"href":"https:\/\/imais.online\/portal\/wp-json\/wp\/v2\/comments?post=23826"}],"version-history":[{"count":1,"href":"https:\/\/imais.online\/portal\/wp-json\/wp\/v2\/posts\/23826\/revisions"}],"predecessor-version":[{"id":23828,"href":"https:\/\/imais.online\/portal\/wp-json\/wp\/v2\/posts\/23826\/revisions\/23828"}],"wp:featuredmedia":[{"embeddable":true,"href":"https:\/\/imais.online\/portal\/wp-json\/wp\/v2\/media\/23827"}],"wp:attachment":[{"href":"https:\/\/imais.online\/portal\/wp-json\/wp\/v2\/media?parent=23826"}],"wp:term":[{"taxonomy":"category","embeddable":true,"href":"https:\/\/imais.online\/portal\/wp-json\/wp\/v2\/categories?post=23826"},{"taxonomy":"post_tag","embeddable":true,"href":"https:\/\/imais.online\/portal\/wp-json\/wp\/v2\/tags?post=23826"}],"curies":[{"name":"wp","href":"https:\/\/api.w.org\/{rel}","templated":true}]}}