{"id":23901,"date":"2024-08-01T10:23:57","date_gmt":"2024-08-01T13:23:57","guid":{"rendered":"https:\/\/imais.online\/portal\/?p=23901"},"modified":"2024-08-01T10:23:58","modified_gmt":"2024-08-01T13:23:58","slug":"vi-coisas-que-e-melhor-nao-pensar-muito-diz-atleta-sobre-prova-no-rio-sena","status":"publish","type":"post","link":"https:\/\/imais.online\/portal\/vi-coisas-que-e-melhor-nao-pensar-muito-diz-atleta-sobre-prova-no-rio-sena\/","title":{"rendered":"&#8220;Vi coisas que \u00e9 melhor n\u00e3o pensar muito&#8221;, diz atleta sobre prova no Rio Sena"},"content":{"rendered":"<div class=\"imais-before-content-placement\" id=\"imais-4004539976\"><script async src=\"\/\/pagead2.googlesyndication.com\/pagead\/js\/adsbygoogle.js?client=ca-pub-8787528412751566\" crossorigin=\"anonymous\"><\/script><ins class=\"adsbygoogle\" style=\"display:block;\" data-ad-client=\"ca-pub-8787528412751566\" \ndata-ad-slot=\"\" \ndata-ad-format=\"auto\"><\/ins>\n<script> \n(adsbygoogle = window.adsbygoogle || []).push({}); \n<\/script>\n<\/div>\n<p>Triatleta falou sobre as condi\u00e7\u00f5es da \u00e1gua em Paris\u00a0<\/p>\n\n\n\n<p>Apesar de todas as controv\u00e9rsias em rela\u00e7\u00e3o a qualidade do Rio Sena, a prova do triatlo aconteceu nesta quarta-feira (31), nos Jogos Ol\u00edmpicos de Paris 2024.&nbsp;<\/p>\n\n\n\n<p>A triatleta belga Jolien &nbsp;Vermeylen, que ficou em 24\u00b0 posi\u00e7\u00e3o durante a prova do triatlo criticou as condi\u00e7\u00f5es da \u00e1gua do Rio Sena.&nbsp;<\/p>\n\n\n\n<p>&#8220;Bebi muita \u00e1gua, ent\u00e3o saberemos amanh\u00e3 se estou doente ou n\u00e3o. N\u00e3o tem gosto de Coca-Cola ou Sprite, \u00e9 claro. Enquanto nadava sob a ponte,\u00a0<strong><em>senti e vi coisas nas quais n\u00e3o dever\u00edamos pensar muito.<\/em><\/strong>\u00a0O Sena est\u00e1 sujo h\u00e1 cem anos, ent\u00e3o eles n\u00e3o podem dizer que a seguran\u00e7a dos atletas \u00e9 prioridade. Isso \u00e9 besteira. Se a corrida n\u00e3o tivesse acontecido, teria sido uma vergonha para a organiza\u00e7\u00e3o, para Paris, para a Fran\u00e7a. Era agora ou nunca, e eles tamb\u00e9m n\u00e3o podiam cancelar a corrida completamente. Agora eles s\u00f3 precisam torcer para que n\u00e3o haja muitos atletas doentes. Tomei probi\u00f3ticos, bebi meu Yakult, n\u00e3o consegui fazer mais\u201d, disse Jolien ao The Sun.\u00a0<\/p>\n\n\n\n<p><\/p>\n","protected":false},"excerpt":{"rendered":"<p>Triatleta falou sobre as condi\u00e7\u00f5es da \u00e1gua em Paris\u00a0 Apesar de todas as controv\u00e9rsias em rela\u00e7\u00e3o a qualidade do Rio Sena, a prova do triatlo aconteceu nesta quarta-feira (31), nos Jogos Ol\u00edmpicos de Paris 2024.&nbsp; A triatleta belga Jolien &nbsp;Vermeylen, que ficou em 24\u00b0 posi\u00e7\u00e3o durante a prova do triatlo criticou as condi\u00e7\u00f5es da \u00e1gua [&hellip;]<\/p>\n","protected":false},"author":8,"featured_media":23902,"comment_status":"closed","ping_status":"open","sticky":false,"template":"","format":"standard","meta":{"rop_custom_images_group":[],"rop_custom_messages_group":[],"rop_publish_now":"initial","rop_publish_now_accounts":[],"rop_publish_now_history":[],"rop_publish_now_status":"pending","footnotes":""},"categories":[267],"tags":[],"class_list":["post-23901","post","type-post","status-publish","format-standard","has-post-thumbnail","hentry","category-olimpiadas-de-paris"],"amp_enabled":true,"_links":{"self":[{"href":"https:\/\/imais.online\/portal\/wp-json\/wp\/v2\/posts\/23901","targetHints":{"allow":["GET"]}}],"collection":[{"href":"https:\/\/imais.online\/portal\/wp-json\/wp\/v2\/posts"}],"about":[{"href":"https:\/\/imais.online\/portal\/wp-json\/wp\/v2\/types\/post"}],"author":[{"embeddable":true,"href":"https:\/\/imais.online\/portal\/wp-json\/wp\/v2\/users\/8"}],"replies":[{"embeddable":true,"href":"https:\/\/imais.online\/portal\/wp-json\/wp\/v2\/comments?post=23901"}],"version-history":[{"count":1,"href":"https:\/\/imais.online\/portal\/wp-json\/wp\/v2\/posts\/23901\/revisions"}],"predecessor-version":[{"id":23903,"href":"https:\/\/imais.online\/portal\/wp-json\/wp\/v2\/posts\/23901\/revisions\/23903"}],"wp:featuredmedia":[{"embeddable":true,"href":"https:\/\/imais.online\/portal\/wp-json\/wp\/v2\/media\/23902"}],"wp:attachment":[{"href":"https:\/\/imais.online\/portal\/wp-json\/wp\/v2\/media?parent=23901"}],"wp:term":[{"taxonomy":"category","embeddable":true,"href":"https:\/\/imais.online\/portal\/wp-json\/wp\/v2\/categories?post=23901"},{"taxonomy":"post_tag","embeddable":true,"href":"https:\/\/imais.online\/portal\/wp-json\/wp\/v2\/tags?post=23901"}],"curies":[{"name":"wp","href":"https:\/\/api.w.org\/{rel}","templated":true}]}}