{"id":23904,"date":"2024-08-01T19:36:49","date_gmt":"2024-08-01T22:36:49","guid":{"rendered":"https:\/\/imais.online\/portal\/?p=23904"},"modified":"2024-08-01T19:36:51","modified_gmt":"2024-08-01T22:36:51","slug":"qualifica-sp-meu-primeiro-emprego-oferece-93-mil-vagas-em-cursos-gratuitos","status":"publish","type":"post","link":"https:\/\/imais.online\/portal\/qualifica-sp-meu-primeiro-emprego-oferece-93-mil-vagas-em-cursos-gratuitos\/","title":{"rendered":"Qualifica SP \u2013 Meu Primeiro Emprego oferece 9,3 mil vagas em cursos gratuitos"},"content":{"rendered":"<div class=\"imais-before-content-placement\" id=\"imais-1851059514\"><script async src=\"\/\/pagead2.googlesyndication.com\/pagead\/js\/adsbygoogle.js?client=ca-pub-8787528412751566\" crossorigin=\"anonymous\"><\/script><ins class=\"adsbygoogle\" style=\"display:block;\" data-ad-client=\"ca-pub-8787528412751566\" \ndata-ad-slot=\"\" \ndata-ad-format=\"auto\"><\/ins>\n<script> \n(adsbygoogle = window.adsbygoogle || []).push({}); \n<\/script>\n<\/div>\n<p class=\"has-text-align-center\">Programa Qualifica SP \u00e9 voltado para jovens de 16 a 24 anos que buscam qualifica\u00e7\u00e3o para o mercado de trabalho<\/p>\n\n\n\n<p>O Governo de S\u00e3o Paulo, por meio da Secretaria de Desenvolvimento Econ\u00f4mico (SDE), est\u00e1 com inscri\u00e7\u00f5es abertas at\u00e9 6 de agosto para mais de 9.300 vagas nos cursos profissionalizantes gratuitos do Qualifica SP \u2013 Meu Primeiro Emprego, em todo o estado. Os cadastros podem ser feitos pelo site&nbsp;<a href=\"http:\/\/www.qualificasp.sp.gov.br\/\" target=\"_blank\" rel=\"noreferrer noopener\">www.qualificasp.sp.gov.br<\/a>, no qual \u00e9 poss\u00edvel consultar os munic\u00edpios participantes.<\/p>\n\n\n\n<p>A a\u00e7\u00e3o \u00e9 destinada a jovens de 16 a 24 anos, com ensino fundamental completo, que moram no estado e desejam ingressar no mercado de trabalho. Luiz Filipe, por exemplo, \u00e9 graduado em Direito aos 24 anos de idade e optou por cursar AutoCAD para aprimoramento profissional. \u201c\u00c9 muito importante mostrar para o mercado de trabalho que voc\u00ea \u00e9 fluente em ferramentas de tecnologia. Por isso, considero o Qualifica SP t\u00e3o importante\u201d, relata.<\/p>\n\n\n\n<p>De acordo com dados do Minist\u00e9rio do Trabalho, o primeiro trimestre de 2024 registrou 4,6 milh\u00f5es de jovens entre 14 e 24 anos que n\u00e3o estudam nem possuem ocupa\u00e7\u00e3o profissional.<\/p>\n\n\n\n<h2 class=\"wp-block-heading\">Sobre os cursos<\/h2>\n\n\n\n<p>Todos os cursos foram pensados e desenvolvidos para atender \u00e0s demandas atuais do mercado de trabalho e abrangem as seguintes \u00e1reas: Tecnologia da Informa\u00e7\u00e3o; Gest\u00e3o e Neg\u00f3cios; e Automotivo. A oferta conta com 24 op\u00e7\u00f5es de qualifica\u00e7\u00f5es dispon\u00edveis, entre presenciais (6.445 vagas) e remotas (2.893 vagas), que t\u00eam dura\u00e7\u00e3o de 120 horas e que poder\u00e3o ser realizadas ao longo de quatro meses.<\/p>\n\n\n\n<p>As aulas presenciais v\u00e3o ocorrer em institui\u00e7\u00f5es de ensino parceiras, como Escolas T\u00e9cnicas (Etecs), Faculdades de Tecnologia (Fatecs) estaduais do Centro Paula Souza (CPS) e unidades do Senai de 89 munic\u00edpios do estado de S\u00e3o Paulo. J\u00e1 os cursos online ser\u00e3o ministrados de maneira ao vivo por meio da plataforma da Escola Start.<\/p>\n\n\n\n<p>A convoca\u00e7\u00e3o dos candidatos selecionados ocorrer\u00e1 por meio do e-mail informado durante o ato da inscri\u00e7\u00e3o. As aulas t\u00eam previs\u00e3o de in\u00edcio para 10 de agosto.<\/p>\n\n\n\n<h2 class=\"wp-block-heading\">Confira as 24 op\u00e7\u00f5es de cursos nas \u00e1reas de Gest\u00e3o e Neg\u00f3cios, Tecnologia da Informa\u00e7\u00e3o e Automotivo:<\/h2>\n\n\n\n<ul class=\"wp-block-list\">\n<li>Administra\u00e7\u00e3o de Redes Windows;<\/li>\n\n\n\n<li>Ajudante de Log\u00edstica;<\/li>\n\n\n\n<li>Aprenda a Programar em C#;<\/li>\n\n\n\n<li>Assistente Financeiro;<\/li>\n\n\n\n<li>Auxiliar de Vendas;<\/li>\n\n\n\n<li>Cria\u00e7\u00e3o de Aplicativos;<\/li>\n\n\n\n<li>Cria\u00e7\u00e3o de Sites com Marketing Digital;<\/li>\n\n\n\n<li>Cria\u00e7\u00e3o de Sites e Plataformas Digitais;<\/li>\n\n\n\n<li>Desenho no AutoCAD;<\/li>\n\n\n\n<li>Desenvolvimento de E-commerce;<\/li>\n\n\n\n<li>Desenvolvimento de Software para web e celular;<\/li>\n\n\n\n<li>Design de Plataforma Digitais e Experi\u00eancia do Usu\u00e1rio;<\/li>\n\n\n\n<li>Excel Aplicado \u00e0 \u00c1rea Administrativa;<\/li>\n\n\n\n<li>Gest\u00e3o de Pequenos Neg\u00f3cios;<\/li>\n\n\n\n<li>Introdu\u00e7\u00e3o \u00e0 Rob\u00f3tica Utilizando Ardu\u00edno;<\/li>\n\n\n\n<li>Introdu\u00e7\u00e3o ao Banco de Dados;<\/li>\n\n\n\n<li>Introdu\u00e7\u00e3o ao Desenvolvimento em Java;<\/li>\n\n\n\n<li>Jogos Digitais;<\/li>\n\n\n\n<li>Marketing Digital e Vendas em Redes Sociais;<\/li>\n\n\n\n<li>Office 2019;<\/li>\n\n\n\n<li>Rotinas de Recursos Humanos;<\/li>\n\n\n\n<li>Seguran\u00e7a Cibern\u00e9tica Fundamental;<\/li>\n\n\n\n<li>T\u00e9cnicas de Atendimento;<\/li>\n\n\n\n<li>Tecnologia e Eletricidade Automotiva.<\/li>\n<\/ul>\n","protected":false},"excerpt":{"rendered":"<p>Programa Qualifica SP \u00e9 voltado para jovens de 16 a 24 anos que buscam qualifica\u00e7\u00e3o para o mercado de trabalho O Governo de S\u00e3o Paulo, por meio da Secretaria de Desenvolvimento Econ\u00f4mico (SDE), est\u00e1 com inscri\u00e7\u00f5es abertas at\u00e9 6 de agosto para mais de 9.300 vagas nos cursos profissionalizantes gratuitos do Qualifica SP \u2013 Meu [&hellip;]<\/p>\n","protected":false},"author":7,"featured_media":23905,"comment_status":"closed","ping_status":"open","sticky":false,"template":"","format":"standard","meta":{"rop_custom_images_group":[],"rop_custom_messages_group":[],"rop_publish_now":"initial","rop_publish_now_accounts":[],"rop_publish_now_history":[],"rop_publish_now_status":"pending","footnotes":""},"categories":[195],"tags":[],"class_list":["post-23904","post","type-post","status-publish","format-standard","has-post-thumbnail","hentry","category-sao-paulo"],"amp_enabled":true,"_links":{"self":[{"href":"https:\/\/imais.online\/portal\/wp-json\/wp\/v2\/posts\/23904","targetHints":{"allow":["GET"]}}],"collection":[{"href":"https:\/\/imais.online\/portal\/wp-json\/wp\/v2\/posts"}],"about":[{"href":"https:\/\/imais.online\/portal\/wp-json\/wp\/v2\/types\/post"}],"author":[{"embeddable":true,"href":"https:\/\/imais.online\/portal\/wp-json\/wp\/v2\/users\/7"}],"replies":[{"embeddable":true,"href":"https:\/\/imais.online\/portal\/wp-json\/wp\/v2\/comments?post=23904"}],"version-history":[{"count":1,"href":"https:\/\/imais.online\/portal\/wp-json\/wp\/v2\/posts\/23904\/revisions"}],"predecessor-version":[{"id":23906,"href":"https:\/\/imais.online\/portal\/wp-json\/wp\/v2\/posts\/23904\/revisions\/23906"}],"wp:featuredmedia":[{"embeddable":true,"href":"https:\/\/imais.online\/portal\/wp-json\/wp\/v2\/media\/23905"}],"wp:attachment":[{"href":"https:\/\/imais.online\/portal\/wp-json\/wp\/v2\/media?parent=23904"}],"wp:term":[{"taxonomy":"category","embeddable":true,"href":"https:\/\/imais.online\/portal\/wp-json\/wp\/v2\/categories?post=23904"},{"taxonomy":"post_tag","embeddable":true,"href":"https:\/\/imais.online\/portal\/wp-json\/wp\/v2\/tags?post=23904"}],"curies":[{"name":"wp","href":"https:\/\/api.w.org\/{rel}","templated":true}]}}