{"id":23919,"date":"2024-08-02T11:00:33","date_gmt":"2024-08-02T14:00:33","guid":{"rendered":"https:\/\/imais.online\/portal\/?p=23919"},"modified":"2024-08-02T11:00:34","modified_gmt":"2024-08-02T14:00:34","slug":"o-livro-proibido-pela-cia-que-preve-o-fim-da-humanidade-entenda-teoria","status":"publish","type":"post","link":"https:\/\/imais.online\/portal\/o-livro-proibido-pela-cia-que-preve-o-fim-da-humanidade-entenda-teoria\/","title":{"rendered":"O livro proibido pela CIA que prev\u00ea o fim da humanidade; entenda teoria"},"content":{"rendered":"<div class=\"imais-before-content-placement\" id=\"imais-42288274\"><script async src=\"\/\/pagead2.googlesyndication.com\/pagead\/js\/adsbygoogle.js?client=ca-pub-8787528412751566\" crossorigin=\"anonymous\"><\/script><ins class=\"adsbygoogle\" style=\"display:block;\" data-ad-client=\"ca-pub-8787528412751566\" \ndata-ad-slot=\"\" \ndata-ad-format=\"auto\"><\/ins>\n<script> \n(adsbygoogle = window.adsbygoogle || []).push({}); \n<\/script>\n<\/div>\n<h2 class=\"wp-block-heading\">Obra chamada &#8216;A Hist\u00f3ria de Ad\u00e3o e Eva: A Era dos Cataclismos&#8217;, do autor Chan Thomas tornou-se p\u00fablico ap\u00f3s d\u00e9cadas de proibi\u00e7\u00e3o<\/h2>\n\n\n\n<p>Nas redes sociais, a publica\u00e7\u00e3o do autor americano Chan Thomas ganhou popularidade. Escrito em 1960, \u00e9 um dos textos favoritos dos entusiastas das teorias conspirat\u00f3rias. Em 1960, o autor Chan Thomas publicou um ensaio pol\u00eamico para a \u00e9poca, no qual apresentou uma hip\u00f3tese sobre um ciclo de destrui\u00e7\u00e3o em massa que amea\u00e7aria a humanidade. De acordo com o texto, seria poss\u00edvel prever cataclismos e, assim, evitar que as pessoas desaparecessem da face da Terra. No entanto, o texto permaneceu guardado pela Ag\u00eancia Central de Intelig\u00eancia (CIA) at\u00e9 que, ap\u00f3s d\u00e9cadas, foi decidido torn\u00e1-lo p\u00fablico.<\/p>\n\n\n\n<p>O livro se intitula &#8220;A Hist\u00f3ria de Ad\u00e3o e Eva: A Era dos Cataclismos&#8221; e despertou um sem-fim de teorias conspirativas sobre o fim dos tempos. Nas redes sociais, por exemplo, ganhou popularidade, j\u00e1 que alguns influenciadores se basearam nele para alegar desastres naturais e a\u00e7\u00f5es pol\u00edticas.<\/p>\n\n\n\n<figure class=\"wp-block-image\"><img decoding=\"async\" src=\"https:\/\/s2-oglobo.glbimg.com\/giREWUkEHgTlYrty4GsSPQ_TluA=\/0x0:780x1014\/984x0\/smart\/filters:strip_icc()\/i.s3.glbimg.com\/v1\/AUTH_da025474c0c44edd99332dddb09cabe8\/internal_photos\/bs\/2024\/t\/E\/3L4wFDRXCTlH9GtlHcCQ\/tapa-del-libro-la-historia-de-adan-y-eva-la-f5g7bkdgs5hebhrmmdy5nw4zve.avif\" alt=\"'A Hist\u00f3ria de Ad\u00e3o e Eva: A Era dos Cataclismos', de Chan Thomas \u2014 Foto: Reprodu\u00e7\u00e3o\/Goodreads\"\/><figcaption class=\"wp-element-caption\">&#8216;A Hist\u00f3ria de Ad\u00e3o e Eva: A Era dos Cataclismos&#8217;, de Chan Thomas \u2014 Foto: Reprodu\u00e7\u00e3o\/Goodreads<\/figcaption><\/figure>\n\n\n\n<p>Em 2013, foram desclassificadas 50 p\u00e1ginas, e posteriormente foi publicado um livro que detalha completamente a teoria proposta por Thomas. De acordo com sua vers\u00e3o, Thomas se considerava um ex-funcion\u00e1rio da For\u00e7a A\u00e9rea dos Estados Unidos e afirmou que os polos magn\u00e9ticos da Terra se invertem a cada 6,5 mil anos em 90 graus. Segundo ele, essa revers\u00e3o foi a causa da extin\u00e7\u00e3o de v\u00e1rias civiliza\u00e7\u00f5es.<\/p>\n\n\n\n<p>Para Thomas, o primeiro dil\u00favio ocorreu com Ad\u00e3o e Eva, o segundo com No\u00e9 e a Arca, mas o terceiro n\u00e3o aconteceu e estaria pr\u00f3ximo de ocorrer. Em janeiro de 2024, o tema foi discutido no podcast &#8220;<em>Joe Rogan Experience<\/em>&#8220;, de Joe Rogan, com a participa\u00e7\u00e3o do youtuber Jimmy Corsetti. A discuss\u00e3o rapidamente se tornou viral.<\/p>\n\n\n\n<p>Na conversa, ambos os influenciadores citaram algumas anomalias naturais que poderiam ser explicadas por esse fen\u00f4meno mencionado por Thomas, especialmente o aquecimento global, o aumento dos oceanos e a crise alimentar. O site &#8220;<em>Media Matters for America<\/em>&#8221; informou que, entre janeiro e fevereiro, o podcast recebeu mais de 20 milh\u00f5es de visualiza\u00e7\u00f5es, gerando um frenesi entre os seguidores das teorias conspirativas.<\/p>\n\n\n\n<h2 class=\"wp-block-heading\">Chan Thomas estava certo?<\/h2>\n\n\n\n<p>O autor do livro afirmava que, quando esse ciclo se completasse, um corpo celeste colidisse com o planeta, provocando desastres como mudan\u00e7as clim\u00e1ticas e extin\u00e7\u00f5es em massa. De acordo com o site americano &#8220;<em>History of Yesterday<\/em>&#8220;, ao longo da hist\u00f3ria, alguns eventos desconcertaram os cientistas, como a \u00faltima glacia\u00e7\u00e3o h\u00e1 pouco mais de 12 mil anos, que ocorreu de forma repentina e causou a extin\u00e7\u00e3o de v\u00e1rias esp\u00e9cies de animais.<\/p>\n\n\n\n<p>Martin Mlynczak, cientista pesquisador principal do Centro de Pesquisa Langley da NASA, disse ao<em>&nbsp;The Verge<\/em>: \u201cAlega\u00e7\u00f5es extraordin\u00e1rias requerem provas extraordin\u00e1rias. E n\u00e3o h\u00e1 provas, nem ci\u00eancia, nem f\u00edsica que sustentem qualquer uma das alega\u00e7\u00f5es sobre a associa\u00e7\u00e3o entre a mudan\u00e7a do campo magn\u00e9tico e as mudan\u00e7as clim\u00e1ticas\u201d. Ele acrescentou que, se o cataclismo ocorresse a cada 6,5 mil anos, seria vis\u00edvel pela quantidade de energia liberada. Portanto, o discurso foi considerado desprovido de evid\u00eancias cient\u00edficas comprov\u00e1veis.<\/p>\n\n\n\n<figure class=\"wp-block-image\"><img decoding=\"async\" src=\"https:\/\/s2-oglobo.glbimg.com\/mJ7esfUCHQo637ZuJpw1lHowNuU=\/0x0:3543x2362\/984x0\/smart\/filters:strip_icc()\/i.s3.glbimg.com\/v1\/AUTH_da025474c0c44edd99332dddb09cabe8\/internal_photos\/bs\/2023\/7\/f\/VYU0i2Sx61PjtutVWAdg\/103699169-topshot-a-fireman-douses-flames-on-a-wildfire-at-panorama-settlement-near-agioi-theodori.jpg\" alt=\"Um bombeiro tenta conter inc\u00eandio na \u00e1rea de Agioi Theodori, pr\u00f3ximo \u00e0 Atenas, na Gr\u00e9cia. As autoridades de sa\u00fade soaram alarmes da Am\u00e9rica do Norte \u00e0 Europa e \u00c1sia, pedindo \u00e0s pessoas que se mantenham hidratadas e protegidas do sol escaldante, em um lembrete dos efeitos do aquecimento global. \u2014 Foto: Valerie GACHE \/ AFP\"\/><figcaption class=\"wp-element-caption\">Um bombeiro tenta conter inc\u00eandio na \u00e1rea de Agioi Theodori, pr\u00f3ximo \u00e0 Atenas, na Gr\u00e9cia. As autoridades de sa\u00fade soaram alarmes da Am\u00e9rica do Norte \u00e0 Europa e \u00c1sia, pedindo \u00e0s pessoas que se mantenham hidratadas e protegidas do sol escaldante, em um lembrete dos efeitos do aquecimento global. \u2014 Foto: Valerie GACHE \/ AFP<\/figcaption><\/figure>\n\n\n\n<p>\u201cN\u00e3o h\u00e1 evid\u00eancias de que o clima da Terra tenha sido significativamente afetado pelas \u00faltimas tr\u00eas excurs\u00f5es do campo magn\u00e9tico, nem por qualquer evento de excurs\u00e3o nos \u00faltimos 2,8 milh\u00f5es de anos\u201d, concluiu.<\/p>\n\n\n\n<figure class=\"wp-block-image\"><img decoding=\"async\" src=\"https:\/\/s2-oglobo.glbimg.com\/27V8bcwoy0k4p2fCnz41YIEbzRY=\/0x0:1280x720\/888x0\/smart\/filters:strip_icc()\/i.s3.glbimg.com\/v1\/AUTH_da025474c0c44edd99332dddb09cabe8\/internal_photos\/bs\/2024\/O\/o\/VMAMOBS2ewTktUTmuyVw\/apocalypse-510961-1280.png\" alt=\"Livro dos anos 60 fala sobre cat\u00e1strofes futuras\"\/><\/figure>\n\n\n\n<p class=\"has-small-font-size\">Livro dos anos 60 fala sobre cat\u00e1strofes futuras \u2014 Foto: Pixabay<\/p>\n\n\n\n<p>Fonte O Globo <\/p>\n","protected":false},"excerpt":{"rendered":"<p>Obra chamada &#8216;A Hist\u00f3ria de Ad\u00e3o e Eva: A Era dos Cataclismos&#8217;, do autor Chan Thomas tornou-se p\u00fablico ap\u00f3s d\u00e9cadas de proibi\u00e7\u00e3o Nas redes sociais, a publica\u00e7\u00e3o do autor americano Chan Thomas ganhou popularidade. Escrito em 1960, \u00e9 um dos textos favoritos dos entusiastas das teorias conspirat\u00f3rias. Em 1960, o autor Chan Thomas publicou um [&hellip;]<\/p>\n","protected":false},"author":8,"featured_media":23920,"comment_status":"closed","ping_status":"open","sticky":false,"template":"","format":"standard","meta":{"rop_custom_images_group":[],"rop_custom_messages_group":[],"rop_publish_now":"initial","rop_publish_now_accounts":[],"rop_publish_now_history":[],"rop_publish_now_status":"pending","footnotes":""},"categories":[212],"tags":[],"class_list":["post-23919","post","type-post","status-publish","format-standard","has-post-thumbnail","hentry","category-internacional"],"amp_enabled":true,"_links":{"self":[{"href":"https:\/\/imais.online\/portal\/wp-json\/wp\/v2\/posts\/23919","targetHints":{"allow":["GET"]}}],"collection":[{"href":"https:\/\/imais.online\/portal\/wp-json\/wp\/v2\/posts"}],"about":[{"href":"https:\/\/imais.online\/portal\/wp-json\/wp\/v2\/types\/post"}],"author":[{"embeddable":true,"href":"https:\/\/imais.online\/portal\/wp-json\/wp\/v2\/users\/8"}],"replies":[{"embeddable":true,"href":"https:\/\/imais.online\/portal\/wp-json\/wp\/v2\/comments?post=23919"}],"version-history":[{"count":1,"href":"https:\/\/imais.online\/portal\/wp-json\/wp\/v2\/posts\/23919\/revisions"}],"predecessor-version":[{"id":23921,"href":"https:\/\/imais.online\/portal\/wp-json\/wp\/v2\/posts\/23919\/revisions\/23921"}],"wp:featuredmedia":[{"embeddable":true,"href":"https:\/\/imais.online\/portal\/wp-json\/wp\/v2\/media\/23920"}],"wp:attachment":[{"href":"https:\/\/imais.online\/portal\/wp-json\/wp\/v2\/media?parent=23919"}],"wp:term":[{"taxonomy":"category","embeddable":true,"href":"https:\/\/imais.online\/portal\/wp-json\/wp\/v2\/categories?post=23919"},{"taxonomy":"post_tag","embeddable":true,"href":"https:\/\/imais.online\/portal\/wp-json\/wp\/v2\/tags?post=23919"}],"curies":[{"name":"wp","href":"https:\/\/api.w.org\/{rel}","templated":true}]}}