{"id":23928,"date":"2024-08-05T10:35:26","date_gmt":"2024-08-05T13:35:26","guid":{"rendered":"https:\/\/imais.online\/portal\/?p=23928"},"modified":"2024-08-05T10:35:27","modified_gmt":"2024-08-05T13:35:27","slug":"primeira-ministra-de-bangladesh-renuncia-e-foge-do-pais-apos-protestos-com-300-mortos-dizem-forcas-armadas","status":"publish","type":"post","link":"https:\/\/imais.online\/portal\/primeira-ministra-de-bangladesh-renuncia-e-foge-do-pais-apos-protestos-com-300-mortos-dizem-forcas-armadas\/","title":{"rendered":"Primeira-ministra de Bangladesh renuncia e foge do pa\u00eds ap\u00f3s protestos com 300 mortos, dizem For\u00e7as Armadas"},"content":{"rendered":"<div class=\"imais-before-content-placement\" id=\"imais-525434749\"><script async src=\"\/\/pagead2.googlesyndication.com\/pagead\/js\/adsbygoogle.js?client=ca-pub-8787528412751566\" crossorigin=\"anonymous\"><\/script><ins class=\"adsbygoogle\" style=\"display:block;\" data-ad-client=\"ca-pub-8787528412751566\" \ndata-ad-slot=\"\" \ndata-ad-format=\"auto\"><\/ins>\n<script> \n(adsbygoogle = window.adsbygoogle || []).push({}); \n<\/script>\n<\/div>\n<h2 class=\"wp-block-heading\">Milhares de manifestantes invadiram a resid\u00eancia oficial do governo, que vem sendo alvo de uma onda de manifesta\u00e7\u00f5es estudantis contra uma pol\u00edtica de cotas para veteranos de guerra para empregos p\u00fablicos. Premi\u00ea estava no poder havia 15 anos.<\/h2>\n\n\n\n<p>A primeira-ministra de&nbsp;<a class=\"\" href=\"https:\/\/g1.globo.com\/tudo-sobre\/bangladesh\/\">Bangladesh<\/a>, Sheikh Hasina, renunciou nesta segunda-feira (5), segundo anunciou o comando das For\u00e7as Armadas, em meio a uma&nbsp;<a class=\"\" href=\"https:\/\/g1.globo.com\/mundo\/noticia\/2024\/08\/05\/protestos-em-bangladesh-sobe-para-300-numero-de-mortos.ghtml\">onda de protestos contra o governo que j\u00e1 deixou 300 mortos<\/a>.<\/p>\n\n\n\n<p>Ap\u00f3s renunciar, Hasina, que&nbsp;<strong>estava no poder havia 15 anos e uma das mulheres mais poderosas da \u00c1sia<\/strong>, deixou o pa\u00eds, ainda segundo os militares. As For\u00e7as Armadas&nbsp;<strong>anunciaram tamb\u00e9m a forma\u00e7\u00e3o de um governo interino comandado pelos militares<\/strong>.<\/p>\n\n\n\n<blockquote class=\"wp-block-quote is-layout-flow wp-block-quote-is-layout-flow\">\n<p>Um dos pa\u00edses mais populosos do mundo,&nbsp;<a class=\"\" href=\"https:\/\/g1.globo.com\/tudo-sobre\/bangladesh\/\">Bangladesh<\/a>, no sudeste asi\u00e1tico, vem sendo palco de protestos estudantis nas \u00faltimas semanas que j\u00e1 deixaram 300 mortos. Os manifestantes protestam contra o sistema de cotas do governo que reserva um ter\u00e7o dos empregos p\u00fablicos para parentes de veteranos da guerra contra o Paquist\u00e3o, em 1971, quando&nbsp;<a class=\"\" href=\"https:\/\/g1.globo.com\/tudo-sobre\/bangladesh\/\">Bangladesh<\/a>&nbsp;se tornou independente e virou um pa\u00eds.<\/p>\n<\/blockquote>\n\n\n\n<p>Tamb\u00e9m nesta segunda,&nbsp;<strong>milhares de manifestantes invadiram a resid\u00eancia oficial&nbsp;<\/strong>da premi\u00ea, na capital Daca (<em>veja v\u00eddeo abaixo<\/em>). Pela manh\u00e3, a<strong>&nbsp;internet chegou a ser bloqueada no pa\u00eds inteiro<\/strong>, ap\u00f3s um fim de semana com manifesta\u00e7\u00f5es massivas e violentas.<\/p>\n\n\n\n<p>Mais tarde, o aeroporto internacional de Daca foi fechado e permanecer\u00e1 sem atividades at\u00e9 o fim da tarde no hor\u00e1rio local, ainda segundo as For\u00e7as Armadas.<\/p>\n\n\n\n<p>Segundo o canal local CNN News 18,<strong>&nbsp;Hasina fugiu para a cidade de Agartala, no nordeste da \u00cdndia<\/strong>. Ainda de acordo com o canal, ela j\u00e1 chegou ao local, e o governo indiano deve oferecer prote\u00e7\u00e3o \u00e0 agora ex-premi\u00ea.<\/p>\n\n\n\n<p>Em pronunciamento, o chefe das For\u00e7as Armadas, Waker-uz-Zaman, disse que o&nbsp;<strong>governo interino funcionar\u00e1 at\u00e9 que uma solu\u00e7\u00e3o para o pa\u00eds seja encontrada<\/strong>.<\/p>\n\n\n\n<p>A pol\u00edtica de cotas<strong>&nbsp;havia sido abolida em 2018, mas foi restabelecida em junho deste ano<\/strong>. Em janeiro, manifestantes j\u00e1 haviam feito uma onda de protestos contra a premi\u00ea Sheikh Hasina ap\u00f3s ela se reeleger em um pleito do qual a oposi\u00e7\u00e3o se retirou alegando fraude.<\/p>\n\n\n\n<p>Os protestos, liderados por grupos de estudantes do pa\u00eds, come\u00e7aram em julho de forma pac\u00edfica, mas se tornaram violentos ap\u00f3s embates com a pol\u00edcia e com grupos pr\u00f3-governo. Analistas do pa\u00eds\u00a0<strong>tamb\u00e9m apontam influ\u00eancia das dif\u00edceis condi\u00e7\u00f5es econ\u00f4micas<\/strong>, incluindo infla\u00e7\u00e3o alta, aumento do desemprego e esgotamento das reservas estrangeiras.<\/p>\n\n\n\n<p>Fonte G1<\/p>\n","protected":false},"excerpt":{"rendered":"<p>Milhares de manifestantes invadiram a resid\u00eancia oficial do governo, que vem sendo alvo de uma onda de manifesta\u00e7\u00f5es estudantis contra uma pol\u00edtica de cotas para veteranos de guerra para empregos p\u00fablicos. Premi\u00ea estava no poder havia 15 anos. A primeira-ministra de&nbsp;Bangladesh, Sheikh Hasina, renunciou nesta segunda-feira (5), segundo anunciou o comando das For\u00e7as Armadas, em [&hellip;]<\/p>\n","protected":false},"author":8,"featured_media":23929,"comment_status":"closed","ping_status":"open","sticky":false,"template":"","format":"standard","meta":{"rop_custom_images_group":[],"rop_custom_messages_group":[],"rop_publish_now":"initial","rop_publish_now_accounts":[],"rop_publish_now_history":[],"rop_publish_now_status":"pending","footnotes":""},"categories":[212],"tags":[],"class_list":["post-23928","post","type-post","status-publish","format-standard","has-post-thumbnail","hentry","category-internacional"],"amp_enabled":true,"_links":{"self":[{"href":"https:\/\/imais.online\/portal\/wp-json\/wp\/v2\/posts\/23928","targetHints":{"allow":["GET"]}}],"collection":[{"href":"https:\/\/imais.online\/portal\/wp-json\/wp\/v2\/posts"}],"about":[{"href":"https:\/\/imais.online\/portal\/wp-json\/wp\/v2\/types\/post"}],"author":[{"embeddable":true,"href":"https:\/\/imais.online\/portal\/wp-json\/wp\/v2\/users\/8"}],"replies":[{"embeddable":true,"href":"https:\/\/imais.online\/portal\/wp-json\/wp\/v2\/comments?post=23928"}],"version-history":[{"count":1,"href":"https:\/\/imais.online\/portal\/wp-json\/wp\/v2\/posts\/23928\/revisions"}],"predecessor-version":[{"id":23930,"href":"https:\/\/imais.online\/portal\/wp-json\/wp\/v2\/posts\/23928\/revisions\/23930"}],"wp:featuredmedia":[{"embeddable":true,"href":"https:\/\/imais.online\/portal\/wp-json\/wp\/v2\/media\/23929"}],"wp:attachment":[{"href":"https:\/\/imais.online\/portal\/wp-json\/wp\/v2\/media?parent=23928"}],"wp:term":[{"taxonomy":"category","embeddable":true,"href":"https:\/\/imais.online\/portal\/wp-json\/wp\/v2\/categories?post=23928"},{"taxonomy":"post_tag","embeddable":true,"href":"https:\/\/imais.online\/portal\/wp-json\/wp\/v2\/tags?post=23928"}],"curies":[{"name":"wp","href":"https:\/\/api.w.org\/{rel}","templated":true}]}}