{"id":23934,"date":"2024-08-05T10:50:51","date_gmt":"2024-08-05T13:50:51","guid":{"rendered":"https:\/\/imais.online\/portal\/?p=23934"},"modified":"2024-08-05T10:50:51","modified_gmt":"2024-08-05T13:50:51","slug":"governo-reconhece-situacao-de-emergencia-por-estiagem-em-14-cidades-em-seis-estados","status":"publish","type":"post","link":"https:\/\/imais.online\/portal\/governo-reconhece-situacao-de-emergencia-por-estiagem-em-14-cidades-em-seis-estados\/","title":{"rendered":"Governo reconhece situa\u00e7\u00e3o de emerg\u00eancia por estiagem em 14 cidades em seis estados"},"content":{"rendered":"<div class=\"imais-before-content-placement\" id=\"imais-3809500319\"><script async src=\"\/\/pagead2.googlesyndication.com\/pagead\/js\/adsbygoogle.js?client=ca-pub-8787528412751566\" crossorigin=\"anonymous\"><\/script><ins class=\"adsbygoogle\" style=\"display:block;\" data-ad-client=\"ca-pub-8787528412751566\" \ndata-ad-slot=\"\" \ndata-ad-format=\"auto\"><\/ins>\n<script> \n(adsbygoogle = window.adsbygoogle || []).push({}); \n<\/script>\n<\/div>\n<h2 class=\"wp-block-heading\">Na semana passada, outros 24 munic\u00edpios foram colocados na lista pela falta de chuva<\/h2>\n\n\n\n<p>ASecretaria Nacional de Prote\u00e7\u00e3o e Defesa Civil reconheceu o\u00a0<a rel=\"noreferrer noopener\" href=\"https:\/\/noticias.r7.com\/brasilia\/brasil-teve-4255-mortes-e-prejuizo-de-r-500-bilhoes-em-desastres-ambientais-nos-ultimos-20-anos-17012024\/\" target=\"_blank\"><strong>estado de emerg\u00eancia<\/strong><\/a>\u00a0em 14 munic\u00edpios de seis estados brasileiros. A situa\u00e7\u00e3o \u00e9 causada pela\u00a0<a rel=\"noreferrer noopener\" href=\"https:\/\/noticias.r7.com\/brasilia\/camara-aprova-pec-que-preve-recursos-para-a-prevencao-de-desastres-naturais-11072024\/\" target=\"_blank\"><strong>estiagem<\/strong><\/a>, um per\u00edodo prolongado de baixa ou nenhuma chuva, em que a perda de umidade do solo \u00e9 superior \u00e0 sua reposi\u00e7\u00e3o, segundo o Cobrade (Classifica\u00e7\u00e3o e Codifica\u00e7\u00e3o Brasileira de Desastres). As\u00a0<a rel=\"noreferrer noopener\" href=\"https:\/\/noticias.r7.com\/brasilia\/prejuizos-por-seca-sao-os-maiores-no-pais-e-danos-chegam-a-r-391-bilhoes-em-24-anos-02062024\/\" target=\"_blank\"><strong>emerg\u00eancias foram reconhecidas\u00a0<\/strong><\/a>por meio de uma portaria publicada no Di\u00e1rio Oficial da Uni\u00e3o desta segunda-feira (5).<\/p>\n\n\n\n<p>A situa\u00e7\u00e3o de emerg\u00eancia p\u00fablica reconhece uma situa\u00e7\u00e3o anormal, provocada por desastres \u2014 como mudan\u00e7as clim\u00e1ticas \u2014 causando danos e preju\u00edzos que impliquem o com o comprometimento parcial da capacidade de resposta do poder p\u00fablico do ente atingido.<\/p>\n\n\n\n<p>Apesar de ser menos intensa que a seca, a estiagem produz reflexos sobre as reservas hidrol\u00f3gicas, o que pode causar graves preju\u00edzos \u00e0 agricultura e \u00e0 pecu\u00e1ria, por exemplo.<\/p>\n\n\n\n<p><em><strong>Veja lista completa das cidades:<\/strong><\/em><\/p>\n\n\n\n<ul class=\"wp-block-list\">\n<li>Senador Rui Palmeira (AL);<\/li>\n\n\n\n<li>Planaltino (BA);<\/li>\n\n\n\n<li>Caucaia (CE);<\/li>\n\n\n\n<li>Independ\u00eancia (CE);<\/li>\n\n\n\n<li>Salitre (CE);<\/li>\n\n\n\n<li>Brejinho (PE);<\/li>\n\n\n\n<li>Dona In\u00eas (PB);<\/li>\n\n\n\n<li>Barra de Santa Rosa (PB);<\/li>\n\n\n\n<li>S\u00e3o Francisco (PB);<\/li>\n\n\n\n<li>Salgadinho (PB);<\/li>\n\n\n\n<li>Jos\u00e9 de Princesa (PB);<\/li>\n\n\n\n<li>Campo Grande (RN);<\/li>\n\n\n\n<li>Serra de S\u00e3o Bento (RN);<\/li>\n\n\n\n<li>S\u00e3o Rafael (RN).<\/li>\n<\/ul>\n\n\n\n<h3 class=\"wp-block-heading\">Mais cidades<\/h3>\n\n\n\n<p>Na semana passada, o governo federal j\u00e1 havia reconhecido a situa\u00e7\u00e3o de emerg\u00eancia em 24 munic\u00edpios do Cear\u00e1, Rio Grande do Norte, Pernambuco, Para\u00edba, Bahia e Sergipe. Desses, 21 cidades sofrem com a estiagem, duas com as chuvas intensas e uma com a seca.<\/p>\n\n\n\n<p><em><strong>Confira a lista das cidades:<\/strong><\/em><\/p>\n\n\n\n<h3 class=\"wp-block-heading\">Estiagem<\/h3>\n\n\n\n<ul class=\"wp-block-list\">\n<li>Coronel Jo\u00e3o de S\u00e1 (BA);<\/li>\n\n\n\n<li>Rio do Ant\u00f4nio (BA);<\/li>\n\n\n\n<li>Aiuaba (CE);<\/li>\n\n\n\n<li>Canind\u00e9 (CE);<\/li>\n\n\n\n<li>Momba\u00e7a (CE);<\/li>\n\n\n\n<li>Solon\u00f3pole (CE);<\/li>\n\n\n\n<li>Assun\u00e7\u00e3o (PB);<\/li>\n\n\n\n<li>Cacimbas (PB);<\/li>\n\n\n\n<li>Desterro (PB);<\/li>\n\n\n\n<li>Montadas (PB);<\/li>\n\n\n\n<li>Riacho dos Cavalos (PB);<\/li>\n\n\n\n<li>Santa Cec\u00edlia (PB);<\/li>\n\n\n\n<li>Uira\u00fana (PB);<\/li>\n\n\n\n<li>Umbuzeiro (PB);<\/li>\n\n\n\n<li>Itapetim (PE);<\/li>\n\n\n\n<li>Passira (PE);<\/li>\n\n\n\n<li>Pedra (PE);<\/li>\n\n\n\n<li>Rafael Godeiro (RN);<\/li>\n\n\n\n<li>Santa Maria (RN);<\/li>\n\n\n\n<li>Santo Ant\u00f4nio (RN);<\/li>\n\n\n\n<li>S\u00e3o Miguel (RN);<\/li>\n<\/ul>\n\n\n\n<h3 class=\"wp-block-heading\">Chuvas Intensas<\/h3>\n\n\n\n<ul class=\"wp-block-list\">\n<li>Ribeira do Pombal (BA);<\/li>\n\n\n\n<li>Touros (RN)<\/li>\n<\/ul>\n\n\n\n<h3 class=\"wp-block-heading\">Seca<\/h3>\n\n\n\n<ul class=\"wp-block-list\">\n<li>Monte Alegre de Sergipe (SE)<\/li>\n<\/ul>\n\n\n\n<p>Fonte R7<\/p>\n","protected":false},"excerpt":{"rendered":"<p>Na semana passada, outros 24 munic\u00edpios foram colocados na lista pela falta de chuva ASecretaria Nacional de Prote\u00e7\u00e3o e Defesa Civil reconheceu o\u00a0estado de emerg\u00eancia\u00a0em 14 munic\u00edpios de seis estados brasileiros. A situa\u00e7\u00e3o \u00e9 causada pela\u00a0estiagem, um per\u00edodo prolongado de baixa ou nenhuma chuva, em que a perda de umidade do solo \u00e9 superior \u00e0 [&hellip;]<\/p>\n","protected":false},"author":8,"featured_media":23935,"comment_status":"closed","ping_status":"open","sticky":false,"template":"","format":"standard","meta":{"rop_custom_images_group":[],"rop_custom_messages_group":[],"rop_publish_now":"initial","rop_publish_now_accounts":[],"rop_publish_now_history":[],"rop_publish_now_status":"pending","footnotes":""},"categories":[189],"tags":[],"class_list":["post-23934","post","type-post","status-publish","format-standard","has-post-thumbnail","hentry","category-brasil"],"amp_enabled":true,"_links":{"self":[{"href":"https:\/\/imais.online\/portal\/wp-json\/wp\/v2\/posts\/23934","targetHints":{"allow":["GET"]}}],"collection":[{"href":"https:\/\/imais.online\/portal\/wp-json\/wp\/v2\/posts"}],"about":[{"href":"https:\/\/imais.online\/portal\/wp-json\/wp\/v2\/types\/post"}],"author":[{"embeddable":true,"href":"https:\/\/imais.online\/portal\/wp-json\/wp\/v2\/users\/8"}],"replies":[{"embeddable":true,"href":"https:\/\/imais.online\/portal\/wp-json\/wp\/v2\/comments?post=23934"}],"version-history":[{"count":1,"href":"https:\/\/imais.online\/portal\/wp-json\/wp\/v2\/posts\/23934\/revisions"}],"predecessor-version":[{"id":23936,"href":"https:\/\/imais.online\/portal\/wp-json\/wp\/v2\/posts\/23934\/revisions\/23936"}],"wp:featuredmedia":[{"embeddable":true,"href":"https:\/\/imais.online\/portal\/wp-json\/wp\/v2\/media\/23935"}],"wp:attachment":[{"href":"https:\/\/imais.online\/portal\/wp-json\/wp\/v2\/media?parent=23934"}],"wp:term":[{"taxonomy":"category","embeddable":true,"href":"https:\/\/imais.online\/portal\/wp-json\/wp\/v2\/categories?post=23934"},{"taxonomy":"post_tag","embeddable":true,"href":"https:\/\/imais.online\/portal\/wp-json\/wp\/v2\/tags?post=23934"}],"curies":[{"name":"wp","href":"https:\/\/api.w.org\/{rel}","templated":true}]}}