{"id":23951,"date":"2024-08-06T09:31:37","date_gmt":"2024-08-06T12:31:37","guid":{"rendered":"https:\/\/imais.online\/portal\/?p=23951"},"modified":"2024-08-06T09:31:38","modified_gmt":"2024-08-06T12:31:38","slug":"kamala-harris-e-formalmente-nomeada-candidata-do-partido-democrata","status":"publish","type":"post","link":"https:\/\/imais.online\/portal\/kamala-harris-e-formalmente-nomeada-candidata-do-partido-democrata\/","title":{"rendered":"Kamala Harris \u00e9 formalmente nomeada candidata do Partido Democrata"},"content":{"rendered":"<div class=\"imais-before-content-placement\" id=\"imais-3426327985\"><script async src=\"\/\/pagead2.googlesyndication.com\/pagead\/js\/adsbygoogle.js?client=ca-pub-8787528412751566\" crossorigin=\"anonymous\"><\/script><ins class=\"adsbygoogle\" style=\"display:block;\" data-ad-client=\"ca-pub-8787528412751566\" \ndata-ad-slot=\"\" \ndata-ad-format=\"auto\"><\/ins>\n<script> \n(adsbygoogle = window.adsbygoogle || []).push({}); \n<\/script>\n<\/div>\n<p><strong>A nomea\u00e7\u00e3o se tornou oficial ap\u00f3s cinco dias de vota\u00e7\u00e3o online pelos delegados do partido na Conven\u00e7\u00e3o Nacional Democrata, encerrada na noite da segunda-feira, 5.<\/strong><\/p>\n\n\n\n<p>A vice-presidente dos Estados Unidos, Kamala Harris, foi formalmente nomeada como candidata do Partido Democrata \u00e0s elei\u00e7\u00f5es presidenciais do pa\u00eds. Ela \u00e9 a primeira mulher n\u00e3o-branca a liderar a chapa de um grande partido norte-americano.<\/p>\n\n\n\n<p>A nomea\u00e7\u00e3o se tornou oficial ap\u00f3s cinco dias de vota\u00e7\u00e3o online pelos delegados do partido na Conven\u00e7\u00e3o Nacional Democrata, encerrada na noite da segunda-feira, 5. Em declara\u00e7\u00e3o divulgada pouco antes da meia-noite (pelo hor\u00e1rio local), os democratas informaram que 99% dos votantes confirmaram apoio a Harris.<\/p>\n\n\n\n<p>A defini\u00e7\u00e3o encerra um per\u00edodo tumultuado para os democratas, que come\u00e7ou com o desempenho desastroso do presidente Joe Biden em um debate com Donald Trump em junho.<\/p>\n\n\n\n<p>A confian\u00e7a abalada dos seus pr\u00f3prios apoiadores estimulou uma guerra intrapartid\u00e1ria que culminou na desist\u00eancia da reelei\u00e7\u00e3o. Desde que anunciou a decis\u00e3o de deixar a disputa, Biden endossa a candidatura de sua vice.<\/p>\n\n\n\n<p>Harris j\u00e1 indicou que n\u00e3o planeja se desviar muito dos temas e pol\u00edticas que enquadraram a candidatura de Biden, como democracia, preven\u00e7\u00e3o da viol\u00eancia armada e direitos ao aborto.<\/p>\n\n\n\n<p>Mas sua estrat\u00e9gia pode ser muito mais feroz, particularmente quando ela invoca a experi\u00eancia como promotora para criticar Trump e suas 34 condena\u00e7\u00f5es por crimes graves por falsifica\u00e7\u00e3o de registros comerciais. Fonte:&nbsp;<em>Associated Press<\/em><\/p>\n\n\n\n<p>Estad\u00e3o conte\u00fado<\/p>\n\n\n\n<p><\/p>\n","protected":false},"excerpt":{"rendered":"<p>A nomea\u00e7\u00e3o se tornou oficial ap\u00f3s cinco dias de vota\u00e7\u00e3o online pelos delegados do partido na Conven\u00e7\u00e3o Nacional Democrata, encerrada na noite da segunda-feira, 5. A vice-presidente dos Estados Unidos, Kamala Harris, foi formalmente nomeada como candidata do Partido Democrata \u00e0s elei\u00e7\u00f5es presidenciais do pa\u00eds. Ela \u00e9 a primeira mulher n\u00e3o-branca a liderar a chapa [&hellip;]<\/p>\n","protected":false},"author":8,"featured_media":23952,"comment_status":"closed","ping_status":"open","sticky":false,"template":"","format":"standard","meta":{"rop_custom_images_group":[],"rop_custom_messages_group":[],"rop_publish_now":"initial","rop_publish_now_accounts":[],"rop_publish_now_history":[],"rop_publish_now_status":"pending","footnotes":""},"categories":[212],"tags":[],"class_list":["post-23951","post","type-post","status-publish","format-standard","has-post-thumbnail","hentry","category-internacional"],"amp_enabled":true,"_links":{"self":[{"href":"https:\/\/imais.online\/portal\/wp-json\/wp\/v2\/posts\/23951","targetHints":{"allow":["GET"]}}],"collection":[{"href":"https:\/\/imais.online\/portal\/wp-json\/wp\/v2\/posts"}],"about":[{"href":"https:\/\/imais.online\/portal\/wp-json\/wp\/v2\/types\/post"}],"author":[{"embeddable":true,"href":"https:\/\/imais.online\/portal\/wp-json\/wp\/v2\/users\/8"}],"replies":[{"embeddable":true,"href":"https:\/\/imais.online\/portal\/wp-json\/wp\/v2\/comments?post=23951"}],"version-history":[{"count":1,"href":"https:\/\/imais.online\/portal\/wp-json\/wp\/v2\/posts\/23951\/revisions"}],"predecessor-version":[{"id":23953,"href":"https:\/\/imais.online\/portal\/wp-json\/wp\/v2\/posts\/23951\/revisions\/23953"}],"wp:featuredmedia":[{"embeddable":true,"href":"https:\/\/imais.online\/portal\/wp-json\/wp\/v2\/media\/23952"}],"wp:attachment":[{"href":"https:\/\/imais.online\/portal\/wp-json\/wp\/v2\/media?parent=23951"}],"wp:term":[{"taxonomy":"category","embeddable":true,"href":"https:\/\/imais.online\/portal\/wp-json\/wp\/v2\/categories?post=23951"},{"taxonomy":"post_tag","embeddable":true,"href":"https:\/\/imais.online\/portal\/wp-json\/wp\/v2\/tags?post=23951"}],"curies":[{"name":"wp","href":"https:\/\/api.w.org\/{rel}","templated":true}]}}