{"id":23954,"date":"2024-08-06T09:36:22","date_gmt":"2024-08-06T12:36:22","guid":{"rendered":"https:\/\/imais.online\/portal\/?p=23954"},"modified":"2024-08-06T09:36:23","modified_gmt":"2024-08-06T12:36:23","slug":"faustao-emociona-ao-fazer-desabafo-apos-morte-de-caculinha-um-dos-amigos-mais-antigos","status":"publish","type":"post","link":"https:\/\/imais.online\/portal\/faustao-emociona-ao-fazer-desabafo-apos-morte-de-caculinha-um-dos-amigos-mais-antigos\/","title":{"rendered":"Faust\u00e3o emociona ao fazer desabafo ap\u00f3s morte de Ca\u00e7ulinha: \u201cUm dos amigos mais antigos\u201d"},"content":{"rendered":"<div class=\"imais-before-content-placement\" id=\"imais-2584389171\"><script async src=\"\/\/pagead2.googlesyndication.com\/pagead\/js\/adsbygoogle.js?client=ca-pub-8787528412751566\" crossorigin=\"anonymous\"><\/script><ins class=\"adsbygoogle\" style=\"display:block;\" data-ad-client=\"ca-pub-8787528412751566\" \ndata-ad-slot=\"\" \ndata-ad-format=\"auto\"><\/ins>\n<script> \n(adsbygoogle = window.adsbygoogle || []).push({}); \n<\/script>\n<\/div>\n<p>Durante mais de duas d\u00e9cadas, o apresentador&nbsp;<strong>Faust\u00e3o&nbsp;<\/strong>foi colega de trabalho de&nbsp;<strong>Ca\u00e7ulinha<\/strong>, m\u00fasico que morreu aos 86 anos em S\u00e3o Paulo, na madrugada desta segunda-feira (05\/08). Ele estava internado h\u00e1 10 dias ap\u00f3s sofrer um infarto.<\/p>\n\n\n\n<p><a href=\"https:\/\/nosbastidores.com.br\/joao-guilherme-silva-filho-de-faustao-diz-nao-querer-saber-da-heranca-do-pai\/\">O comunicador<\/a>&nbsp;fez um desabafo ao Gshow sobre a sua amizade com o artista e emocionou: \u201c<em>Fora a import\u00e2ncia na m\u00fasica brasileira, no show do Brasil e em termos culturais, um cara que trabalhou com Tony Bennett, Roberto Carlos, Elis Regina, Elizeth Cardoso, Angela Maria, Cauby Peixoto, [\u00e9] um dos maiores nomes da m\u00fasica brasileira com muita lealdade e muita compet\u00eancia e muita versatilidade<\/em>.&nbsp;<em>Ca\u00e7ula \u00e9 um dos meus amigos mais antigos, somos amigos e irm\u00e3os desde 1965, eu o conheci apresentando um programa de r\u00e1dio chamado R\u00e1dio Baile, em Campinas, desde l\u00e1 tivemos uma conviv\u00eancia absurda de viajar junto, de dividir a vida junto, de curtir os altos e baixos da vida\u201d.<\/em><\/p>\n\n\n\n<p>\u201c<em>Foi um prazer ter trabalhado com ele. Um \u00f3timo car\u00e1ter, um cara criativo que convivi bastante<\/em>.\u00a0<em>Meu \u00fanico consolo \u00e9 que ele teve uma estrutura de vida extraordin\u00e1ria. Uma irm\u00e3, a Wanda, que foi excelente e as sobrinhas que deram a ele toda o carinho e dignidade como ele mereceu. Ainda bem que ele n\u00e3o sofreu tanto como em algumas doen\u00e7as, ele viveu e entrou no grande baile da vida, fez hist\u00f3ria e deixar\u00e1 saudades<\/em>\u201c, declarou o artista.<\/p>\n\n\n\n<h2 class=\"wp-block-heading\">Ca\u00e7ulinha: Luciana Cardoso, esposa de Faust\u00e3o, lamenta morte do m\u00fasico<\/h2>\n\n\n\n<p><strong>Ca\u00e7ulinha<\/strong>, m\u00fasico conhecido por suas duas d\u00e9cadas de trabalho no \u201c<em>Doming\u00e3o do Faust\u00e3o<\/em>\u201c, faleceu na madrugada desta segunda-feira (5) aos 86 anos.<strong>&nbsp;Luciana Cardoso<\/strong>,&nbsp;<a href=\"https:\/\/nosbastidores.com.br\/caculinha-luciana-cardoso-esposa-de-faustao-lamenta-morte-do-musico\/\">esposa&nbsp;do apresentador<\/a>&nbsp;<strong>Fausto Silva<\/strong>, utilizou as redes sociais para expressar seu pesar pela perda. Ca\u00e7ulinha estava internado h\u00e1 dez dias no&nbsp;<em>Hospital Sancta Maggiore<\/em>, em S\u00e3o Paulo, ap\u00f3s sofrer um infarto.<\/p>\n\n\n\n<p>\u201c<em>Quando conheci o Fausto, em 2001, na primeira viagem que fizemos, n\u00f3s tivemos a companhia desses dois amigos: Vicente Raiola e Ca\u00e7ulinha. Essa dupla era muito divertida. A viagem incluiu muitas gargalhadas e demonstra\u00e7\u00f5es de amizade entre eles<\/em>\u201c,\u00a0relembrou\u00a0<a href=\"https:\/\/www.instagram.com\/lucard\/\">a famosa<\/a>. Ela ainda acrescentou: \u201c<em>Nesses dias, me senti dentro de um roteiro digno das grandes com\u00e9dias italianas. Raiola, Ca\u00e7ula e Luiz Schimidt foram os tr\u00eas padrinhos do Fausto escolhidos para o nosso casamento. Os tr\u00eas j\u00e1 se foram e deixaram muitas saudades na nossa fam\u00edlia. Vai em paz, querido Ca\u00e7ula!<\/em>\u201d<\/p>\n\n\n\n<p>Fonte R7<\/p>\n","protected":false},"excerpt":{"rendered":"<p>Durante mais de duas d\u00e9cadas, o apresentador&nbsp;Faust\u00e3o&nbsp;foi colega de trabalho de&nbsp;Ca\u00e7ulinha, m\u00fasico que morreu aos 86 anos em S\u00e3o Paulo, na madrugada desta segunda-feira (05\/08). Ele estava internado h\u00e1 10 dias ap\u00f3s sofrer um infarto. O comunicador&nbsp;fez um desabafo ao Gshow sobre a sua amizade com o artista e emocionou: \u201cFora a import\u00e2ncia na m\u00fasica [&hellip;]<\/p>\n","protected":false},"author":8,"featured_media":23955,"comment_status":"closed","ping_status":"open","sticky":false,"template":"","format":"standard","meta":{"rop_custom_images_group":[],"rop_custom_messages_group":[],"rop_publish_now":"initial","rop_publish_now_accounts":[],"rop_publish_now_history":[],"rop_publish_now_status":"pending","footnotes":""},"categories":[237],"tags":[],"class_list":["post-23954","post","type-post","status-publish","format-standard","has-post-thumbnail","hentry","category-luto"],"amp_enabled":true,"_links":{"self":[{"href":"https:\/\/imais.online\/portal\/wp-json\/wp\/v2\/posts\/23954","targetHints":{"allow":["GET"]}}],"collection":[{"href":"https:\/\/imais.online\/portal\/wp-json\/wp\/v2\/posts"}],"about":[{"href":"https:\/\/imais.online\/portal\/wp-json\/wp\/v2\/types\/post"}],"author":[{"embeddable":true,"href":"https:\/\/imais.online\/portal\/wp-json\/wp\/v2\/users\/8"}],"replies":[{"embeddable":true,"href":"https:\/\/imais.online\/portal\/wp-json\/wp\/v2\/comments?post=23954"}],"version-history":[{"count":1,"href":"https:\/\/imais.online\/portal\/wp-json\/wp\/v2\/posts\/23954\/revisions"}],"predecessor-version":[{"id":23956,"href":"https:\/\/imais.online\/portal\/wp-json\/wp\/v2\/posts\/23954\/revisions\/23956"}],"wp:featuredmedia":[{"embeddable":true,"href":"https:\/\/imais.online\/portal\/wp-json\/wp\/v2\/media\/23955"}],"wp:attachment":[{"href":"https:\/\/imais.online\/portal\/wp-json\/wp\/v2\/media?parent=23954"}],"wp:term":[{"taxonomy":"category","embeddable":true,"href":"https:\/\/imais.online\/portal\/wp-json\/wp\/v2\/categories?post=23954"},{"taxonomy":"post_tag","embeddable":true,"href":"https:\/\/imais.online\/portal\/wp-json\/wp\/v2\/tags?post=23954"}],"curies":[{"name":"wp","href":"https:\/\/api.w.org\/{rel}","templated":true}]}}