{"id":23964,"date":"2024-08-07T10:32:24","date_gmt":"2024-08-07T13:32:24","guid":{"rendered":"https:\/\/imais.online\/portal\/?p=23964"},"modified":"2024-08-07T10:32:25","modified_gmt":"2024-08-07T13:32:25","slug":"frente-fria-chega-hoje-ao-centro-sul-e-deve-derrubar-temperatura-para-9c-em-sp-no-fim-da-semana","status":"publish","type":"post","link":"https:\/\/imais.online\/portal\/frente-fria-chega-hoje-ao-centro-sul-e-deve-derrubar-temperatura-para-9c-em-sp-no-fim-da-semana\/","title":{"rendered":"Frente fria chega hoje ao Centro-Sul e deve derrubar temperatura para 9\u00b0C em SP no fim da semana"},"content":{"rendered":"<div class=\"imais-before-content-placement\" id=\"imais-1774544932\"><script async src=\"\/\/pagead2.googlesyndication.com\/pagead\/js\/adsbygoogle.js?client=ca-pub-8787528412751566\" crossorigin=\"anonymous\"><\/script><ins class=\"adsbygoogle\" style=\"display:block;\" data-ad-client=\"ca-pub-8787528412751566\" \ndata-ad-slot=\"\" \ndata-ad-format=\"auto\"><\/ins>\n<script> \n(adsbygoogle = window.adsbygoogle || []).push({}); \n<\/script>\n<\/div>\n<h2 class=\"wp-block-heading\">Onda de frio far\u00e1 term\u00f4metros recuarem para at\u00e9 3\u00b0C em Curitiba (PR), 7\u00b0C em Campo Grande (MS) e 11\u00b0C em Cuiab\u00e1 (MT)<\/h2>\n\n\n\n<p>Prepare a blusa e o cobertor:&nbsp;<strong>uma frente fria<\/strong>&nbsp;dever\u00e1 chegar \u00e0s regi\u00f5es&nbsp;<strong>Sul, Sudeste e Centro-Oeste<\/strong>&nbsp;na noite desta quarta-feira (7) e&nbsp;<strong>derrubar as temperaturas<\/strong>&nbsp;aos poucos at\u00e9 o final de semana, segundo informa\u00e7\u00f5es do Inmet (Instituto Nacional de Meteorologia).<\/p>\n\n\n\n<p>Hoje, a sensa\u00e7\u00e3o de frio n\u00e3o ser\u00e1 t\u00e3o forte, mas os moradores de S\u00e3o Paulo, Paran\u00e1, Santa Catarina, Rio Grande do Sul, Mato Grosso do Sul e at\u00e9 do Mato Grosso v\u00e3o perceber a mudan\u00e7a do tempo at\u00e9 s\u00e1bado.<\/p>\n\n\n\n<p>Nesta quarta, S\u00e3o Paulo ter\u00e1 m\u00ednima de 19 \u00b0C e m\u00e1xima de 29 \u00b0C, com c\u00e9u nublado. Por\u00e9m, Belo Horizonte (MG) j\u00e1 ter\u00e1 uma queda nos term\u00f4metros, com m\u00ednima de 12 \u00b0C.<\/p>\n\n\n\n<p>Os curitibanos v\u00e3o sentir o frio de 15 \u00b0C, enquanto quem estiver em Florian\u00f3polis ter\u00e1 m\u00ednima de 18 \u00b0C. Em Porto Alegre, a temperatura m\u00ednima ser\u00e1 de 18 \u00b0C, enquanto a m\u00e1xima n\u00e3o passa de 22 \u00b0C.<\/p>\n\n\n\n<h3 class=\"wp-block-heading\">Final de semana gelado<\/h3>\n\n\n\n<p>No s\u00e1bado (10), a previs\u00e3o de m\u00ednima para S\u00e3o Paulo \u00e9 de 9 \u00b0C, enquanto a m\u00e1xima n\u00e3o passa de 20 \u00b0C \u2014 a capital paulista ainda dever\u00e1 ter muitas nuvens com chuva isolada. O Rio de Janeiro (RJ) n\u00e3o dever\u00e1 enfrentar mudan\u00e7as bruscas, j\u00e1 que ter\u00e1 temperaturas entre 17 \u00b0C e 25 \u00b0C.<\/p>\n\n\n\n<p>No Centro-Oeste, Campo Grande (MS) ter\u00e1 m\u00ednima de 7 \u00b0C e m\u00e1xima de 19 \u00b0C, com chance de geada. Em Cuiab\u00e1 (MT), os moradores v\u00e3o encarar term\u00f4metros entre 11 \u00b0C e 25 \u00b0C e c\u00e9u nublado.<\/p>\n\n\n\n<p>Em Curitiba (PR), os term\u00f4metros dever\u00e3o ficar entre 15 \u00b0C na m\u00e1xima e 3 \u00b0C na m\u00ednima, o que coloca a cidade como a mais fria do pa\u00eds. Existe a possibilidade de geada na capital paranaense.<\/p>\n\n\n\n<p>Florian\u00f3polis (SC) ter\u00e1 temperaturas entre 10 \u00b0C e 17 \u00b0C, com muitas nuvens. Por fim, no Sul, Porto Alegre (RS) ficar\u00e1 nublada, com chance de chuva isolada, e term\u00f4metros entre 8 \u00b0C e 13 \u00b0C.<\/p>\n\n\n\n<p>Fonte R7<\/p>\n\n\n\n<p><\/p>\n","protected":false},"excerpt":{"rendered":"<p>Onda de frio far\u00e1 term\u00f4metros recuarem para at\u00e9 3\u00b0C em Curitiba (PR), 7\u00b0C em Campo Grande (MS) e 11\u00b0C em Cuiab\u00e1 (MT) Prepare a blusa e o cobertor:&nbsp;uma frente fria&nbsp;dever\u00e1 chegar \u00e0s regi\u00f5es&nbsp;Sul, Sudeste e Centro-Oeste&nbsp;na noite desta quarta-feira (7) e&nbsp;derrubar as temperaturas&nbsp;aos poucos at\u00e9 o final de semana, segundo informa\u00e7\u00f5es do Inmet (Instituto Nacional [&hellip;]<\/p>\n","protected":false},"author":8,"featured_media":23965,"comment_status":"closed","ping_status":"open","sticky":false,"template":"","format":"standard","meta":{"rop_custom_images_group":[],"rop_custom_messages_group":[],"rop_publish_now":"initial","rop_publish_now_accounts":[],"rop_publish_now_history":[],"rop_publish_now_status":"pending","footnotes":""},"categories":[189],"tags":[73],"class_list":["post-23964","post","type-post","status-publish","format-standard","has-post-thumbnail","hentry","category-brasil","tag-featured"],"amp_enabled":true,"_links":{"self":[{"href":"https:\/\/imais.online\/portal\/wp-json\/wp\/v2\/posts\/23964","targetHints":{"allow":["GET"]}}],"collection":[{"href":"https:\/\/imais.online\/portal\/wp-json\/wp\/v2\/posts"}],"about":[{"href":"https:\/\/imais.online\/portal\/wp-json\/wp\/v2\/types\/post"}],"author":[{"embeddable":true,"href":"https:\/\/imais.online\/portal\/wp-json\/wp\/v2\/users\/8"}],"replies":[{"embeddable":true,"href":"https:\/\/imais.online\/portal\/wp-json\/wp\/v2\/comments?post=23964"}],"version-history":[{"count":1,"href":"https:\/\/imais.online\/portal\/wp-json\/wp\/v2\/posts\/23964\/revisions"}],"predecessor-version":[{"id":23966,"href":"https:\/\/imais.online\/portal\/wp-json\/wp\/v2\/posts\/23964\/revisions\/23966"}],"wp:featuredmedia":[{"embeddable":true,"href":"https:\/\/imais.online\/portal\/wp-json\/wp\/v2\/media\/23965"}],"wp:attachment":[{"href":"https:\/\/imais.online\/portal\/wp-json\/wp\/v2\/media?parent=23964"}],"wp:term":[{"taxonomy":"category","embeddable":true,"href":"https:\/\/imais.online\/portal\/wp-json\/wp\/v2\/categories?post=23964"},{"taxonomy":"post_tag","embeddable":true,"href":"https:\/\/imais.online\/portal\/wp-json\/wp\/v2\/tags?post=23964"}],"curies":[{"name":"wp","href":"https:\/\/api.w.org\/{rel}","templated":true}]}}