{"id":23976,"date":"2024-08-08T09:56:57","date_gmt":"2024-08-08T12:56:57","guid":{"rendered":"https:\/\/imais.online\/portal\/?p=23976"},"modified":"2024-08-08T09:56:58","modified_gmt":"2024-08-08T12:56:58","slug":"com-avanco-de-nova-frente-fria-capitais-devem-ter-queda-de-ate-14c-nos-proximos-dias","status":"publish","type":"post","link":"https:\/\/imais.online\/portal\/com-avanco-de-nova-frente-fria-capitais-devem-ter-queda-de-ate-14c-nos-proximos-dias\/","title":{"rendered":"Com avan\u00e7o de nova frente fria, capitais devem ter queda de at\u00e9 14\u00b0C nos pr\u00f3ximos dias"},"content":{"rendered":"<div class=\"imais-before-content-placement\" id=\"imais-2517682141\"><script async src=\"\/\/pagead2.googlesyndication.com\/pagead\/js\/adsbygoogle.js?client=ca-pub-8787528412751566\" crossorigin=\"anonymous\"><\/script><ins class=\"adsbygoogle\" style=\"display:block;\" data-ad-client=\"ca-pub-8787528412751566\" \ndata-ad-slot=\"\" \ndata-ad-format=\"auto\"><\/ins>\n<script> \n(adsbygoogle = window.adsbygoogle || []).push({}); \n<\/script>\n<\/div>\n<h2 class=\"wp-block-heading\">Massa de ar polar \u00e9 a primeira do ano a atingir todos os estados das regi\u00f5es Centro-Oeste e Sudeste. Frio deve chegar at\u00e9 a regi\u00e3o Norte.<\/h2>\n\n\n\n<p>A nova frente fria que se formou no Sul nesta quarta-feira (7) deve fazer com que<strong>&nbsp;capitais tenham queda de at\u00e9 14\u00b0C nas temperaturas m\u00e1ximas<\/strong>&nbsp;nos pr\u00f3ximos dias.<\/p>\n\n\n\n<p>A massa de ar polar deve<strong>&nbsp;avan\u00e7ar para o Sudeste j\u00e1 nesta quinta-feira (8)&nbsp;<\/strong>e \u00e9 a primeira frente fria do ano que vai conseguir atingir todos os estados das regi\u00f5es Centro-Oeste e Sudeste.<\/p>\n\n\n\n<p>De acordo com o Instituto Nacional de Meteorologia (<a class=\"\" href=\"https:\/\/g1.globo.com\/tudo-sobre\/inmet\/\">Inmet<\/a>), a mudan\u00e7a come\u00e7a a ser sentida nesta quinta no Mato Grosso do Sul, no sul e sudoeste do Mato Grosso e no sul e sudeste de S\u00e3o Paulo.<\/p>\n\n\n\n<p>A partir de sexta-feira (9), a massa se desloca para os outros estados do Centro-Oeste, demais \u00e1reas de S\u00e3o Paulo, Rio de Janeiro e Tri\u00e2ngulo Mineiro.<\/p>\n\n\n\n<p>No fim de semana, a expectativa \u00e9 que o ar frio se propague por quase todo o pa\u00eds, chegando, inclusive, em parte da regi\u00e3o Norte.<\/p>\n\n\n\n<figure class=\"wp-block-image\"><img decoding=\"async\" src=\"https:\/\/s2-g1.glbimg.com\/eopAfiOoxx4mBdQkI_rhVpR6ids=\/0x0:650x769\/984x0\/smart\/filters:strip_icc()\/i.s3.glbimg.com\/v1\/AUTH_59edd422c0c84a879bd37670ae4f538a\/internal_photos\/bs\/2024\/t\/N\/tFeZ82RWyItd9Lwd6zBg\/050824-info-frente-fria-v02.png\" alt=\"Nova frente fria deve avan\u00e7ar pelo pa\u00eds nos pr\u00f3ximos dias. \u2014 Foto: Arte\/g1\"\/><\/figure>\n\n\n\n<p>Nova frente fria deve avan\u00e7ar pelo pa\u00eds nos pr\u00f3ximos dias. \u2014 Foto: Arte\/g1<\/p>\n\n\n\n<h2 class=\"wp-block-heading\">Queda nas temperaturas<\/h2>\n\n\n\n<p>Considerado bastante intenso, o ar polar vai avan\u00e7ar de forma continental, causando o decl\u00ednio das temperaturas em boa parte do pa\u00eds.<\/p>\n\n\n\n<p>Em algumas capitais das regi\u00f5es Sul, Sudeste e Centro-Oeste, a&nbsp;<strong>queda nas m\u00e1ximas deve ser bastante expressiva<\/strong>.&nbsp;<em>(veja abaixo como ficam as temperaturas nas capitais)<\/em><\/p>\n\n\n\n<p>Em\u00a0<strong>Cuiab\u00e1<\/strong>, por exemplo, a m\u00e1xima registrada no s\u00e1bado (10)<strong>\u00a0n\u00e3o deve passar dos 26\u00b0C<\/strong>. A temperatura \u00e9\u00a0<strong>11 graus mais baixa<\/strong>\u00a0do que o previsto para esta quinta, na casa dos 37\u00b0C.<\/p>\n\n\n\n<figure class=\"wp-block-image\"><img decoding=\"async\" src=\"https:\/\/s2-g1.glbimg.com\/zWxFUIu2jeoqmfTNx_EMELPDDpY=\/0x0:663x695\/984x0\/smart\/filters:strip_icc()\/i.s3.glbimg.com\/v1\/AUTH_59edd422c0c84a879bd37670ae4f538a\/internal_photos\/bs\/2024\/p\/a\/YCk5lgTw6U1EnOmo6TDQ\/friaca.png\" alt=\"Temperaturas devem despencar no Sul, Sudeste e Centro-Oeste com avan\u00e7o de nova frente fria. \u2014 Foto: Inmet\"\/><\/figure>\n\n\n\n<p>Temperaturas devem despencar no Sul, Sudeste e Centro-Oeste com avan\u00e7o de nova frente fria. \u2014 Foto: Inmet<\/p>\n\n\n\n<p>Em&nbsp;<strong>Curitiba<\/strong>, as&nbsp;<strong>m\u00e1ximas no fim de semana<\/strong>&nbsp;tamb\u00e9m devem ficar cerca de&nbsp;<strong>10 graus menores<\/strong>&nbsp;do que o observado nesta semana.<\/p>\n\n\n\n<p>Na capital paulista, a queda deve ser ainda maior. Com m\u00e1xima de 30\u00b0C prevista para esta quinta, os term\u00f4metros em<strong>&nbsp;S\u00e3o Paulo&nbsp;<\/strong>devem atingir somente 16\u00b0C no s\u00e1bado, uma<strong>&nbsp;diferen\u00e7a de 14 graus<\/strong>.<\/p>\n\n\n\n<p>As m\u00ednimas esperadas tamb\u00e9m s\u00e3o bem baixas para boa parte das capitais dessas regi\u00f5es. Curitiba pode ter m\u00ednima de 2\u00b0C no domingo e, em S\u00e3o Paulo, deve ficar em torno de 6\u00b0C.<\/p>\n\n\n\n<h2 class=\"wp-block-heading\">Risco de geada<\/h2>\n\n\n\n<p>Al\u00e9m da queda nas temperaturas, o ar frio tamb\u00e9m aumenta a&nbsp;<strong>chance de geada e de precipita\u00e7\u00f5es invernais<\/strong>&nbsp;em \u00e1reas do Sul e tamb\u00e9m do Sudeste e Centro-Oeste. Segundo o Inmet, a tend\u00eancia de geada deve acompanhar a evolu\u00e7\u00e3o do ar frio e seco.<\/p>\n\n\n\n<p>No domingo (11), a previs\u00e3o \u00e9 de&nbsp;<strong>geada generalizada em grande parte da regi\u00e3o Sul<\/strong>. O fen\u00f4meno tamb\u00e9m pode acontecer no centro-leste e sul do Mato Grosso do Sul, boa parte do estado de S\u00e3o Paulo, em parte de Minas Gerais e regi\u00e3o serrana do Rio de Janeiro.<\/p>\n\n\n\n<p>\u2744\ufe0fN\u00e3o est\u00e1 descartada a&nbsp;<strong>possibilidade de neve em pontos isolados&nbsp;<\/strong>das regi\u00f5es serranas do Rio Grande do Sul e de Santa Catarina entre sexta e s\u00e1bado.<\/p>\n\n\n\n<figure class=\"wp-block-image\"><img decoding=\"async\" src=\"https:\/\/s2-g1.glbimg.com\/AqOBgw1BhaKl5zxUXxFY_bmzK3c=\/0x0:650x1062\/984x0\/smart\/filters:strip_icc()\/i.s3.glbimg.com\/v1\/AUTH_59edd422c0c84a879bd37670ae4f538a\/internal_photos\/bs\/2022\/D\/7\/RMDPmOR1CAxGPJcvko3w\/1205-precipitacoes-invernov.jpg\" alt=\"Precipita\u00e7\u00f5es de inverno \u2014 Foto: Arte\/g1\"\/><\/figure>\n\n\n\n<p>Precipita\u00e7\u00f5es de inverno \u2014 Foto: Arte\/g1<\/p>\n\n\n\n<p>Fonte G1<\/p>\n","protected":false},"excerpt":{"rendered":"<p>Massa de ar polar \u00e9 a primeira do ano a atingir todos os estados das regi\u00f5es Centro-Oeste e Sudeste. Frio deve chegar at\u00e9 a regi\u00e3o Norte. A nova frente fria que se formou no Sul nesta quarta-feira (7) deve fazer com que&nbsp;capitais tenham queda de at\u00e9 14\u00b0C nas temperaturas m\u00e1ximas&nbsp;nos pr\u00f3ximos dias. A massa de [&hellip;]<\/p>\n","protected":false},"author":8,"featured_media":23977,"comment_status":"closed","ping_status":"open","sticky":false,"template":"","format":"standard","meta":{"rop_custom_images_group":[],"rop_custom_messages_group":[],"rop_publish_now":"initial","rop_publish_now_accounts":[],"rop_publish_now_history":[],"rop_publish_now_status":"pending","footnotes":""},"categories":[189],"tags":[],"class_list":["post-23976","post","type-post","status-publish","format-standard","has-post-thumbnail","hentry","category-brasil"],"amp_enabled":true,"_links":{"self":[{"href":"https:\/\/imais.online\/portal\/wp-json\/wp\/v2\/posts\/23976","targetHints":{"allow":["GET"]}}],"collection":[{"href":"https:\/\/imais.online\/portal\/wp-json\/wp\/v2\/posts"}],"about":[{"href":"https:\/\/imais.online\/portal\/wp-json\/wp\/v2\/types\/post"}],"author":[{"embeddable":true,"href":"https:\/\/imais.online\/portal\/wp-json\/wp\/v2\/users\/8"}],"replies":[{"embeddable":true,"href":"https:\/\/imais.online\/portal\/wp-json\/wp\/v2\/comments?post=23976"}],"version-history":[{"count":1,"href":"https:\/\/imais.online\/portal\/wp-json\/wp\/v2\/posts\/23976\/revisions"}],"predecessor-version":[{"id":23978,"href":"https:\/\/imais.online\/portal\/wp-json\/wp\/v2\/posts\/23976\/revisions\/23978"}],"wp:featuredmedia":[{"embeddable":true,"href":"https:\/\/imais.online\/portal\/wp-json\/wp\/v2\/media\/23977"}],"wp:attachment":[{"href":"https:\/\/imais.online\/portal\/wp-json\/wp\/v2\/media?parent=23976"}],"wp:term":[{"taxonomy":"category","embeddable":true,"href":"https:\/\/imais.online\/portal\/wp-json\/wp\/v2\/categories?post=23976"},{"taxonomy":"post_tag","embeddable":true,"href":"https:\/\/imais.online\/portal\/wp-json\/wp\/v2\/tags?post=23976"}],"curies":[{"name":"wp","href":"https:\/\/api.w.org\/{rel}","templated":true}]}}