{"id":23985,"date":"2024-08-08T10:11:29","date_gmt":"2024-08-08T13:11:29","guid":{"rendered":"https:\/\/imais.online\/portal\/?p=23985"},"modified":"2024-08-08T10:11:30","modified_gmt":"2024-08-08T13:11:30","slug":"nicaragua-determina-expulsao-de-embaixador-brasileiro-diz-imprensa-local","status":"publish","type":"post","link":"https:\/\/imais.online\/portal\/nicaragua-determina-expulsao-de-embaixador-brasileiro-diz-imprensa-local\/","title":{"rendered":"Nicar\u00e1gua determina expuls\u00e3o de embaixador brasileiro, diz imprensa local"},"content":{"rendered":"<div class=\"imais-before-content-placement\" id=\"imais-912518969\"><script async src=\"\/\/pagead2.googlesyndication.com\/pagead\/js\/adsbygoogle.js?client=ca-pub-8787528412751566\" crossorigin=\"anonymous\"><\/script><ins class=\"adsbygoogle\" style=\"display:block;\" data-ad-client=\"ca-pub-8787528412751566\" \ndata-ad-slot=\"\" \ndata-ad-format=\"auto\"><\/ins>\n<script> \n(adsbygoogle = window.adsbygoogle || []).push({}); \n<\/script>\n<\/div>\n<h2 class=\"wp-block-heading\">Situa\u00e7\u00e3o teria rela\u00e7\u00e3o com aus\u00eancia do embaixador na comemora\u00e7\u00e3o do anivers\u00e1rio da Revolu\u00e7\u00e3o Sandinista, de acordo com a imprensa. Foi dado um prazo de 15 dias para que Breno Souza da Costa deixe a Nicar\u00e1gua. A expuls\u00e3o de um embaixador \u00e9 um gesto grave nas rela\u00e7\u00f5es diplom\u00e1ticas entre dois pa\u00edses.<\/h2>\n\n\n\n<p><strong>A\u00a0<\/strong><a class=\"\" href=\"https:\/\/g1.globo.com\/tudo-sobre\/nicaragua\/\"><strong>Nicar\u00e1gua<\/strong><\/a><strong>\u00a0determinou nesta quarta-feira (7) a expuls\u00e3o do embaixador brasileiro no pa\u00eds, Breno Souza da Costa,<\/strong>\u00a0de acordo com a imprensa local.<\/p>\n\n\n\n<p>O governo brasileiro ainda n\u00e3o havia confirmado a expuls\u00e3o at\u00e9 a \u00faltima atualiza\u00e7\u00e3o desta reportagem, mas, segundo disse ao&nbsp;<strong>g1&nbsp;<\/strong>uma fonte do&nbsp;<a class=\"\" href=\"https:\/\/g1.globo.com\/tudo-sobre\/ministerio-relacoes-exteriores\/\">Itamaraty<\/a>, a&nbsp;<strong>Embaixada do Brasil na Nicar\u00e1gua recebeu uma queixa formal na semana passada do governo local, que tamb\u00e9m amea\u00e7ou expulsar o embaixador<\/strong>.<\/p>\n\n\n\n<p>A comunica\u00e7\u00e3o formal sobre a expuls\u00e3o deve ocorrer nesta quinta-feira (8), quando o&nbsp;<a class=\"\" href=\"https:\/\/g1.globo.com\/politica\/noticia\/2024\/08\/08\/ministro-mauro-vieira-conversara-com-lula-sobre-expulsao-de-embaixador-brasileiro-da-nicaragua-que-deve-ocorrer-nesta-quinta.ghtml\">chanceler brasileiro, Mauro Vieira, vai conversar com o presidente Luiz In\u00e1cio Lula da Silva sobre o tema<\/a>.<\/p>\n\n\n\n<p>De acordo com a mesma fonte, as<strong>&nbsp;rela\u00e7\u00f5es entre Brasil e Nicar\u00e1gua tinham se deteriorado havia algumas semanas<\/strong>, ap\u00f3s a embaixada brasileira n\u00e3o enviar representantes \u00e0s celebra\u00e7\u00f5es oficiais pelos 45 anos da Revolu\u00e7\u00e3o Sandinista, que aconteceram em Man\u00e1gua em 19 de julho.<\/p>\n\n\n\n<p>A&nbsp;<strong>decis\u00e3o pela expuls\u00e3o, segundo a imprensa nicaraguense, ocorreu em retalia\u00e7\u00e3o \u00e0 aus\u00eancia brasileira no evento<\/strong>&nbsp;&#8212; o presidente nicaraguense,&nbsp;<a class=\"\" href=\"https:\/\/g1.globo.com\/tudo-sobre\/daniel-ortega\/\">Daniel Ortega<\/a>, \u00e9 um ex-guerrilheiro do movimento sandinista (<em>leia mais abaixo<\/em>).<\/p>\n\n\n\n<blockquote class=\"wp-block-quote is-layout-flow wp-block-quote-is-layout-flow\">\n<p>A&nbsp;<strong>expuls\u00e3o de um embaixador \u00e9 um gesto grave nas rela\u00e7\u00f5es diplom\u00e1ticas<\/strong>&nbsp;entre dois pa\u00edses e indica a&nbsp;<a class=\"\" href=\"https:\/\/g1.globo.com\/mundo\/blog\/sandra-cohen\/post\/2023\/03\/08\/brasil-ainda-se-mostra-timido-sobre-o-regime-de-daniel-ortega.ghtml\">piora nas rela\u00e7\u00f5es do presidente Luiz In\u00e1cio Lula da Silva com o governo do nicaraguense Daniel Ortega<\/a>, de quem Lula j\u00e1 foi aliado.<\/p>\n<\/blockquote>\n\n\n\n<p>Segundo o Itamaraty, o embaixador n\u00e3o foi ao evento por conta do<strong>&nbsp;congelamento das rela\u00e7\u00f5es diplom\u00e1ticas entre Brasil e Nicar\u00e1gua<\/strong>. O governo Lula decidiu&nbsp;<strong>congelar as rela\u00e7\u00f5es por um per\u00edodo de um ano em retalia\u00e7\u00e3o \u00e0&nbsp;<\/strong><a class=\"\" href=\"https:\/\/g1.globo.com\/mundo\/noticia\/2023\/09\/02\/governo-da-nicaragua-tem-odio-da-igreja-e-quer-controla-la.ghtml\"><strong>pris\u00e3o de padres e bispos no pa\u00eds<\/strong>.<\/a><\/p>\n\n\n\n<p>Em 2022, o governo de Daniel Ortega iniciou uma ofensiva contra a Igreja Cat\u00f3lica do pa\u00eds, confiscando im\u00f3veis,&nbsp;<a class=\"\" href=\"https:\/\/g1.globo.com\/mundo\/noticia\/2023\/08\/24\/governo-ortega-dissolve-ordem-jesuita-na-nicaragua-e-confisca-seus-bens.ghtml\">dissolvendo ordens jesu\u00edtas e prendendo padres e bispos<\/a>&nbsp;que denunciavam a guinada autorit\u00e1ria do l\u00edder esquerdista.<\/p>\n\n\n\n<p>O&nbsp;<strong>Brasil tentava atuar como mediador entre o Vaticano e Man\u00e1gua<\/strong>&nbsp;e pedia que o governo nicaraguense que soltasse bispos presos no pa\u00eds desde 2022.<\/p>\n\n\n\n<p>A imprensa nicaraguense atribuiu a informa\u00e7\u00e3o sobre a expuls\u00e3o do embaixador brasileiro a fontes da diplomacia local. Jornais locais afirmaram ainda que o&nbsp;<strong>embaixador brasileiro recebeu um prazo de 15 dias para deixar o pa\u00eds<\/strong>.<\/p>\n\n\n\n<p>O governo da Nicar\u00e1gua ainda n\u00e3o havia se manifestado at\u00e9 a \u00faltima atualiza\u00e7\u00e3o desta reportagem.<\/p>\n\n\n\n<p>J\u00e1 o ex-embaixador da Nicar\u00e1gua na Organiza\u00e7\u00e3o dos Estados Americanos (OEA), Arturo McFields, confirmou a expuls\u00e3o, com base tamb\u00e9m em informa\u00e7\u00f5es do Minist\u00e9rio de Rela\u00e7\u00f5es Exteriores nicaraguense.<\/p>\n\n\n\n<p>Segundo o \u00edndice V-DEM, que mede o status das democracias pelo mundo,\u00a0<strong>a Nicar\u00e1gua \u00e9 uma autocracia.\u00a0<\/strong>O presidente \u00e9 Daniel Ortega, reeleito para o quarto mandato em 2021, em\u00a0<strong>elei\u00e7\u00f5es apontadas pelos Estados Unidos como nem justas nem livres<\/strong>.<\/p>\n\n\n\n<p>Ortega \u00e9 um<strong>&nbsp;ex-guerrilheiro de um movimento de esquerda dos anos 1970 conhecido como sandinista<\/strong>. Ele tamb\u00e9m governou o pa\u00eds nos anos 1980, depois que seu partido, a Frente Sandinista de Liberta\u00e7\u00e3o Nacional (FSLN), derrubou em 1979 o ditador Anastasio Somoza.&nbsp;A derrubada de Somoza \u00e9 conhecida como a Revolu\u00e7\u00e3o Sandinista.<\/p>\n\n\n\n<p>Os<strong>\u00a0sandinistas governaram Nicar\u00e1gua at\u00e9 1990<\/strong>, quando foram derrotados na elei\u00e7\u00e3o presidencial realizada no pa\u00eds.<\/p>\n\n\n\n<blockquote class=\"wp-block-quote is-layout-flow wp-block-quote-is-layout-flow\">\n<p>H\u00e1 17 anos no poder, Ortega \u00e9 acusado por cr\u00edticos de nepotismo e de instaurar uma ditadura. O ex-guerrilheiro alega que seu governo \u00e9 do povo e defende a soberania do pa\u00eds dos &#8220;ataques&#8221; dos Estados Unidos.<\/p>\n<\/blockquote>\n\n\n\n<p>Fonte G1<\/p>\n","protected":false},"excerpt":{"rendered":"<p>Situa\u00e7\u00e3o teria rela\u00e7\u00e3o com aus\u00eancia do embaixador na comemora\u00e7\u00e3o do anivers\u00e1rio da Revolu\u00e7\u00e3o Sandinista, de acordo com a imprensa. Foi dado um prazo de 15 dias para que Breno Souza da Costa deixe a Nicar\u00e1gua. A expuls\u00e3o de um embaixador \u00e9 um gesto grave nas rela\u00e7\u00f5es diplom\u00e1ticas entre dois pa\u00edses. A\u00a0Nicar\u00e1gua\u00a0determinou nesta quarta-feira (7) a [&hellip;]<\/p>\n","protected":false},"author":8,"featured_media":23986,"comment_status":"closed","ping_status":"open","sticky":false,"template":"","format":"standard","meta":{"rop_custom_images_group":[],"rop_custom_messages_group":[],"rop_publish_now":"initial","rop_publish_now_accounts":[],"rop_publish_now_history":[],"rop_publish_now_status":"pending","footnotes":""},"categories":[189],"tags":[],"class_list":["post-23985","post","type-post","status-publish","format-standard","has-post-thumbnail","hentry","category-brasil"],"amp_enabled":true,"_links":{"self":[{"href":"https:\/\/imais.online\/portal\/wp-json\/wp\/v2\/posts\/23985","targetHints":{"allow":["GET"]}}],"collection":[{"href":"https:\/\/imais.online\/portal\/wp-json\/wp\/v2\/posts"}],"about":[{"href":"https:\/\/imais.online\/portal\/wp-json\/wp\/v2\/types\/post"}],"author":[{"embeddable":true,"href":"https:\/\/imais.online\/portal\/wp-json\/wp\/v2\/users\/8"}],"replies":[{"embeddable":true,"href":"https:\/\/imais.online\/portal\/wp-json\/wp\/v2\/comments?post=23985"}],"version-history":[{"count":1,"href":"https:\/\/imais.online\/portal\/wp-json\/wp\/v2\/posts\/23985\/revisions"}],"predecessor-version":[{"id":23987,"href":"https:\/\/imais.online\/portal\/wp-json\/wp\/v2\/posts\/23985\/revisions\/23987"}],"wp:featuredmedia":[{"embeddable":true,"href":"https:\/\/imais.online\/portal\/wp-json\/wp\/v2\/media\/23986"}],"wp:attachment":[{"href":"https:\/\/imais.online\/portal\/wp-json\/wp\/v2\/media?parent=23985"}],"wp:term":[{"taxonomy":"category","embeddable":true,"href":"https:\/\/imais.online\/portal\/wp-json\/wp\/v2\/categories?post=23985"},{"taxonomy":"post_tag","embeddable":true,"href":"https:\/\/imais.online\/portal\/wp-json\/wp\/v2\/tags?post=23985"}],"curies":[{"name":"wp","href":"https:\/\/api.w.org\/{rel}","templated":true}]}}