{"id":2399,"date":"2021-10-18T16:22:26","date_gmt":"2021-10-18T19:22:26","guid":{"rendered":"https:\/\/imais.online\/portal\/?p=2399"},"modified":"2021-10-18T16:22:29","modified_gmt":"2021-10-18T19:22:29","slug":"prorrogacao-de-auxilio-sera-definida-nesta-semana-diz-bolsonaro","status":"publish","type":"post","link":"https:\/\/imais.online\/portal\/prorrogacao-de-auxilio-sera-definida-nesta-semana-diz-bolsonaro\/","title":{"rendered":"Prorroga\u00e7\u00e3o de aux\u00edlio ser\u00e1 definida nesta semana, diz Bolsonaro"},"content":{"rendered":"<div class=\"imais-before-content-placement\" id=\"imais-4101506153\"><script async src=\"\/\/pagead2.googlesyndication.com\/pagead\/js\/adsbygoogle.js?client=ca-pub-8787528412751566\" crossorigin=\"anonymous\"><\/script><ins class=\"adsbygoogle\" style=\"display:block;\" data-ad-client=\"ca-pub-8787528412751566\" \ndata-ad-slot=\"\" \ndata-ad-format=\"auto\"><\/ins>\n<script> \n(adsbygoogle = window.adsbygoogle || []).push({}); \n<\/script>\n<\/div>\n<h2 class=\"has-text-align-center wp-block-heading\">Presidente afirma que ministros j\u00e1 avaliaram valor; medidas para conter aumento do diesel tamb\u00e9m ser\u00e3o definidas nesta semana<\/h2>\n\n\n\n<p>O Governo Federal deve bater o martelo, nesta semana, sobre a poss\u00edvel prorroga\u00e7\u00e3o do aux\u00edlio emergencial pago a fam\u00edlias carentes. A informa\u00e7\u00e3o foi confirmada pelo presidente Jair Bolsonaro (sem partido) durante\u00a0cerim\u00f4nia na cidade de S\u00e3o Roque de Minas, a 320 km de Belo Horizonte, nesta segunda-feira (18).<\/p>\n\n\n\n<p>Sem confirmar a extens\u00e3o do programa, o presidente revelou que alguns ministros se reuniram no \u00faltimo s\u00e1bado (16) para definir o valor do repasse. Bolsonaro, no entanto, n\u00e3o detalhou se haver\u00e1 altera\u00e7\u00e3o na distribui\u00e7\u00e3o.<\/p>\n\n\n\n<p>&#8220;\u00c9 um valor para dar dignidade a estes necessitados. O ideal \u00e9 que todo mundo tivesse empregado, mas as consequ\u00eancias da pandemia agravaram esta quest\u00e3o&#8221;, disse o presidente.<\/p>\n\n\n\n<p>A \u00faltima parcela do aux\u00edlio ser\u00e1 paga neste m\u00eas. Atualmente, o valor do repasse varia de R$ 150 a R$ 375. Conforme apura\u00e7\u00e3o do\u00a0Blog do Nolasco, membros do governo defendem a prorroga\u00e7\u00e3o por mais um ano, com valor em torno de R$ 400 a R$ 500.<\/p>\n\n\n\n<p>Outro assunto que deve ser definido nesta semana, segundo Bolsonaro, s\u00e3o as medidas para conter o aumento no pre\u00e7o do \u00f3leo diesel.<\/p>\n\n\n\n<p>&#8220;As solu\u00e7\u00f5es n\u00e3o s\u00e3o f\u00e1ceis. Temos a obriga\u00e7\u00e3o de mostrar a origem do problema e como resolv\u00ea-lo&#8221;, avaliou.<\/p>\n\n\n\n<p><strong>Jornada das \u00e1guas<\/strong><\/p>\n\n\n\n<p>A cerim\u00f4nia marcou o an\u00fancio de R$ 5,8 bilh\u00f5es em programas que v\u00e3o facilitar o acesso \u00e0 \u00e1gua e a recupera\u00e7\u00e3o de nascentes, em Minas Gerais e nos nove Estados do Nordeste. O projeto foi batizado de Jornada das \u00c1guas.<\/p>\n\n\n\n<p>Os recursos est\u00e3o previstos no processo de capitaliza\u00e7\u00e3o da Eletrobras. A expectativa \u00e9 que R$ 3,5 bilh\u00f5es sejam aplicados nas bacias dos rios S\u00e3o Francisco e Parna\u00edba, e os demais R$ 2,3 bilh\u00f5es nas bacias ligadas ao reservat\u00f3rio de Furnas, ambos ao longo dos pr\u00f3ximos de 10 anos. Dois comit\u00eas ser\u00e3o criados para definir a melhor aplica\u00e7\u00e3o da verba.<\/p>\n\n\n\n<p>No encontro, tamb\u00e9m foi divulgado o in\u00edcio da constru\u00e7\u00e3o da barragem de Jequita\u00ed, a 400 km de Belo Horizonte. O objetivo da obra \u00e9 garantir o abastecimento de \u00e1gua aos moradores da regi\u00e3o. Ser\u00e3o investidos R$ 482 milh\u00f5es, em uma obra que deve beneficiar 147 mil pessoas em 19 cidades mineiras.<\/p>\n\n\n\n<p><strong>Dados econ\u00f4micos e lockdown<\/strong><\/p>\n\n\n\n<p>Durante a cerim\u00f4nia, o presidente avaliou que o Brasil foi um dos pa\u00edses que &#8220;menos sofreu na quest\u00e3o econ\u00f4mica&#8221; durante a pandemia.<\/p>\n\n\n\n<p>&#8220;N\u00f3s esper\u00e1vamos uma queda de 10% no ano passado, mas ca\u00edmos 4%. Em 2015 e 2014, sem pandemia, ca\u00edmos mais que isto. Agora, h\u00e1 previs\u00e3o de crescimento de 5% neste ano&#8221;, disse Bolsonaro.<\/p>\n\n\n\n<p>Ao comentar sobre o cen\u00e1rio financeiro do pa\u00eds, o chefe da Rep\u00fablica lembrou n\u00e3o ter defendido lockdowns nacionais e avaliou que n\u00e3o \u00e9 negacionista.<\/p>\n\n\n\n<p>&#8220;Eu n\u00e3o apoiei a pol\u00edtica do &#8216;fica em casa e a economia vemos depois&#8217;. Eu tinha poderes para fechar o Brasil todo, mas n\u00e3o fechei um botequim sequer. Tenho poder para exigir o passaporte da vacina, mas n\u00e3o farei isto. Nossa liberdade acima de tudo. N\u00e3o adianta chamar o governo de negacionista porque gastamos mais de R$ 20 bilh\u00f5es com vacinas, muitas delas, ainda experimentais. A liberdade de tomar \u00e9 com voc\u00eas&#8221;, pontuou o presidente.<\/p>\n\n\n\n<p>Em seu pronunciamento, Bolsonaro tamb\u00e9m voltou a defender o tratamento m\u00e9dico off-label, ou seja, aquele usado em situa\u00e7\u00f5es em que um rem\u00e9dio j\u00e1 existente no mercado \u00e9 usado de forma diferente do indicado na bula. <\/p>\n\n\n\n<p>Pablo Nascimento, do R7<\/p>\n","protected":false},"excerpt":{"rendered":"<p>Presidente afirma que ministros j\u00e1 avaliaram valor; medidas para conter aumento do diesel tamb\u00e9m ser\u00e3o definidas nesta semana O Governo Federal deve bater o martelo, nesta semana, sobre a poss\u00edvel prorroga\u00e7\u00e3o do aux\u00edlio emergencial pago a fam\u00edlias carentes. A informa\u00e7\u00e3o foi confirmada pelo presidente Jair Bolsonaro (sem partido) durante\u00a0cerim\u00f4nia na cidade de S\u00e3o Roque de [&hellip;]<\/p>\n","protected":false},"author":8,"featured_media":2400,"comment_status":"closed","ping_status":"open","sticky":false,"template":"","format":"standard","meta":{"rop_custom_images_group":[],"rop_custom_messages_group":[],"rop_publish_now":"initial","rop_publish_now_accounts":[],"rop_publish_now_history":[],"rop_publish_now_status":"pending","footnotes":""},"categories":[192],"tags":[],"class_list":["post-2399","post","type-post","status-publish","format-standard","has-post-thumbnail","hentry","category-economia"],"amp_enabled":true,"_links":{"self":[{"href":"https:\/\/imais.online\/portal\/wp-json\/wp\/v2\/posts\/2399","targetHints":{"allow":["GET"]}}],"collection":[{"href":"https:\/\/imais.online\/portal\/wp-json\/wp\/v2\/posts"}],"about":[{"href":"https:\/\/imais.online\/portal\/wp-json\/wp\/v2\/types\/post"}],"author":[{"embeddable":true,"href":"https:\/\/imais.online\/portal\/wp-json\/wp\/v2\/users\/8"}],"replies":[{"embeddable":true,"href":"https:\/\/imais.online\/portal\/wp-json\/wp\/v2\/comments?post=2399"}],"version-history":[{"count":1,"href":"https:\/\/imais.online\/portal\/wp-json\/wp\/v2\/posts\/2399\/revisions"}],"predecessor-version":[{"id":2401,"href":"https:\/\/imais.online\/portal\/wp-json\/wp\/v2\/posts\/2399\/revisions\/2401"}],"wp:featuredmedia":[{"embeddable":true,"href":"https:\/\/imais.online\/portal\/wp-json\/wp\/v2\/media\/2400"}],"wp:attachment":[{"href":"https:\/\/imais.online\/portal\/wp-json\/wp\/v2\/media?parent=2399"}],"wp:term":[{"taxonomy":"category","embeddable":true,"href":"https:\/\/imais.online\/portal\/wp-json\/wp\/v2\/categories?post=2399"},{"taxonomy":"post_tag","embeddable":true,"href":"https:\/\/imais.online\/portal\/wp-json\/wp\/v2\/tags?post=2399"}],"curies":[{"name":"wp","href":"https:\/\/api.w.org\/{rel}","templated":true}]}}