{"id":23991,"date":"2024-08-08T10:16:56","date_gmt":"2024-08-08T13:16:56","guid":{"rendered":"https:\/\/imais.online\/portal\/?p=23991"},"modified":"2024-08-08T10:16:57","modified_gmt":"2024-08-08T13:16:57","slug":"construcao-mais-antiga-do-mundo-esta-ligada-a-impacto-devastador-de-cometa-diz-estudo","status":"publish","type":"post","link":"https:\/\/imais.online\/portal\/construcao-mais-antiga-do-mundo-esta-ligada-a-impacto-devastador-de-cometa-diz-estudo\/","title":{"rendered":"Constru\u00e7\u00e3o mais antiga do mundo est\u00e1 ligada a impacto devastador de cometa, diz estudo"},"content":{"rendered":"<div class=\"imais-before-content-placement\" id=\"imais-3177434153\"><script async src=\"\/\/pagead2.googlesyndication.com\/pagead\/js\/adsbygoogle.js?client=ca-pub-8787528412751566\" crossorigin=\"anonymous\"><\/script><ins class=\"adsbygoogle\" style=\"display:block;\" data-ad-client=\"ca-pub-8787528412751566\" \ndata-ad-slot=\"\" \ndata-ad-format=\"auto\"><\/ins>\n<script> \n(adsbygoogle = window.adsbygoogle || []).push({}); \n<\/script>\n<\/div>\n<h2 class=\"wp-block-heading\">Esculturas no s\u00edtio arqueol\u00f3gico de G\u00f6bekli Tepe, na Turquia, sugerem que complexo era calend\u00e1rio feito em homenagem ao evento astron\u00f4mico<\/h2>\n\n\n\n<p>Um estudo publicado recentemente na revista acad\u00eamica Time and Mind sugere que a constru\u00e7\u00e3o humana mais antiga j\u00e1 registrada, G\u00f6bekli Tepe, na Turquia, foi erguida ap\u00f3s o impacto devastador de&nbsp;<a href=\"https:\/\/noticias.r7.com\/tecnologia-e-ciencia\/fotos\/entenda-o-que-sao-cometas-e-por-que-deixam-rastro-brilhante-no-ceu-23072020\/\" target=\"_blank\" rel=\"noreferrer noopener\">um cometa<\/a>&nbsp;com a Terra, h\u00e1 mais de 13 mil anos \u2014 o que permitiu a observa\u00e7\u00e3o do Sol, da Lua e das constela\u00e7\u00f5es, para marca\u00e7\u00e3o do tempo e das esta\u00e7\u00f5es do ano.<\/p>\n\n\n\n<figure class=\"wp-block-image\"><img decoding=\"async\" src=\"https:\/\/newr7-r7-prod.web.arc-cdn.net\/resizer\/v2\/VEIPKMGXJJA6ZED2HZZIWV5LGU.jpg?auth=45864c816cb9e7a3cf99916b3f04d793d01947bcd10c62681e39d6f3fa25bee6&amp;width=1200&amp;height=840\" alt=\"\"\/><figcaption class=\"wp-element-caption\">Escultura no s\u00edtio arqueol\u00f3gico de G\u00f6bekli Tepe, na TurquiaReprodu\u00e7\u00e3o\/Universidade de Edimburgo\/Dr. Martin Sweatman<\/figcaption><\/figure>\n\n\n\n<p>\u201cParece que os habitantes de G\u00f6bekli Tepe eram observadores atentos do c\u00e9u, o que era de se esperar, j\u00e1 que o mundo deles havia sido devastado pelo impacto de um cometa\u201d, explicou Martin Sweatman, coautor&nbsp;<a href=\"https:\/\/noticias.r7.com\/tecnologia-e-ciencia\/cientistas-comecaram-a-pesquisar-caes-e-gatos-a-fundo-e-fizeram-descobertas-espantosas-20072024\/\" target=\"_blank\" rel=\"noreferrer noopener\">da pesquisa<\/a>, conforme reportado pelo jornal brit\u00e2nico The Independent.<\/p>\n\n\n\n<p>Para os arque\u00f3logos, os s\u00edmbolos em forma de \u201cV\u201d esculpidos em cada pilar presente na constru\u00e7\u00e3o representaria o per\u00edodo de um dia. A partir da\u00ed, eles deduziram a presen\u00e7a de um calend\u00e1rio solar de 365 dias em uma dessas funda\u00e7\u00f5es, que consistia em 12 meses lunares mais 11 dias extras.<\/p>\n\n\n\n<p>A associa\u00e7\u00e3o entre o G\u00f6bekli Tepe e o impacto do cometa tamb\u00e9m refor\u00e7a a teoria de que um evento astron\u00f4mico de grandes propor\u00e7\u00f5es nessa \u00e9poca deu in\u00edcio a uma&nbsp;<a href=\"https:\/\/noticias.r7.com\/tecnologia-e-ciencia\/supervulcao-adormecido-ha-quase-500-anos-pode-causar-miniera-de-gelo-em-parte-do-planeta-16062023\/\" target=\"_blank\" rel=\"noreferrer noopener\">pequena era do gelo<\/a>, que durou cerca de um mil\u00eanio e extinguiu diversas esp\u00e9cies de animais de grande porte. Como consequ\u00eancia, o estilo de vida dos seres humanos, baseado na ca\u00e7a e na coleta de gr\u00e3os, migrou em dire\u00e7\u00e3o aos marcos civilizat\u00f3rios de nossa sociedade.<\/p>\n\n\n\n<p>A teoria ainda conta com inscri\u00e7\u00f5es presentes em um dos pilares do complexo, que parece retratar uma chuva de meteoros vinda da dire\u00e7\u00e3o das constela\u00e7\u00f5es de Aqu\u00e1rio e Peixes. Esses fragmentos teriam ca\u00eddo sobre o planeta durante 27 dias.<\/p>\n\n\n\n<figure class=\"wp-block-image\"><img decoding=\"async\" src=\"https:\/\/newr7-r7-prod.web.arc-cdn.net\/resizer\/v2\/2HZ4DTL6PRGB5HKATG7GPSRRVY.jpg?auth=52ab13382926e483a1ea0680504d113bd14e39d9989553b72f767b53694ace9b&amp;width=800&amp;height=531\" alt=\"\"\/><figcaption class=\"wp-element-caption\">G\u00f6bekli Tepe \u00e9 considerado o monumento mais antigo do mundo Reprodu\u00e7\u00e3o\/CCBY\/Teomancimita \u2014 6\/9\/2011<\/figcaption><\/figure>\n\n\n\n<p class=\"has-medium-font-size\">Fonte R7<\/p>\n","protected":false},"excerpt":{"rendered":"<p>Esculturas no s\u00edtio arqueol\u00f3gico de G\u00f6bekli Tepe, na Turquia, sugerem que complexo era calend\u00e1rio feito em homenagem ao evento astron\u00f4mico Um estudo publicado recentemente na revista acad\u00eamica Time and Mind sugere que a constru\u00e7\u00e3o humana mais antiga j\u00e1 registrada, G\u00f6bekli Tepe, na Turquia, foi erguida ap\u00f3s o impacto devastador de&nbsp;um cometa&nbsp;com a Terra, h\u00e1 mais [&hellip;]<\/p>\n","protected":false},"author":8,"featured_media":23992,"comment_status":"closed","ping_status":"open","sticky":false,"template":"","format":"standard","meta":{"rop_custom_images_group":[],"rop_custom_messages_group":[],"rop_publish_now":"initial","rop_publish_now_accounts":[],"rop_publish_now_history":[],"rop_publish_now_status":"pending","footnotes":""},"categories":[212],"tags":[],"class_list":["post-23991","post","type-post","status-publish","format-standard","has-post-thumbnail","hentry","category-internacional"],"amp_enabled":true,"_links":{"self":[{"href":"https:\/\/imais.online\/portal\/wp-json\/wp\/v2\/posts\/23991","targetHints":{"allow":["GET"]}}],"collection":[{"href":"https:\/\/imais.online\/portal\/wp-json\/wp\/v2\/posts"}],"about":[{"href":"https:\/\/imais.online\/portal\/wp-json\/wp\/v2\/types\/post"}],"author":[{"embeddable":true,"href":"https:\/\/imais.online\/portal\/wp-json\/wp\/v2\/users\/8"}],"replies":[{"embeddable":true,"href":"https:\/\/imais.online\/portal\/wp-json\/wp\/v2\/comments?post=23991"}],"version-history":[{"count":1,"href":"https:\/\/imais.online\/portal\/wp-json\/wp\/v2\/posts\/23991\/revisions"}],"predecessor-version":[{"id":23993,"href":"https:\/\/imais.online\/portal\/wp-json\/wp\/v2\/posts\/23991\/revisions\/23993"}],"wp:featuredmedia":[{"embeddable":true,"href":"https:\/\/imais.online\/portal\/wp-json\/wp\/v2\/media\/23992"}],"wp:attachment":[{"href":"https:\/\/imais.online\/portal\/wp-json\/wp\/v2\/media?parent=23991"}],"wp:term":[{"taxonomy":"category","embeddable":true,"href":"https:\/\/imais.online\/portal\/wp-json\/wp\/v2\/categories?post=23991"},{"taxonomy":"post_tag","embeddable":true,"href":"https:\/\/imais.online\/portal\/wp-json\/wp\/v2\/tags?post=23991"}],"curies":[{"name":"wp","href":"https:\/\/api.w.org\/{rel}","templated":true}]}}