{"id":24062,"date":"2024-08-13T09:39:53","date_gmt":"2024-08-13T12:39:53","guid":{"rendered":"https:\/\/imais.online\/portal\/?p=24062"},"modified":"2024-08-13T09:39:54","modified_gmt":"2024-08-13T12:39:54","slug":"fita-branca-com-aliancas-une-caixoes-de-casal-vitima-de-queda-de-aviao-em-sp","status":"publish","type":"post","link":"https:\/\/imais.online\/portal\/fita-branca-com-aliancas-une-caixoes-de-casal-vitima-de-queda-de-aviao-em-sp\/","title":{"rendered":"Fita branca com alian\u00e7as une caix\u00f5es de casal v\u00edtima de queda de avi\u00e3o em SP"},"content":{"rendered":"<div class=\"imais-before-content-placement\" id=\"imais-1097150735\"><script async src=\"\/\/pagead2.googlesyndication.com\/pagead\/js\/adsbygoogle.js?client=ca-pub-8787528412751566\" crossorigin=\"anonymous\"><\/script><ins class=\"adsbygoogle\" style=\"display:block;\" data-ad-client=\"ca-pub-8787528412751566\" \ndata-ad-slot=\"\" \ndata-ad-format=\"auto\"><\/ins>\n<script> \n(adsbygoogle = window.adsbygoogle || []).push({}); \n<\/script>\n<\/div>\n<h2 class=\"wp-block-heading\">Natural de Santa Rosa, no RS, fisiculturista Daniela Schulz Fodra \u00e9 velada com o marido policial rodovi\u00e1rio, Hiales Carpine Froda. Vel\u00f3rio continua nesta ter\u00e7a-feira (13) na cidade de Moreira Sales, no Paran\u00e1.<\/h2>\n\n\n\n<p>Uma fita branca com alian\u00e7as une dois caix\u00f5es de um casal v\u00edtima da&nbsp;<a class=\"\" href=\"https:\/\/g1.globo.com\/sp\/campinas-regiao\/noticia\/2024\/08\/09\/acidente-aviao-vinhedo.ghtml\">queda do avi\u00e3o ATR-72 da Voepass<\/a>, em&nbsp;<a class=\"\" href=\"https:\/\/g1.globo.com\/sp\/campinas-regiao\/cidade\/vinhedo\/\">Vinhedo (SP)<\/a>, na sexta-feira (9).<\/p>\n\n\n\n<p>Os corpos da fisiculturista Daniela Schulz Froda e do marido dela, o policial rodovi\u00e1rio Hiales Carpine Froda, foram velados na segunda-feira (12) em\u00a0<a class=\"\" href=\"https:\/\/g1.globo.com\/rs\/rio-grande-do-sul\/cidade\/santa-rosa-rs\/\">Santa Rosa<\/a>, Noroeste do Rio Grande do Sul, cidade onde a mulher nasceu.<\/p>\n\n\n\n<p>H\u00e1 cinco anos, eles moravam no munic\u00edpio de Ubirat\u00e3, no Paran\u00e1. Eles iriam para os Estados Unidos para Daniela participar de uma competi\u00e7\u00e3o.<\/p>\n\n\n\n<p>Na despedida, amigos e parentes de Daniela prestaram homenagens \u00e0s v\u00edtimas.<\/p>\n\n\n\n<blockquote class=\"wp-block-quote is-layout-flow wp-block-quote-is-layout-flow\">\n<p>&#8220;Quando ela conheceu esse marido dela, o Hiales, eu trabalhava no hospital de telefonista. Nunca me esque\u00e7o que ela chegou l\u00e1 em um s\u00e1bado de tarde com ele e disse: &#8216;dinda, vim trazer meu namorado pra ti conhecer'&#8221;, contou a madrinha da fisiculturista, F\u00e1tima Corr\u00eaa.<\/p>\n<\/blockquote>\n\n\n\n<p>A irm\u00e3 de Daniela conta que, h\u00e1 pouco mais de 10 dias, a fam\u00edlia foi ao Paran\u00e1 visitar Daniela.<\/p>\n\n\n\n<blockquote class=\"wp-block-quote is-layout-flow wp-block-quote-is-layout-flow\">\n<p>&#8220;Se a gente soubesse que aquele abra\u00e7o seria o \u00faltimo, teria ficado mais tempo com ela abra\u00e7ando&#8230; mas eu acho que foi bom [ter ocorrido] essa viagem porque foi a nossa despedida, e foi muito bom, que a gente aproveitou cada momento com eles&#8221;, relembra.<\/p>\n<\/blockquote>\n\n\n\n<p><strong>O vel\u00f3rio continua nesta ter\u00e7a-feira (13) na cidade de\u00a0Moreira Sales<\/strong>, no Paran\u00e1. O sepultamento do casal tamb\u00e9m ser\u00e1 no mesmo dia, \u00e0s 10h, na cidade paranaense.<\/p>\n\n\n\n<p>Inicialmente, a companhia a\u00e9rea disse que 62 pessoas tinham morrido no acidente. Ainda na sexta-feira, a lista foi corrigida para 61 v\u00edtimas, mas\u00a0o n\u00famero foi atualizado na manh\u00e3 deste s\u00e1bado (10), aumentando novamente para\u00a0<strong>62 mortos<\/strong>\u00a0\u2014 58 passageiros e 4 tripulantes.<\/p>\n\n\n\n<p>Daniela\u00a0publicou os momentos anteriores ao embarque no avi\u00e3o\u00a0que saiu de Cascavel. No v\u00eddeo, comenta sobre a viagem que faria com o esposo e a escala de voo que teriam em Guarulhos.\u00a0<\/p>\n\n\n\n<figure class=\"wp-block-image size-full is-resized\"><img loading=\"lazy\" decoding=\"async\" width=\"800\" height=\"450\" src=\"https:\/\/imais.online\/portal\/wp-content\/uploads\/2024\/08\/fisculturista-e-marido_widelg.jpg\" alt=\"\" class=\"wp-image-24063\" style=\"aspect-ratio:1.7777777777777777;width:740px;height:auto\" srcset=\"https:\/\/imais.online\/portal\/wp-content\/uploads\/2024\/08\/fisculturista-e-marido_widelg.jpg 800w, https:\/\/imais.online\/portal\/wp-content\/uploads\/2024\/08\/fisculturista-e-marido_widelg-300x169.jpg 300w, https:\/\/imais.online\/portal\/wp-content\/uploads\/2024\/08\/fisculturista-e-marido_widelg-768x432.jpg 768w\" sizes=\"auto, (max-width: 800px) 100vw, 800px\" \/><\/figure>\n\n\n\n<p class=\"has-small-font-size\"><strong>Hiales Carpine Fodra e Daniela Schulz &#8211; Foto: Reprodu\u00e7\u00e3o\/Instagram<\/strong><\/p>\n\n\n\n<p>Outros tr\u00eas ga\u00fachos estavam no voo:<\/p>\n\n\n\n<ul class=\"wp-block-list\">\n<li><strong>Andr\u00e9 Armindo Michel<\/strong>, representante comercial de 52 anos que nasceu e morava em Campo Bom;<\/li>\n\n\n\n<li><strong>Debora Soper Avila<\/strong>, de 29 anos. Ela era uma das comiss\u00e1rias de bordo do avi\u00e3o, natural de Porto Alegre;<\/li>\n\n\n\n<li><strong>Diogo Avila<\/strong>, pelotense de 42 anos que estava construindo uma carreira na ind\u00fastria farmac\u00eautica.<\/li>\n<\/ul>\n\n\n\n<p>Os familiares ainda aguardam a libera\u00e7\u00e3o dos corpos.<\/p>\n\n\n\n<h2 class=\"wp-block-heading\">Como foi a queda<\/h2>\n\n\n\n<figure class=\"wp-block-image\"><img decoding=\"async\" src=\"https:\/\/s2-g1.glbimg.com\/fhgTuGjkDJHVSciVWBiWn2EsMTE=\/0x0:1599x899\/984x0\/smart\/filters:strip_icc()\/i.s3.glbimg.com\/v1\/AUTH_59edd422c0c84a879bd37670ae4f538a\/internal_photos\/bs\/2024\/2\/H\/aP4jN3SvW6XShicaKsBg\/whatsapp-image-2024-08-09-at-16.12.51.jpeg\" alt=\"Avi\u00e3o que caiu em Vinhedo, SP, ficou destru\u00eddo \u2014 Foto: Arquivo pessoal\"\/><\/figure>\n\n\n\n<p>Avi\u00e3o que caiu em Vinhedo, SP, ficou destru\u00eddo \u2014 Foto: Arquivo pessoal<\/p>\n\n\n\n<p>Segundo a For\u00e7a A\u00e9rea Brasileira (FAB), o voo ocorreu dentro da normalidade at\u00e9 as 13h20, mas a partir das 13h21\u00a0a aeronave n\u00e3o respondeu \u00e0s chamadas da torre de S\u00e3o Paulo, bem como n\u00e3o declarou emerg\u00eancia\u00a0ou reportou estar sob condi\u00e7\u00f5es meteorol\u00f3gicas adversas. &#8220;A perda do contato radar ocorreu \u00e0s 13h22&#8221;.<\/p>\n\n\n\n<p>A aeronave caiu em um condom\u00ednio no bairro Capela, em Vinhedo, e pertence \u00e0 companhia a\u00e9rea Voespass Linhas A\u00e9reas, antiga Passaredo. De acordo com a empresa, as v\u00edtimas estavam em um avi\u00e3o turbo\u00e9lice de passageiros, modelo ATR-72.<\/p>\n\n\n\n<p>O avi\u00e3o saiu de Cascavel \u00e0s 11h46 e pousaria em Guarulhos.<\/p>\n\n\n\n<p>A Ag\u00eancia Nacional de Avia\u00e7\u00e3o Civil (Anac) lamentou o acidente e disse que vai monitorar &#8220;a presta\u00e7\u00e3o do atendimento \u00e0s v\u00edtimas e seus familiares pela empresa, bem como adotando as provid\u00eancias necess\u00e1rias para averigua\u00e7\u00e3o da situa\u00e7\u00e3o da aeronave e dos tripulantes&#8221;.<\/p>\n\n\n\n<p>A\u00a0Pol\u00edcia Federal (PF) instaurou inqu\u00e9rito\u00a0para investigar o acidente.\u00a0Um &#8216;gabinete de crise&#8217; foi montado pela corpora\u00e7\u00e3o na casa de um morador\u00a0dentro do condom\u00ednio onde houve a trag\u00e9dia.<\/p>\n\n\n\n<p>No in\u00edcio da noite de sexta,\u00a0a FAB confirmou ter encontrado as caixas-pretas, que depois seriam enviadas a Bras\u00edlia.<\/p>\n\n\n\n<p>Fonte G1<\/p>\n","protected":false},"excerpt":{"rendered":"<p>Natural de Santa Rosa, no RS, fisiculturista Daniela Schulz Fodra \u00e9 velada com o marido policial rodovi\u00e1rio, Hiales Carpine Froda. Vel\u00f3rio continua nesta ter\u00e7a-feira (13) na cidade de Moreira Sales, no Paran\u00e1. Uma fita branca com alian\u00e7as une dois caix\u00f5es de um casal v\u00edtima da&nbsp;queda do avi\u00e3o ATR-72 da Voepass, em&nbsp;Vinhedo (SP), na sexta-feira (9). [&hellip;]<\/p>\n","protected":false},"author":8,"featured_media":24064,"comment_status":"closed","ping_status":"open","sticky":false,"template":"","format":"standard","meta":{"rop_custom_images_group":[],"rop_custom_messages_group":[],"rop_publish_now":"initial","rop_publish_now_accounts":[],"rop_publish_now_history":[],"rop_publish_now_status":"pending","footnotes":""},"categories":[237],"tags":[],"class_list":["post-24062","post","type-post","status-publish","format-standard","has-post-thumbnail","hentry","category-luto"],"amp_enabled":true,"_links":{"self":[{"href":"https:\/\/imais.online\/portal\/wp-json\/wp\/v2\/posts\/24062","targetHints":{"allow":["GET"]}}],"collection":[{"href":"https:\/\/imais.online\/portal\/wp-json\/wp\/v2\/posts"}],"about":[{"href":"https:\/\/imais.online\/portal\/wp-json\/wp\/v2\/types\/post"}],"author":[{"embeddable":true,"href":"https:\/\/imais.online\/portal\/wp-json\/wp\/v2\/users\/8"}],"replies":[{"embeddable":true,"href":"https:\/\/imais.online\/portal\/wp-json\/wp\/v2\/comments?post=24062"}],"version-history":[{"count":1,"href":"https:\/\/imais.online\/portal\/wp-json\/wp\/v2\/posts\/24062\/revisions"}],"predecessor-version":[{"id":24065,"href":"https:\/\/imais.online\/portal\/wp-json\/wp\/v2\/posts\/24062\/revisions\/24065"}],"wp:featuredmedia":[{"embeddable":true,"href":"https:\/\/imais.online\/portal\/wp-json\/wp\/v2\/media\/24064"}],"wp:attachment":[{"href":"https:\/\/imais.online\/portal\/wp-json\/wp\/v2\/media?parent=24062"}],"wp:term":[{"taxonomy":"category","embeddable":true,"href":"https:\/\/imais.online\/portal\/wp-json\/wp\/v2\/categories?post=24062"},{"taxonomy":"post_tag","embeddable":true,"href":"https:\/\/imais.online\/portal\/wp-json\/wp\/v2\/tags?post=24062"}],"curies":[{"name":"wp","href":"https:\/\/api.w.org\/{rel}","templated":true}]}}