{"id":24085,"date":"2024-08-14T09:37:22","date_gmt":"2024-08-14T12:37:22","guid":{"rendered":"https:\/\/imais.online\/portal\/?p=24085"},"modified":"2024-08-14T09:37:23","modified_gmt":"2024-08-14T12:37:23","slug":"apos-recordes-de-frio-temperaturas-voltam-a-ficar-mais-amenas-nesta-quarta","status":"publish","type":"post","link":"https:\/\/imais.online\/portal\/apos-recordes-de-frio-temperaturas-voltam-a-ficar-mais-amenas-nesta-quarta\/","title":{"rendered":"Ap\u00f3s recordes de frio, temperaturas voltam a ficar mais amenas nesta quarta"},"content":{"rendered":"<div class=\"imais-before-content-placement\" id=\"imais-2490218265\"><script async src=\"\/\/pagead2.googlesyndication.com\/pagead\/js\/adsbygoogle.js?client=ca-pub-8787528412751566\" crossorigin=\"anonymous\"><\/script><ins class=\"adsbygoogle\" style=\"display:block;\" data-ad-client=\"ca-pub-8787528412751566\" \ndata-ad-slot=\"\" \ndata-ad-format=\"auto\"><\/ins>\n<script> \n(adsbygoogle = window.adsbygoogle || []).push({}); \n<\/script>\n<\/div>\n<h2 class=\"wp-block-heading\">Algumas capitais do Sul e do Sudeste ainda podem registrar novos recordes nesta madrugada. Fim de semana deve ser de calor.<\/h2>\n\n\n\n<p>Depois de uma ter\u00e7a-feira com\u00a0algumas capitais registrando as menores temperaturas do ano, o tempo deve voltar a ficar mais ameno nesta quarta-feira (14).<\/p>\n\n\n\n<p>F\u00e1bio Luengo, meteorologista da Climatempo, explica que a quarta-feira deve marcar o come\u00e7o de uma transi\u00e7\u00e3o: depois de uma sequ\u00eancia de dias frios, a previs\u00e3o indica a aproxima\u00e7\u00e3o de uma nova fase de calor.<\/p>\n\n\n\n<blockquote class=\"wp-block-quote is-layout-flow wp-block-quote-is-layout-flow\">\n<p>&#8220;A manh\u00e3 desta quarta ainda deve ser fria, mas na parte da tarde a tend\u00eancia j\u00e1 \u00e9 esquentar&#8221;, analisa Luengo.<\/p>\n<\/blockquote>\n\n\n\n<figure class=\"wp-block-image\"><img decoding=\"async\" src=\"https:\/\/s2-g1.glbimg.com\/GmAXspwhMx6PdRKo7gTYHD6orcU=\/0x0:4000x2252\/984x0\/smart\/filters:strip_icc()\/i.s3.glbimg.com\/v1\/AUTH_59edd422c0c84a879bd37670ae4f538a\/internal_photos\/bs\/2024\/L\/e\/nSj5SKSuqKV7BiQG93GA\/mycchel-legnaghisao-joaquim-onlinedivulgacao.jpeg\" alt=\"Geada no Vale do Caminhos da Neve, em S\u00e3o Joaquim, na Serra de SC \u2014 Foto: Mycchel LegnaghiS\u00e3o Joaquim OnlineDivulga\u00e7\u00e3o\"\/><\/figure>\n\n\n\n<p class=\"has-small-font-size\">Geada no Vale do Caminhos da Neve, em S\u00e3o Joaquim, na Serra de SC \u2014 Foto: Mycchel LegnaghiS\u00e3o Joaquim OnlineDivulga\u00e7\u00e3o<\/p>\n\n\n\n<p>\ud83e\udd76Segundo o Instituto Nacional de Meteorologia (Inmet), a cidade de S\u00e3o Paulo, por exemplo, pode\u00a0registrar um novo recorde de frio nesta quarta. A expectativa \u00e9 que a<strong>\u00a0capital paulista registre m\u00ednima de 5\u00b0C<\/strong>.<\/p>\n\n\n\n<blockquote class=\"wp-block-quote is-layout-flow wp-block-quote-is-layout-flow\">\n<p>A partir de quinta (15), a previs\u00e3o \u00e9 que as&nbsp;<strong>temperaturas voltem a ficar mais elevadas no Centro-Sul<\/strong>. No fim de semana, as&nbsp;<strong>m\u00e1ximas devem ser superiores a 30\u00b0C<\/strong>.<\/p>\n<\/blockquote>\n\n\n\n<p><strong>\ud83c\udf28\ufe0f<\/strong>Al\u00e9m de S\u00e3o Paulo,&nbsp;<strong>outras quatro capitais podem ter novos recordes de baixas temperaturas<\/strong>&nbsp;nesta quarta, de acordo com a Climatempo:<\/p>\n\n\n\n<ul class=\"wp-block-list\">\n<li><strong>Curitiba<\/strong>: previs\u00e3o de 1\u00b0C (recorde atual: 1,3\u00b0C 13\/8\/24)<\/li>\n\n\n\n<li><strong>Rio de Janeiro<\/strong>: previs\u00e3o de 8\u00b0C (recorde atual: 8,3\u00b0C 13\/8\/24)<\/li>\n\n\n\n<li><strong>Belo Horizonte<\/strong>: previs\u00e3o de 9\u00b0C (recorde atual: 13,0\u00b0C 11\/8\/24)<\/li>\n\n\n\n<li><strong>Vit\u00f3ria<\/strong>: previs\u00e3o de 15\u00b0C (recorde atual: 17,8\u00b0C 11\/8\/24)<\/li>\n<\/ul>\n\n\n\n<h2 class=\"wp-block-heading\">Risco de geada<\/h2>\n\n\n\n<p>Com previs\u00e3o de uma madrugada e manh\u00e3 ainda muito frias, h\u00e1 novamente&nbsp;<strong>expectativa para geadas no Sul e Sudeste<\/strong>.<\/p>\n\n\n\n<p>A&nbsp;<strong>faixa leste do Rio Grande do Sul, de Santa Catarina e do Paran\u00e1<\/strong>&nbsp;\u00e9 a que deve sofrer mais com as baixas temperaturas. Nessas regi\u00f5es, h\u00e1&nbsp;<strong>risco de perda de planta\u00e7\u00f5es<\/strong>, de acordo com o Inmet. As&nbsp;<strong>temperaturas m\u00ednimas devem ficar entre 3\u00b0C e 0\u00b0C<\/strong>.<\/p>\n\n\n\n<figure class=\"wp-block-image\"><img decoding=\"async\" src=\"https:\/\/s2-g1.glbimg.com\/I-ZNWjYQRZYcnsu3O4Hc-Tmh6jg=\/0x0:553x574\/984x0\/smart\/filters:strip_icc()\/i.s3.glbimg.com\/v1\/AUTH_59edd422c0c84a879bd37670ae4f538a\/internal_photos\/bs\/2024\/N\/5\/SClnVzTPAGKAYmfYV6LA\/whatsapp-image-2024-08-13-at-16.21.21.jpeg\" alt=\"Geada deve ser mais intensa na faixa leste do estados do Sul do Brasil. \u2014 Foto: Inmet\"\/><\/figure>\n\n\n\n<p>Geada deve ser mais intensa na faixa leste do estados do Sul do Brasil. \u2014 Foto: Inmet<\/p>\n\n\n\n<p>J\u00e1 na&nbsp;<strong>faixa oeste dos estados do Sul<\/strong>, as m\u00ednimas registradas devem ficar na casa dos 3\u00b0C. H\u00e1 risco leve de perda das planta\u00e7\u00f5es por conta das geadas esperadas.<\/p>\n\n\n\n<p>O mesmo est\u00e1 previsto para o sul de S\u00e3o Paulo e tamb\u00e9m para o Tri\u00e2ngulo Mineiro.<\/p>\n\n\n\n<p>\u2744\ufe0fA&nbsp;<strong>geada&nbsp;<\/strong>acontece quando uma<strong>&nbsp;fina camada de gelo se acumula nas superf\u00edcies<\/strong>&nbsp;por conta da intensa redu\u00e7\u00e3o de temperatura combinada \u00e0 elevada umidade do ar.<\/p>\n\n\n\n<h2 class=\"wp-block-heading\">Recorde de baixas temperaturas<\/h2>\n\n\n\n<p>A nova massa de ar frio, que\u00a0avan\u00e7ou devido a um ciclone extratropical em alto mar, fez com que quatro capitais registrassem as menores temperaturas do ano nesta ter\u00e7a:<\/p>\n\n\n\n<ul class=\"wp-block-list\">\n<li>\ud83e\udd76<strong>&nbsp;Curitiba:&nbsp;<\/strong>1,3\u00baC. O recorde anterior era de 1,7\u00baC em 30 de junho.<\/li>\n\n\n\n<li>\ud83e\udd76<strong>\u00a0Florian\u00f3polis:<\/strong>\u00a05,5\u00baC. O recorde anterior era de 6,4\u00baC em 1 de julho.<\/li>\n\n\n\n<li>\ud83e\udd76<strong>\u00a0Goi\u00e2nia:<\/strong>\u00a06,2\u00baC. O recorde anterior era de 14,2\u00baC em 19 de junho.<\/li>\n\n\n\n<li>\ud83e\udd76&nbsp;<strong>Rio de Janeiro:<\/strong>&nbsp;8,3\u00baC. O recorde anterior era de 10,2\u00baC em 11 de agosto.<\/li>\n<\/ul>\n\n\n\n<p>Com 8,3\u00baC, o Rio de Janeiro teve nesta ter\u00e7a a<strong>&nbsp;madrugada mais fria em 13 anos<\/strong>. A cidade n\u00e3o tinha uma madrugada t\u00e3o gelada desde 9 de julho de 2011, quando a m\u00ednima foi de 8,1\u00b0C. Segundo a previs\u00e3o do tempo, um novo recorde tamb\u00e9m pode ser batido nesta quarta (14).<\/p>\n\n\n\n<p>S\u00e3o Paulo bateu o recorde no \u00faltimo domingo (11). Foi a\u00a0madrugada mais fria desde 2022, com os term\u00f4metros marcando 7\u00baC. Nesta ter\u00e7a (13), a temperatura subiu um pouco e ficou em 8,2\u00baC.<\/p>\n\n\n\n<p>Fonte G1<\/p>\n","protected":false},"excerpt":{"rendered":"<p>Algumas capitais do Sul e do Sudeste ainda podem registrar novos recordes nesta madrugada. Fim de semana deve ser de calor. Depois de uma ter\u00e7a-feira com\u00a0algumas capitais registrando as menores temperaturas do ano, o tempo deve voltar a ficar mais ameno nesta quarta-feira (14). F\u00e1bio Luengo, meteorologista da Climatempo, explica que a quarta-feira deve marcar [&hellip;]<\/p>\n","protected":false},"author":8,"featured_media":24086,"comment_status":"closed","ping_status":"open","sticky":false,"template":"","format":"standard","meta":{"rop_custom_images_group":[],"rop_custom_messages_group":[],"rop_publish_now":"initial","rop_publish_now_accounts":[],"rop_publish_now_history":[],"rop_publish_now_status":"pending","footnotes":""},"categories":[189],"tags":[73],"class_list":["post-24085","post","type-post","status-publish","format-standard","has-post-thumbnail","hentry","category-brasil","tag-featured"],"amp_enabled":true,"_links":{"self":[{"href":"https:\/\/imais.online\/portal\/wp-json\/wp\/v2\/posts\/24085","targetHints":{"allow":["GET"]}}],"collection":[{"href":"https:\/\/imais.online\/portal\/wp-json\/wp\/v2\/posts"}],"about":[{"href":"https:\/\/imais.online\/portal\/wp-json\/wp\/v2\/types\/post"}],"author":[{"embeddable":true,"href":"https:\/\/imais.online\/portal\/wp-json\/wp\/v2\/users\/8"}],"replies":[{"embeddable":true,"href":"https:\/\/imais.online\/portal\/wp-json\/wp\/v2\/comments?post=24085"}],"version-history":[{"count":1,"href":"https:\/\/imais.online\/portal\/wp-json\/wp\/v2\/posts\/24085\/revisions"}],"predecessor-version":[{"id":24087,"href":"https:\/\/imais.online\/portal\/wp-json\/wp\/v2\/posts\/24085\/revisions\/24087"}],"wp:featuredmedia":[{"embeddable":true,"href":"https:\/\/imais.online\/portal\/wp-json\/wp\/v2\/media\/24086"}],"wp:attachment":[{"href":"https:\/\/imais.online\/portal\/wp-json\/wp\/v2\/media?parent=24085"}],"wp:term":[{"taxonomy":"category","embeddable":true,"href":"https:\/\/imais.online\/portal\/wp-json\/wp\/v2\/categories?post=24085"},{"taxonomy":"post_tag","embeddable":true,"href":"https:\/\/imais.online\/portal\/wp-json\/wp\/v2\/tags?post=24085"}],"curies":[{"name":"wp","href":"https:\/\/api.w.org\/{rel}","templated":true}]}}