{"id":24094,"date":"2024-08-14T10:01:12","date_gmt":"2024-08-14T13:01:12","guid":{"rendered":"https:\/\/imais.online\/portal\/?p=24094"},"modified":"2024-08-14T10:01:12","modified_gmt":"2024-08-14T13:01:12","slug":"senado-aprova-marco-legal-da-seguranca-privada-apos-14-anos-de-discussao","status":"publish","type":"post","link":"https:\/\/imais.online\/portal\/senado-aprova-marco-legal-da-seguranca-privada-apos-14-anos-de-discussao\/","title":{"rendered":"Senado aprova marco legal da seguran\u00e7a privada ap\u00f3s 14 anos de discuss\u00e3o"},"content":{"rendered":"<div class=\"imais-before-content-placement\" id=\"imais-2263793286\"><script async src=\"\/\/pagead2.googlesyndication.com\/pagead\/js\/adsbygoogle.js?client=ca-pub-8787528412751566\" crossorigin=\"anonymous\"><\/script><ins class=\"adsbygoogle\" style=\"display:block;\" data-ad-client=\"ca-pub-8787528412751566\" \ndata-ad-slot=\"\" \ndata-ad-format=\"auto\"><\/ins>\n<script> \n(adsbygoogle = window.adsbygoogle || []).push({}); \n<\/script>\n<\/div>\n<h2 class=\"wp-block-heading\">Norma trata da atua\u00e7\u00e3o das empresas de seguran\u00e7a, regras para forma\u00e7\u00e3o de profissionais e uso de armas<\/h2>\n\n\n\n<p>O\u00a0Senado\u00a0aprovou nesta ter\u00e7a-feira (13) o Estatuto da Seguran\u00e7a Privada, que regulamenta a atua\u00e7\u00e3o das empresas no setor. Foram 14 anos de tramita\u00e7\u00e3o, desde a primeira vers\u00e3o da proposta, feita pelo ex-senador\u00a0Marcelo Crivella\u00a0em 2010. Entre outras coisas, o texto permite a oferta destas atividades em sedes de organiza\u00e7\u00f5es, condom\u00ednios, escrit\u00f3rios e pr\u00e9dios, exceto portarias, denominados servi\u00e7os org\u00e2nicos de\u00a0seguran\u00e7a.<\/p>\n\n\n\n<p>S\u00e3o definidos como servi\u00e7os de seguran\u00e7a privada os setores de: vigil\u00e2ncia patrimonial, seguran\u00e7a de eventos, transporte coletivo, unidades de conserva\u00e7\u00e3o, monitoramento eletr\u00f4nico, transporte de valores e escolta de bens. Para a oferta dos servi\u00e7os, \u00e9 necess\u00e1ria autoriza\u00e7\u00e3o da Pol\u00edcia Federal, que tamb\u00e9m poder\u00e1 permitir o uso de armas em transporte coletivo. A norma aprovada pro\u00edbe que a seguran\u00e7a privada seja feita por aut\u00f4nomos e cooperativas.<\/p>\n\n\n\n<p>O texto tamb\u00e9m prev\u00ea um capital m\u00ednimo de giro e veda a participa\u00e7\u00e3o de estrangeiros como votantes. Empresas de transporte de valores precisar\u00e3o de R$ 2 milh\u00f5es, gerenciamento de risco R$ 200 mil, e outras empresas R$ 500 mil, podendo ser reduzido para R$ 125 mil sem uso de armas. Escolas de forma\u00e7\u00e3o precisar\u00e3o de R$ 200 mil e monitoramento eletr\u00f4nico R$ 100 mil. Empresas com mais de um servi\u00e7o ter\u00e3o capital adicional de R$ 100 mil por servi\u00e7o.<\/p>\n\n\n\n<p>As empresas ter\u00e3o prazos de dois a tr\u00eas anos para se adaptar \u00e0s regras, a depender da natureza do servi\u00e7o prestado. O texto aprovado tamb\u00e9m prev\u00ea san\u00e7\u00f5es para infra\u00e7\u00f5es administrativas, como advert\u00eancia, multas e cancelamento de autoriza\u00e7\u00e3o.<\/p>\n\n\n\n<h3 class=\"wp-block-heading\">Tramita\u00e7\u00e3o<\/h3>\n\n\n\n<p>O texto aprovado foi o SCD 6\/2016, um substitutivo da C\u00e2mara ao PLS 135\/2010, com algumas mudan\u00e7as suprimidas. O projeto original, do ex-senador Marcelo Crivella, estabelecia um piso salarial nacional para vigilantes e foi aprovado pelo Senado em 2012. Na C\u00e2mara, foi aprovado em 2016 com regras mais abrangentes, incluindo atua\u00e7\u00e3o de empresas de seguran\u00e7a, forma\u00e7\u00e3o de profissionais, uso de armas e equipamentos controlados.<\/p>\n\n\n\n<p>O substitutivo foi aprovado pela Comiss\u00e3o de Assuntos Sociais em 2017, arquivado em 2022, desarquivado em 2023 e tramitou com urg\u00eancia em 2024. A vers\u00e3o aprovada seguiu o relat\u00f3rio do senador La\u00e9rcio Oliveira, que fez altera\u00e7\u00f5es redacionais e suprimiu mudan\u00e7as da C\u00e2mara. La\u00e9rcio destacou a necessidade de regulamenta\u00e7\u00e3o para combater a clandestinidade no setor, que conta com 3,5 milh\u00f5es de vigilantes, dos quais apenas 500 mil s\u00e3o formais.<\/p>\n\n\n\n<p>Fonte R7<\/p>\n","protected":false},"excerpt":{"rendered":"<p>Norma trata da atua\u00e7\u00e3o das empresas de seguran\u00e7a, regras para forma\u00e7\u00e3o de profissionais e uso de armas O\u00a0Senado\u00a0aprovou nesta ter\u00e7a-feira (13) o Estatuto da Seguran\u00e7a Privada, que regulamenta a atua\u00e7\u00e3o das empresas no setor. Foram 14 anos de tramita\u00e7\u00e3o, desde a primeira vers\u00e3o da proposta, feita pelo ex-senador\u00a0Marcelo Crivella\u00a0em 2010. Entre outras coisas, o texto [&hellip;]<\/p>\n","protected":false},"author":8,"featured_media":24095,"comment_status":"closed","ping_status":"open","sticky":false,"template":"","format":"standard","meta":{"rop_custom_images_group":[],"rop_custom_messages_group":[],"rop_publish_now":"initial","rop_publish_now_accounts":[],"rop_publish_now_history":[],"rop_publish_now_status":"pending","footnotes":""},"categories":[189],"tags":[],"class_list":["post-24094","post","type-post","status-publish","format-standard","has-post-thumbnail","hentry","category-brasil"],"amp_enabled":true,"_links":{"self":[{"href":"https:\/\/imais.online\/portal\/wp-json\/wp\/v2\/posts\/24094","targetHints":{"allow":["GET"]}}],"collection":[{"href":"https:\/\/imais.online\/portal\/wp-json\/wp\/v2\/posts"}],"about":[{"href":"https:\/\/imais.online\/portal\/wp-json\/wp\/v2\/types\/post"}],"author":[{"embeddable":true,"href":"https:\/\/imais.online\/portal\/wp-json\/wp\/v2\/users\/8"}],"replies":[{"embeddable":true,"href":"https:\/\/imais.online\/portal\/wp-json\/wp\/v2\/comments?post=24094"}],"version-history":[{"count":1,"href":"https:\/\/imais.online\/portal\/wp-json\/wp\/v2\/posts\/24094\/revisions"}],"predecessor-version":[{"id":24096,"href":"https:\/\/imais.online\/portal\/wp-json\/wp\/v2\/posts\/24094\/revisions\/24096"}],"wp:featuredmedia":[{"embeddable":true,"href":"https:\/\/imais.online\/portal\/wp-json\/wp\/v2\/media\/24095"}],"wp:attachment":[{"href":"https:\/\/imais.online\/portal\/wp-json\/wp\/v2\/media?parent=24094"}],"wp:term":[{"taxonomy":"category","embeddable":true,"href":"https:\/\/imais.online\/portal\/wp-json\/wp\/v2\/categories?post=24094"},{"taxonomy":"post_tag","embeddable":true,"href":"https:\/\/imais.online\/portal\/wp-json\/wp\/v2\/tags?post=24094"}],"curies":[{"name":"wp","href":"https:\/\/api.w.org\/{rel}","templated":true}]}}