{"id":24105,"date":"2024-08-17T11:52:36","date_gmt":"2024-08-17T14:52:36","guid":{"rendered":"https:\/\/imais.online\/portal\/?p=24105"},"modified":"2024-08-17T11:52:36","modified_gmt":"2024-08-17T14:52:36","slug":"morre-silvio-santos-dono-do-sbt-aos-93-anos","status":"publish","type":"post","link":"https:\/\/imais.online\/portal\/morre-silvio-santos-dono-do-sbt-aos-93-anos\/","title":{"rendered":"Morre Silvio Santos, dono do SBT, aos 93 anos"},"content":{"rendered":"<div class=\"imais-before-content-placement\" id=\"imais-874495662\"><script async src=\"\/\/pagead2.googlesyndication.com\/pagead\/js\/adsbygoogle.js?client=ca-pub-8787528412751566\" crossorigin=\"anonymous\"><\/script><ins class=\"adsbygoogle\" style=\"display:block;\" data-ad-client=\"ca-pub-8787528412751566\" \ndata-ad-slot=\"\" \ndata-ad-format=\"auto\"><\/ins>\n<script> \n(adsbygoogle = window.adsbygoogle || []).push({}); \n<\/script>\n<\/div>\n<p>Silvio Santos, um dos maiores nomes da hist\u00f3ria da TV brasileira, morreu aos 93 anos, na madrugada deste s\u00e1bado (17\/8), ap\u00f3s ser internado no Hospital Albert Einstein, em S\u00e3o Paulo.<\/p>\n\n\n\n<p>O apresentador tinha voltado \u00e0 unidade hospitalar no in\u00edcio de agosto, poucos dias depois de receber alta m\u00e9dica devido a um quadro de H1N1.<\/p>\n\n\n\n<p>Silvio Santos deixa seis filhas, que v\u00e3o continuar o legado do pai no comando do SBT.<\/p>\n\n\n\n<h3 class=\"wp-block-heading\">Trajet\u00f3ria do Homem do Ba\u00fa<\/h3>\n\n\n\n<p>Silvio Santos \u00e9 um marco na hist\u00f3ria da televis\u00e3o brasileira. Ao longo dos \u00faltimos 60 anos esteve no ar, com passagens pelas principais emissoras, incluindo a rede Globo, at\u00e9 criar sua pr\u00f3pria rede: o SBT (Sistema Brasileiro de Televis\u00e3o).<\/p>\n\n\n\n<p>Por\u00e9m, a pr\u00f3pria trajet\u00f3ria de Senor Abravanel, nome real do apresentador, daria uma s\u00e9rie de televis\u00e3o. Ou melhor, deu um seriado (O Rei da TV) e um filme, que ser\u00e1 lan\u00e7ado em 5 de setembro.<\/p>\n\n\n\n<p><a href=\"https:\/\/www.metropoles.com\/colunas\/igor-gadelha\">Igor Gadelha<\/a><\/p>\n\n\n\n<h1 class=\"wp-block-heading\">Morre Silvio Santos, dono do SBT, aos 93 anos<\/h1>\n\n\n\n<h2 class=\"wp-block-heading\">O apresentador estava internado desde o in\u00edcio de agosto, dias depois de receber alta m\u00e9dica devido a um quadro de H1N1<\/h2>\n\n\n\n<p><a href=\"https:\/\/www.metropoles.com\/author\/igor-gadelha\">Igor Gadelha<\/a><a href=\"https:\/\/www.metropoles.com\/author\/isabela-thurmann\">Isabela Thurmann<\/a><a href=\"https:\/\/www.metropoles.com\/author\/ana-raquel-lelles\">Ana Raquel Lelles<\/a><a href=\"https:\/\/www.metropoles.com\/author\/luiz-prisco\">Luiz Prisco<\/a><\/p>\n\n\n\n<p>17\/08\/2024 09:57,&nbsp;atualizado&nbsp;17\/08\/2024 10:05<\/p>\n\n\n\n<h3 class=\"wp-block-heading\">Compartilhar not\u00edcia<\/h3>\n\n\n\n<p>Lourival Ribeiro\/SBT<\/p>\n\n\n\n<figure class=\"wp-block-image\"><img decoding=\"async\" src=\"https:\/\/fly.metroimg.com\/upload\/q_85,w_700\/https:\/\/uploads.metroimg.com\/wp-content\/uploads\/2024\/08\/03151714\/Capa-Metropoles-55.jpg\" alt=\"Imagem preta e branco de Silvio Santos - Metr\u00f3poles\"\/><\/figure>\n\n\n\n<p>Silvio Santos, um dos maiores nomes da hist\u00f3ria da TV brasileira, morreu aos 93 anos, na madrugada deste s\u00e1bado (17\/8), ap\u00f3s ser internado no Hospital Albert Einstein, em S\u00e3o Paulo.<\/p>\n\n\n\n<p>O apresentador tinha voltado \u00e0 unidade hospitalar no in\u00edcio de agosto, poucos dias depois de receber alta m\u00e9dica devido a um quadro de H1N1.<\/p>\n\n\n\n<p>Silvio Santos deixa seis filhas, que v\u00e3o continuar o legado do pai no comando do SBT.<\/p>\n\n\n\n<h3 class=\"wp-block-heading\">Trajet\u00f3ria do Homem do Ba\u00fa<\/h3>\n\n\n\n<p>Silvio Santos \u00e9 um marco na hist\u00f3ria da televis\u00e3o brasileira. Ao longo dos \u00faltimos 60 anos esteve no ar, com passagens pelas principais emissoras, incluindo a rede Globo, at\u00e9 criar sua pr\u00f3pria rede: o SBT (Sistema Brasileiro de Televis\u00e3o).<\/p>\n\n\n\n<p>Por\u00e9m, a pr\u00f3pria trajet\u00f3ria de Senor Abravanel, nome real do apresentador, daria uma s\u00e9rie de televis\u00e3o. Ou melhor, deu um seriado (O Rei da TV) e um filme, que ser\u00e1 lan\u00e7ado em 5 de setembro.Play Video<\/p>\n\n\n\n<p>Filho do casal Alberto Abravanel e Rebeca Caro, Senor Abravanel nasceu no Rio de Janeiro em 12 de dezembro de 1930. Desde cedo se envolveu nos neg\u00f3cios para ajudar a fam\u00edlia.<\/p>\n\n\n\n<p>Um dos cap\u00edtulos mais conhecidos de sua vida envolve a juventude, quando trabalhou como camel\u00f4 nas ruas da capital carioca \u2013 vendendo capas para T\u00edtulos de Eleitor.<\/p>\n\n\n\n<p>O nome art\u00edstico Silvio Santos surgiu quando a carreira no r\u00e1dio e televis\u00e3o virou uma op\u00e7\u00e3o para o vendedor aumentar seus lucros. Assim, Silvio, depois da parceria com Manoel da N\u00f3brega, estreou nas telinhas em 1962, no programa Vamos Brincar de Forca, na TV Paulista. No ano seguinte, estreou o Programa Silvio Santos, que, desde 1963, est\u00e1 no ar no pa\u00eds.<\/p>\n\n\n\n<p>Para Maur\u00edcio Stycer, bi\u00f3grafo do apresentador e autor do livro Topa Tudo Por Dinheiro, Silvio buscou a televis\u00e3o e o r\u00e1dio como uma maneira de ampliar os neg\u00f3cios e conseguir o pr\u00f3prio canal.<\/p>\n\n\n\n<p>Percebendo o sucesso da empreitada, Silvio Santos decidiu dobrar a aposta e passou a lutar para criar uma rede de televis\u00e3o.<\/p>\n\n\n\n<p>O sonho come\u00e7ou em 1976, quando o general Ernesto Geisel, um dos presidente do per\u00edodo da ditadura militar, concedeu ao comunicador a TVS (TV Studios) do Rio de Janeiro. Quase cinco anos depois, em 1981, o Patr\u00e3o fundou o SBT.<\/p>\n\n\n\n<p>Fonte: Metropoles<\/p>\n","protected":false},"excerpt":{"rendered":"<p>Silvio Santos, um dos maiores nomes da hist\u00f3ria da TV brasileira, morreu aos 93 anos, na madrugada deste s\u00e1bado (17\/8), ap\u00f3s ser internado no Hospital Albert Einstein, em S\u00e3o Paulo. O apresentador tinha voltado \u00e0 unidade hospitalar no in\u00edcio de agosto, poucos dias depois de receber alta m\u00e9dica devido a um quadro de H1N1. Silvio [&hellip;]<\/p>\n","protected":false},"author":7,"featured_media":24106,"comment_status":"closed","ping_status":"open","sticky":false,"template":"","format":"standard","meta":{"rop_custom_images_group":[],"rop_custom_messages_group":[],"rop_publish_now":"initial","rop_publish_now_accounts":[],"rop_publish_now_history":[],"rop_publish_now_status":"pending","footnotes":""},"categories":[189],"tags":[73],"class_list":["post-24105","post","type-post","status-publish","format-standard","has-post-thumbnail","hentry","category-brasil","tag-featured"],"amp_enabled":true,"_links":{"self":[{"href":"https:\/\/imais.online\/portal\/wp-json\/wp\/v2\/posts\/24105","targetHints":{"allow":["GET"]}}],"collection":[{"href":"https:\/\/imais.online\/portal\/wp-json\/wp\/v2\/posts"}],"about":[{"href":"https:\/\/imais.online\/portal\/wp-json\/wp\/v2\/types\/post"}],"author":[{"embeddable":true,"href":"https:\/\/imais.online\/portal\/wp-json\/wp\/v2\/users\/7"}],"replies":[{"embeddable":true,"href":"https:\/\/imais.online\/portal\/wp-json\/wp\/v2\/comments?post=24105"}],"version-history":[{"count":1,"href":"https:\/\/imais.online\/portal\/wp-json\/wp\/v2\/posts\/24105\/revisions"}],"predecessor-version":[{"id":24107,"href":"https:\/\/imais.online\/portal\/wp-json\/wp\/v2\/posts\/24105\/revisions\/24107"}],"wp:featuredmedia":[{"embeddable":true,"href":"https:\/\/imais.online\/portal\/wp-json\/wp\/v2\/media\/24106"}],"wp:attachment":[{"href":"https:\/\/imais.online\/portal\/wp-json\/wp\/v2\/media?parent=24105"}],"wp:term":[{"taxonomy":"category","embeddable":true,"href":"https:\/\/imais.online\/portal\/wp-json\/wp\/v2\/categories?post=24105"},{"taxonomy":"post_tag","embeddable":true,"href":"https:\/\/imais.online\/portal\/wp-json\/wp\/v2\/tags?post=24105"}],"curies":[{"name":"wp","href":"https:\/\/api.w.org\/{rel}","templated":true}]}}